{"id":66399,"date":"2026-04-22T15:59:45","date_gmt":"2026-04-22T18:59:45","guid":{"rendered":"https:\/\/radiorevelacionfm.cl\/?p=66399"},"modified":"2026-04-22T15:59:45","modified_gmt":"2026-04-22T18:59:45","slug":"este-26-de-abril-2026-se-reduce-la-jornada-laboral-de-44-a-42-horas-semanales","status":"publish","type":"post","link":"https:\/\/radiorevelacionfm.cl\/?p=66399","title":{"rendered":"Este 26 de abril 2026 se reduce la jornada laboral de 44 a 42 horas semanales"},"content":{"rendered":"<div class=\"flex_column av_one_full  flex_column_div av-zero-column-padding first  avia-builder-el-0  el_before_av_one_full  avia-builder-el-first  \" style='border-radius:0px; '><div  class='avia-image-container  av-styling-    avia-builder-el-1  avia-builder-el-no-sibling  avia-align-center '  itemprop=\"image\" itemscope=\"itemscope\" itemtype=\"https:\/\/schema.org\/ImageObject\"  ><div class='avia-image-container-inner'><div class='avia-image-overlay-wrap'><img decoding=\"async\" class='wp-image-66400 avia-img-lazy-loading-not-66400 avia_image' src=\"https:\/\/radiorevelacionfm.cl\/wp-content\/uploads\/2026\/04\/grafica-40-horas-dt-1_optimized-1.jpeg\" alt='' title='grafica-40-horas-dt-(1)_optimized (1)' height=\"600\" width=\"876\"  itemprop=\"thumbnailUrl\" srcset=\"https:\/\/radiorevelacionfm.cl\/wp-content\/uploads\/2026\/04\/grafica-40-horas-dt-1_optimized-1.jpeg 876w, https:\/\/radiorevelacionfm.cl\/wp-content\/uploads\/2026\/04\/grafica-40-horas-dt-1_optimized-1-300x205.jpeg 300w, https:\/\/radiorevelacionfm.cl\/wp-content\/uploads\/2026\/04\/grafica-40-horas-dt-1_optimized-1-768x526.jpeg 768w, https:\/\/radiorevelacionfm.cl\/wp-content\/uploads\/2026\/04\/grafica-40-horas-dt-1_optimized-1-705x483.jpeg 705w, https:\/\/radiorevelacionfm.cl\/wp-content\/uploads\/2026\/04\/grafica-40-horas-dt-1_optimized-1-450x308.jpeg 450w, https:\/\/radiorevelacionfm.cl\/wp-content\/uploads\/2026\/04\/grafica-40-horas-dt-1_optimized-1-600x411.jpeg 600w\" sizes=\"(max-width: 876px) 100vw, 876px\" \/><\/div><\/div><\/div><\/div><div class=\"flex_column av_one_full  flex_column_div av-zero-column-padding first  avia-builder-el-2  el_after_av_one_full  el_before_av_one_full  column-top-margin\" style='border-radius:0px; '><section class=\"av_textblock_section \"  itemscope=\"itemscope\" itemtype=\"https:\/\/schema.org\/BlogPosting\" itemprop=\"blogPost\" ><div class='avia_textblock  '   itemprop=\"text\" ><p style=\"font-weight: 400; text-align: center;\"><span style=\"font-size: 18pt;\"><strong>Este 26 de abril 2026 se reduce la jornada laboral de 44 a 42 horas semanales<\/strong><\/span><\/p>\n<p style=\"font-weight: 400;\"><strong>\u00a0<\/strong><\/p>\n<div id=\"gtx-trans\" style=\"position: absolute; left: -50px; top: 4.31534px;\">\n<div class=\"gtx-trans-icon\"><\/div>\n<\/div>\n<\/div><\/section><\/div><div class=\"flex_column av_one_full  flex_column_div av-zero-column-padding first  avia-builder-el-4  el_after_av_one_full  el_before_av_hr  column-top-margin\" style='border-radius:0px; '><section class=\"av_textblock_section \"  itemscope=\"itemscope\" itemtype=\"https:\/\/schema.org\/BlogPosting\" itemprop=\"blogPost\" ><div class='avia_textblock  '   itemprop=\"text\" ><p style=\"font-weight: 400; text-align: justify;\"><em><strong>Desde la Seremi de Trabajo y Previsi\u00f3n Social junto a la Direcci\u00f3n del Trabajo se est\u00e1n coordinando charlas informativas luego de la publicaci\u00f3n de dos nuevos Dict\u00e1menes por parte del organismo t\u00e9cnico laboral.<\/strong><\/em><\/p>\n<p style=\"font-weight: 400; text-align: justify;\">Desde el Ministerio de Trabajo y Previsi\u00f3n Social, se confirm\u00f3 que la implementaci\u00f3n de la reducci\u00f3n de la jornada laboral continuar\u00e1 con el cronograma que posee la ley que modific\u00f3 el C\u00f3digo del Trabajo y bajo la cual fue aprobada en el Congreso Nacional, con lo cual este 26 de abril 2026 la jornada laboral semanal se debe reducir de 44 a 42 horas y el a\u00f1o 2028, de 42 a 40 horas.<\/p>\n<p style=\"font-weight: 400; text-align: justify;\">El Seremi de Trabajo y Previsi\u00f3n Social, Sebasti\u00e1n Sol\u00eds Chacano, mencion\u00f3, \u201cComo Seremi el Trabajo y Previsi\u00f3n Social de Ays\u00e9n, estamos frente a un paso muy importante que es la reducci\u00f3n horaria de la jornada laboral, que pasa de 44 a 42 horas, por lo cual es esencial que tanto empleadores como trabajadores sepan c\u00f3mo aplicarla y, por este motivo, nosotros estaremos informando a trav\u00e9s de charlas y nuestras redes sociales de este proceso\u201d.<\/p>\n<p style=\"font-weight: 400; text-align: justify;\">El Seremi de Trabajo y Previsi\u00f3n Social junto a la Direcci\u00f3n del Trabajo (DT) est\u00e1n coordinando charlas informativas luego de la publicaci\u00f3n de dos nuevos Dict\u00e1menes por parte del organismo t\u00e9cnico laboral.<\/p>\n<p style=\"font-weight: 400; text-align: justify;\">El Director del Trabajo, Christian Aros Troncoso, manifest\u00f3 al respecto, \u201cComo Direcci\u00f3n del Trabajo, esta semana, antes de la entrada en vigencia el d\u00eda 26 de abril de la rebaja horaria, hemos emitido dos dict\u00e1menes, uno que se preocupa de c\u00f3mo se debe realizar el ajuste de 44 a 42 horas y otro que regula el art\u00edculo 22 inciso segundo. Est\u00e1n disponibles en la p\u00e1gina web de la direcci\u00f3n del trabajo\u00a0<a href=\"http:\/\/www.dt.gob.cl\/\" data-saferedirecturl=\"https:\/\/www.google.com\/url?q=http:\/\/www.dt.gob.cl&amp;source=gmail&amp;ust=1776961362159000&amp;usg=AOvVaw1mQ4bOVUG_U-U-vvW4wxK1\">www.dt.gob.cl<\/a>, pero adem\u00e1s nosotros como Direcci\u00f3n Regional estamos organizando una serie de actividades para que podamos dar a conocer a la comunidad, trabajadores, empleadores y dirigentes y dirigentas sindicales, c\u00f3mo se deben realizar estos ajustes\u201d.<\/p>\n<p style=\"font-weight: 400; text-align: justify;\">Por su parte, la directiva de la C\u00e1mara de Comercio de Coyhaique se reuni\u00f3 con el Seremi Sol\u00eds e invitaron a informarse y participar de la instancia de capacitaci\u00f3n que se est\u00e1 coordinando en conjunto \u201cDesde el Comercio, Servicio, Industria y Turismo estamos preocupados por la implementaci\u00f3n este 26 de abril de la ley 40 horas. Es por ello que hacemos un llamado y una invitaci\u00f3n, adem\u00e1s a sumarte a esta capacitaci\u00f3n en dependencia de nuestro gremio, C\u00e1mara de Comercio Coyhaique este viernes a las 8:30\u201d, convoc\u00f3 su presidenta, Daissy Mondelo Duhalde.<\/p>\n<p style=\"font-weight: 400; text-align: justify;\">Entre las charlas ya coordinadas, est\u00e1n las dirigidas al sector comercio, que tal como mencion\u00f3 la dirigenta, se realizar\u00e1 este viernes 24 de abril, a las 8:30 en la C\u00e1mara de Comercio, ubicada en Avda. Arturo Prat n\u00b0 348. Para el sector construcci\u00f3n se desarrollar\u00e1 otra instancia de capacitaci\u00f3n, el mismo d\u00eda, a las 11:30, en la C\u00e1mara Chilena de la Construcci\u00f3n Coyhaique, emplazada en Magallanes n\u00b0 232, adem\u00e1s para los sindicatos, gremios y empresas integrantes del Consejo Tripartito de Usuarios de la DT. El mi\u00e9rcoles 29 de abril ser\u00e1 el turno de una charla abierta a la comunidad, que se est\u00e1 programando para las 15:30 horas en la Sede del Sindicato Fr\u00edoSur, situada en Ribera Sur, Benigno D\u00edaz n\u00b0360, Puerto Ays\u00e9n.<\/p>\n<\/div><\/section><\/div><div  style='height:50px' class='hr hr-invisible   avia-builder-el-6  el_after_av_one_full  el_before_av_social_share '><span class='hr-inner ' ><span class='hr-inner-style'><\/span><\/span><\/div><\/p>\n<div  class='av-social-sharing-box  avia-builder-el-7  el_after_av_hr  el_before_av_hr  '><div class='av-share-box'><h5 class='av-share-link-description av-no-toc '>Compartir esta noticia<\/h5><ul class='av-share-box-list noLightbox'><li class='av-share-link av-social-link-facebook' ><a target=\"_blank\" aria-label=\"Compartir en Facebook\" href='https:\/\/www.facebook.com\/sharer.php?u=https:\/\/radiorevelacionfm.cl\/?p=66399&#038;t=Este%2026%20de%20abril%202026%20se%20reduce%20la%20jornada%20laboral%20de%2044%20a%2042%20horas%20semanales' aria-hidden='false' data-av_icon='\ue8f3' data-av_iconfont='entypo-fontello' title='' data-avia-related-tooltip='Compartir en Facebook' rel=\"noopener\"><span class='avia_hidden_link_text'>Compartir en Facebook<\/span><\/a><\/li><li class='av-share-link av-social-link-twitter' ><a target=\"_blank\" aria-label=\"Compartir en Twitter\" href='https:\/\/twitter.com\/share?text=Este%2026%20de%20abril%202026%20se%20reduce%20la%20jornada%20laboral%20de%2044%20a%2042%20horas%20semanales&#038;url=https:\/\/radiorevelacionfm.cl\/?p=66399' aria-hidden='false' data-av_icon='\ue8f1' data-av_iconfont='entypo-fontello' title='' data-avia-related-tooltip='Compartir en Twitter' rel=\"noopener\"><span class='avia_hidden_link_text'>Compartir en Twitter<\/span><\/a><\/li><li class='av-share-link av-social-link-whatsapp' ><a target=\"_blank\" aria-label=\"Compartir en Whatsapp\" href='https:\/\/api.whatsapp.com\/send?text=https:\/\/radiorevelacionfm.cl\/?p=66399' aria-hidden='false' data-av_icon='\uf232' data-av_iconfont='entypo-fontello' title='' data-avia-related-tooltip='Compartir en Whatsapp' rel=\"noopener\"><span class='avia_hidden_link_text'>Compartir en Whatsapp<\/span><\/a><\/li><li class='av-share-link av-social-link-linkedin' ><a target=\"_blank\" aria-label=\"Compartir en LinkedIn\" href='https:\/\/linkedin.com\/shareArticle?mini=true&#038;title=Este%2026%20de%20abril%202026%20se%20reduce%20la%20jornada%20laboral%20de%2044%20a%2042%20horas%20semanales&#038;url=https:\/\/radiorevelacionfm.cl\/?p=66399' aria-hidden='false' data-av_icon='\ue8fc' data-av_iconfont='entypo-fontello' title='' data-avia-related-tooltip='Compartir en LinkedIn' rel=\"noopener\"><span class='avia_hidden_link_text'>Compartir en LinkedIn<\/span><\/a><\/li><li class='av-share-link av-social-link-mail' ><a  aria-label=\"Compartir por correo\" href='mailto:?subject=Este%2026%20de%20abril%202026%20se%20reduce%20la%20jornada%20laboral%20de%2044%20a%2042%20horas%20semanales&#038;body=https:\/\/radiorevelacionfm.cl\/?p=66399' aria-hidden='false' data-av_icon='\ue805' data-av_iconfont='entypo-fontello' title='' data-avia-related-tooltip='Compartir por correo'><span class='avia_hidden_link_text'>Compartir por correo<\/span><\/a><\/li><\/ul><\/div><\/div>\n<div  style='height:50px' class='hr hr-invisible   avia-builder-el-8  el_after_av_social_share  el_before_av_comments_list '><span class='hr-inner ' ><span class='hr-inner-style'><\/span><\/span><\/div>\n<div  class='av-buildercomment  av-blog-meta-html-info-disabled av-blog-meta-tag-disabled  '><\/div>\n","protected":false},"excerpt":{"rendered":"","protected":false},"author":1,"featured_media":66400,"comment_status":"closed","ping_status":"closed","sticky":false,"template":"","format":"standard","meta":{"footnotes":""},"categories":[56],"tags":[],"class_list":["post-66399","post","type-post","status-publish","format-standard","has-post-thumbnail","hentry","category-trabajo"],"jetpack_featured_media_url":"https:\/\/radiorevelacionfm.cl\/wp-content\/uploads\/2026\/04\/grafica-40-horas-dt-1_optimized-1.jpeg","_links":{"self":[{"href":"https:\/\/radiorevelacionfm.cl\/index.php?rest_route=\/wp\/v2\/posts\/66399","targetHints":{"allow":["GET"]}}],"collection":[{"href":"https:\/\/radiorevelacionfm.cl\/index.php?rest_route=\/wp\/v2\/posts"}],"about":[{"href":"https:\/\/radiorevelacionfm.cl\/index.php?rest_route=\/wp\/v2\/types\/post"}],"author":[{"embeddable":true,"href":"https:\/\/radiorevelacionfm.cl\/index.php?rest_route=\/wp\/v2\/users\/1"}],"replies":[{"embeddable":true,"href":"https:\/\/radiorevelacionfm.cl\/index.php?rest_route=%2Fwp%2Fv2%2Fcomments&post=66399"}],"version-history":[{"count":2,"href":"https:\/\/radiorevelacionfm.cl\/index.php?rest_route=\/wp\/v2\/posts\/66399\/revisions"}],"predecessor-version":[{"id":66407,"href":"https:\/\/radiorevelacionfm.cl\/index.php?rest_route=\/wp\/v2\/posts\/66399\/revisions\/66407"}],"wp:featuredmedia":[{"embeddable":true,"href":"https:\/\/radiorevelacionfm.cl\/index.php?rest_route=\/wp\/v2\/media\/66400"}],"wp:attachment":[{"href":"https:\/\/radiorevelacionfm.cl\/index.php?rest_route=%2Fwp%2Fv2%2Fmedia&parent=66399"}],"wp:term":[{"taxonomy":"category","embeddable":true,"href":"https:\/\/radiorevelacionfm.cl\/index.php?rest_route=%2Fwp%2Fv2%2Fcategories&post=66399"},{"taxonomy":"post_tag","embeddable":true,"href":"https:\/\/radiorevelacionfm.cl\/index.php?rest_route=%2Fwp%2Fv2%2Ftags&post=66399"}],"curies":[{"name":"wp","href":"https:\/\/api.w.org\/{rel}","templated":true}]}}