{"id":66396,"date":"2026-04-22T15:20:43","date_gmt":"2026-04-22T18:20:43","guid":{"rendered":"https:\/\/radiorevelacionfm.cl\/?p=66396"},"modified":"2026-04-22T15:20:43","modified_gmt":"2026-04-22T18:20:43","slug":"comunidad-del-colegio-kalem-rinde-tributo-a-la-naturaleza-en-emotiva-jornada-por-el-dia-de-la-tierra","status":"publish","type":"post","link":"https:\/\/radiorevelacionfm.cl\/?p=66396","title":{"rendered":"Comunidad del Colegio Kalem rinde tributo a la naturaleza en emotiva jornada por el D\u00eda de la Tierra"},"content":{"rendered":"<div class=\"flex_column av_one_full  flex_column_div av-zero-column-padding first  avia-builder-el-0  el_before_av_one_full  avia-builder-el-first  \" style='border-radius:0px; '><div  class='avia-image-container  av-styling-    avia-builder-el-1  avia-builder-el-no-sibling  avia-align-center '  itemprop=\"image\" itemscope=\"itemscope\" itemtype=\"https:\/\/schema.org\/ImageObject\"  ><div class='avia-image-container-inner'><div class='avia-image-overlay-wrap'><img decoding=\"async\" class='wp-image-66397 avia-img-lazy-loading-not-66397 avia_image' src=\"https:\/\/radiorevelacionfm.cl\/wp-content\/uploads\/2026\/04\/foto-4-32-1_optimized.jpeg\" alt='' title='foto-4-(32)-(1)_optimized' height=\"600\" width=\"827\"  itemprop=\"thumbnailUrl\" srcset=\"https:\/\/radiorevelacionfm.cl\/wp-content\/uploads\/2026\/04\/foto-4-32-1_optimized.jpeg 827w, https:\/\/radiorevelacionfm.cl\/wp-content\/uploads\/2026\/04\/foto-4-32-1_optimized-300x218.jpeg 300w, https:\/\/radiorevelacionfm.cl\/wp-content\/uploads\/2026\/04\/foto-4-32-1_optimized-768x557.jpeg 768w, https:\/\/radiorevelacionfm.cl\/wp-content\/uploads\/2026\/04\/foto-4-32-1_optimized-705x511.jpeg 705w, https:\/\/radiorevelacionfm.cl\/wp-content\/uploads\/2026\/04\/foto-4-32-1_optimized-450x326.jpeg 450w, https:\/\/radiorevelacionfm.cl\/wp-content\/uploads\/2026\/04\/foto-4-32-1_optimized-600x435.jpeg 600w\" sizes=\"(max-width: 827px) 100vw, 827px\" \/><\/div><\/div><\/div><\/div><div class=\"flex_column av_one_full  flex_column_div av-zero-column-padding first  avia-builder-el-2  el_after_av_one_full  el_before_av_one_full  column-top-margin\" style='border-radius:0px; '><section class=\"av_textblock_section \"  itemscope=\"itemscope\" itemtype=\"https:\/\/schema.org\/BlogPosting\" itemprop=\"blogPost\" ><div class='avia_textblock  '   itemprop=\"text\" ><p style=\"text-align: center;\"><strong><span style=\"font-size: 18pt;\">Comunidad del Colegio Kalem rinde tributo a la naturaleza en emotiva jornada por el D\u00eda de la Tierra<\/span><\/strong><\/p>\n<div id=\"gtx-trans\" style=\"position: absolute; left: -50px; top: 4.31534px;\">\n<div class=\"gtx-trans-icon\"><\/div>\n<\/div>\n<\/div><\/section><\/div><div class=\"flex_column av_one_full  flex_column_div av-zero-column-padding first  avia-builder-el-4  el_after_av_one_full  el_before_av_hr  column-top-margin\" style='border-radius:0px; '><section class=\"av_textblock_section \"  itemscope=\"itemscope\" itemtype=\"https:\/\/schema.org\/BlogPosting\" itemprop=\"blogPost\" ><div class='avia_textblock  '   itemprop=\"text\" ><p style=\"text-align: justify;\">En el marco de la conmemoraci\u00f3n internacional del <strong>D\u00eda de la Tierra<\/strong>, el Colegio Kalem llev\u00f3 a cabo una significativa intervenci\u00f3n pedag\u00f3gica orientada a fortalecer el v\u00ednculo de sus estudiantes con el entorno natural. La actividad, que involucr\u00f3 a diversos niveles educativos, busc\u00f3 generar un espacio de reflexi\u00f3n y gratitud por los recursos y la vida que el planeta nos brinda diariamente.<\/p>\n<p style=\"text-align: justify;\">La jornada se centr\u00f3 en el reconocimiento del valor de la tierra, no s\u00f3lo como un recurso, sino como un sistema vivo que requiere cuidado y respeto. A trav\u00e9s de expresiones pedag\u00f3gicas e intervenci\u00f3n directamente con elementos de la tierra, los estudiantes pudieron manifestar su agradecimiento y compromiso con la preservaci\u00f3n del ecosistema local.<\/p>\n<p style=\"text-align: justify;\"><strong>Educaci\u00f3n con Sello Verde<\/strong> Esta iniciativa forma parte integral del <strong>Sello Medioambiental<\/strong> del Colegio Kalem, el cual define la identidad de la instituci\u00f3n y gu\u00eda su proyecto educativo hacia la formaci\u00f3n de ciudadanos conscientes y responsables con su entorno.<\/p>\n<p style=\"text-align: justify;\"><strong>Sof\u00eda Carre\u00f1o, educadora de Kinder A<\/strong>, destac\u00f3 el impacto positivo que tienen estas experiencias en las etapas tempranas del desarrollo \u00abEs fundamental que nuestros ni\u00f1os y ni\u00f1as vivan estos procesos de conexi\u00f3n con la naturaleza desde la primera infancia. Realizar actividades que nos permitan agradecer lo que la tierra nos entrega no solo refuerza nuestro sello medioambiental, sino que siembra en ellos una conciencia profunda sobre el respeto a la vida. Este tipo de iniciativas son la base para que el d\u00eda de ma\u00f1ana tengamos adultos que protejan y amen su territorio\u00bb.<\/p>\n<p style=\"text-align: justify;\">Con este tipo de intervenciones, el Colegio Kalem reafirma su misi\u00f3n de liderar procesos educativos que trascienden el aula, integrando la ecolog\u00eda y la sostenibilidad como pilares fundamentales en la formaci\u00f3n de sus alumnos en la Regi\u00f3n de Ays\u00e9n.<\/p>\n<\/div><\/section><\/div><div  style='height:50px' class='hr hr-invisible   avia-builder-el-6  el_after_av_one_full  el_before_av_social_share '><span class='hr-inner ' ><span class='hr-inner-style'><\/span><\/span><\/div><\/p>\n<div  class='av-social-sharing-box  avia-builder-el-7  el_after_av_hr  el_before_av_hr  '><div class='av-share-box'><h5 class='av-share-link-description av-no-toc '>Compartir esta noticia<\/h5><ul class='av-share-box-list noLightbox'><li class='av-share-link av-social-link-facebook' ><a target=\"_blank\" aria-label=\"Compartir en Facebook\" href='https:\/\/www.facebook.com\/sharer.php?u=https:\/\/radiorevelacionfm.cl\/?p=66396&#038;t=Comunidad%20del%20Colegio%20Kalem%20rinde%20tributo%20a%20la%20naturaleza%20en%20emotiva%20jornada%20por%20el%20D%C3%ADa%20de%20la%20Tierra' aria-hidden='false' data-av_icon='\ue8f3' data-av_iconfont='entypo-fontello' title='' data-avia-related-tooltip='Compartir en Facebook' rel=\"noopener\"><span class='avia_hidden_link_text'>Compartir en Facebook<\/span><\/a><\/li><li class='av-share-link av-social-link-twitter' ><a target=\"_blank\" aria-label=\"Compartir en Twitter\" href='https:\/\/twitter.com\/share?text=Comunidad%20del%20Colegio%20Kalem%20rinde%20tributo%20a%20la%20naturaleza%20en%20emotiva%20jornada%20por%20el%20D%C3%ADa%20de%20la%20Tierra&#038;url=https:\/\/radiorevelacionfm.cl\/?p=66396' aria-hidden='false' data-av_icon='\ue8f1' data-av_iconfont='entypo-fontello' title='' data-avia-related-tooltip='Compartir en Twitter' rel=\"noopener\"><span class='avia_hidden_link_text'>Compartir en Twitter<\/span><\/a><\/li><li class='av-share-link av-social-link-whatsapp' ><a target=\"_blank\" aria-label=\"Compartir en Whatsapp\" href='https:\/\/api.whatsapp.com\/send?text=https:\/\/radiorevelacionfm.cl\/?p=66396' aria-hidden='false' data-av_icon='\uf232' data-av_iconfont='entypo-fontello' title='' data-avia-related-tooltip='Compartir en Whatsapp' rel=\"noopener\"><span class='avia_hidden_link_text'>Compartir en Whatsapp<\/span><\/a><\/li><li class='av-share-link av-social-link-linkedin' ><a target=\"_blank\" aria-label=\"Compartir en LinkedIn\" href='https:\/\/linkedin.com\/shareArticle?mini=true&#038;title=Comunidad%20del%20Colegio%20Kalem%20rinde%20tributo%20a%20la%20naturaleza%20en%20emotiva%20jornada%20por%20el%20D%C3%ADa%20de%20la%20Tierra&#038;url=https:\/\/radiorevelacionfm.cl\/?p=66396' aria-hidden='false' data-av_icon='\ue8fc' data-av_iconfont='entypo-fontello' title='' data-avia-related-tooltip='Compartir en LinkedIn' rel=\"noopener\"><span class='avia_hidden_link_text'>Compartir en LinkedIn<\/span><\/a><\/li><li class='av-share-link av-social-link-mail' ><a  aria-label=\"Compartir por correo\" href='mailto:?subject=Comunidad%20del%20Colegio%20Kalem%20rinde%20tributo%20a%20la%20naturaleza%20en%20emotiva%20jornada%20por%20el%20D%C3%ADa%20de%20la%20Tierra&#038;body=https:\/\/radiorevelacionfm.cl\/?p=66396' aria-hidden='false' data-av_icon='\ue805' data-av_iconfont='entypo-fontello' title='' data-avia-related-tooltip='Compartir por correo'><span class='avia_hidden_link_text'>Compartir por correo<\/span><\/a><\/li><\/ul><\/div><\/div>\n<div  style='height:50px' class='hr hr-invisible   avia-builder-el-8  el_after_av_social_share  el_before_av_comments_list '><span class='hr-inner ' ><span class='hr-inner-style'><\/span><\/span><\/div>\n<div  class='av-buildercomment  av-blog-meta-html-info-disabled av-blog-meta-tag-disabled  '><\/div>\n","protected":false},"excerpt":{"rendered":"","protected":false},"author":1,"featured_media":66397,"comment_status":"closed","ping_status":"closed","sticky":false,"template":"","format":"standard","meta":{"footnotes":""},"categories":[49],"tags":[],"class_list":["post-66396","post","type-post","status-publish","format-standard","has-post-thumbnail","hentry","category-educacion"],"jetpack_featured_media_url":"https:\/\/radiorevelacionfm.cl\/wp-content\/uploads\/2026\/04\/foto-4-32-1_optimized.jpeg","_links":{"self":[{"href":"https:\/\/radiorevelacionfm.cl\/index.php?rest_route=\/wp\/v2\/posts\/66396","targetHints":{"allow":["GET"]}}],"collection":[{"href":"https:\/\/radiorevelacionfm.cl\/index.php?rest_route=\/wp\/v2\/posts"}],"about":[{"href":"https:\/\/radiorevelacionfm.cl\/index.php?rest_route=\/wp\/v2\/types\/post"}],"author":[{"embeddable":true,"href":"https:\/\/radiorevelacionfm.cl\/index.php?rest_route=\/wp\/v2\/users\/1"}],"replies":[{"embeddable":true,"href":"https:\/\/radiorevelacionfm.cl\/index.php?rest_route=%2Fwp%2Fv2%2Fcomments&post=66396"}],"version-history":[{"count":2,"href":"https:\/\/radiorevelacionfm.cl\/index.php?rest_route=\/wp\/v2\/posts\/66396\/revisions"}],"predecessor-version":[{"id":66406,"href":"https:\/\/radiorevelacionfm.cl\/index.php?rest_route=\/wp\/v2\/posts\/66396\/revisions\/66406"}],"wp:featuredmedia":[{"embeddable":true,"href":"https:\/\/radiorevelacionfm.cl\/index.php?rest_route=\/wp\/v2\/media\/66397"}],"wp:attachment":[{"href":"https:\/\/radiorevelacionfm.cl\/index.php?rest_route=%2Fwp%2Fv2%2Fmedia&parent=66396"}],"wp:term":[{"taxonomy":"category","embeddable":true,"href":"https:\/\/radiorevelacionfm.cl\/index.php?rest_route=%2Fwp%2Fv2%2Fcategories&post=66396"},{"taxonomy":"post_tag","embeddable":true,"href":"https:\/\/radiorevelacionfm.cl\/index.php?rest_route=%2Fwp%2Fv2%2Ftags&post=66396"}],"curies":[{"name":"wp","href":"https:\/\/api.w.org\/{rel}","templated":true}]}}