{"id":66393,"date":"2026-04-22T15:09:28","date_gmt":"2026-04-22T18:09:28","guid":{"rendered":"https:\/\/radiorevelacionfm.cl\/?p=66393"},"modified":"2026-04-22T15:09:28","modified_gmt":"2026-04-22T18:09:28","slug":"la-junta-y-manihuales-consolidan-su-desarrollo-economico-gracias-al-programa-barrios-comerciales-de-sercotec","status":"publish","type":"post","link":"https:\/\/radiorevelacionfm.cl\/?p=66393","title":{"rendered":"La Junta y Ma\u00f1ihuales consolidan su desarrollo econ\u00f3mico gracias al programa Barrios Comerciales de Sercotec"},"content":{"rendered":"<div class=\"flex_column av_one_full  flex_column_div av-zero-column-padding first  avia-builder-el-0  el_before_av_one_full  avia-builder-el-first  \" style='border-radius:0px; '><div  class='avia-image-container  av-styling-    avia-builder-el-1  avia-builder-el-no-sibling  avia-align-center '  itemprop=\"image\" itemscope=\"itemscope\" itemtype=\"https:\/\/schema.org\/ImageObject\"  ><div class='avia-image-container-inner'><div class='avia-image-overlay-wrap'><img decoding=\"async\" class='wp-image-66394 avia-img-lazy-loading-not-66394 avia_image' src=\"https:\/\/radiorevelacionfm.cl\/wp-content\/uploads\/2026\/04\/B.C._17-1-1.jpg\" alt='' title='B.C._17 (1) (1)' height=\"600\" width=\"900\"  itemprop=\"thumbnailUrl\" srcset=\"https:\/\/radiorevelacionfm.cl\/wp-content\/uploads\/2026\/04\/B.C._17-1-1.jpg 900w, https:\/\/radiorevelacionfm.cl\/wp-content\/uploads\/2026\/04\/B.C._17-1-1-300x200.jpg 300w, https:\/\/radiorevelacionfm.cl\/wp-content\/uploads\/2026\/04\/B.C._17-1-1-768x512.jpg 768w, https:\/\/radiorevelacionfm.cl\/wp-content\/uploads\/2026\/04\/B.C._17-1-1-705x470.jpg 705w, https:\/\/radiorevelacionfm.cl\/wp-content\/uploads\/2026\/04\/B.C._17-1-1-450x300.jpg 450w, https:\/\/radiorevelacionfm.cl\/wp-content\/uploads\/2026\/04\/B.C._17-1-1-600x400.jpg 600w\" sizes=\"(max-width: 900px) 100vw, 900px\" \/><\/div><\/div><\/div><\/div><div class=\"flex_column av_one_full  flex_column_div av-zero-column-padding first  avia-builder-el-2  el_after_av_one_full  el_before_av_one_full  column-top-margin\" style='border-radius:0px; '><section class=\"av_textblock_section \"  itemscope=\"itemscope\" itemtype=\"https:\/\/schema.org\/BlogPosting\" itemprop=\"blogPost\" ><div class='avia_textblock  '   itemprop=\"text\" ><p style=\"text-align: center;\"><strong><span style=\"font-size: 18pt;\">La Junta y Ma\u00f1ihuales consolidan su desarrollo econ\u00f3mico gracias al programa Barrios Comerciales de Sercotec<\/span><\/strong><\/p>\n<div id=\"gtx-trans\" style=\"position: absolute; left: -50px; top: 4.31534px;\">\n<div class=\"gtx-trans-icon\"><\/div>\n<\/div>\n<\/div><\/section><\/div><div class=\"flex_column av_one_full  flex_column_div av-zero-column-padding first  avia-builder-el-4  el_after_av_one_full  el_before_av_hr  column-top-margin\" style='border-radius:0px; '><section class=\"av_textblock_section \"  itemscope=\"itemscope\" itemtype=\"https:\/\/schema.org\/BlogPosting\" itemprop=\"blogPost\" ><div class='avia_textblock  '   itemprop=\"text\" ><p style=\"text-align: justify;\">La asociatividad es un pilar estrat\u00e9gico para el fortalecimiento de las Mipymes, especialmente para enfrentar los desaf\u00edos que supone el aislamiento y la estacionalidad. El trabajo colaborativo, promueve la generaci\u00f3n de redes de apoyo y la diversificaci\u00f3n de la oferta local, permitiendo dinamizar la econom\u00eda y sostener la actividad durante todo el a\u00f1o. Este enfoque no solo potencia la competitividad de los emprendedores, sino que tambi\u00e9n contribuye al desarrollo equilibrado del territorio y al bienestar de sus comunidades.<\/p>\n<p style=\"text-align: justify;\">Un gran ejemplo de lo anterior es el \u201cPrograma de Fortalecimiento de Barrios Comerciales\u201d de Sercotec instrumento que busca impulsar la revitalizaci\u00f3n de zonas comerciales mediante la implementaci\u00f3n de una estrategia integral y colaborativa basada en la asociatividad entre micro y peque\u00f1as empresas, con apoyo t\u00e9cnico y financiero durante 3 a\u00f1os. En nuestra regi\u00f3n est\u00e1n finalizando su ejecuci\u00f3n 2 experiencias que se han desarrollado exitosamente; Barrio Comercial Ma\u00f1\u00edo Ruta 7 Tours en Villa Ma\u00f1ihuales y la agrupaci\u00f3n Barrio Tur\u00edstico y Comercial Cord\u00f3n Barros Arana en La Junta, quienes gracias al apoyo de este programa, han contribuido a la mejora del comercio minorista y empresas de prestaci\u00f3n de servicios. Recientemente en ambas localidades se realizaron las respectivas Cuentas P\u00fablicas para dar cuenta de la gesti\u00f3n realizada por las organizaciones, destacando avances y el evidente fortalecimiento del comercio local, con miras a quebrar la estacionalidad y potenciando la asociatividad para el desarrollo de sus emprendimientos.<\/p>\n<p style=\"text-align: justify;\">Gabriela Barrientos, Presidenta del Barrio Comercial Ma\u00f1\u00edo Ruta 7 Tours en Villa Ma\u00f1ihuales, subray\u00f3 lo positivo del programa y destac\u00f3 los positivos logros conseguidos gracias a Barrios Comerciales: \u201cHan sido tres a\u00f1os enriquecedores donde hemos logrado crecer e implementar cada uno de nuestros negocios con c\u00e1maras de seguridad, letreros corporativos, instalamos 2 t\u00f3tems informativos en lugares estrat\u00e9gicos, conseguimos firmar un convenio importante con Conaf, el que nos permiti\u00f3 instalar nuestra oficina de informaci\u00f3n tur\u00edstica, completamente equipada gracias al programa. Hoy estamos expectantes para seguir trabajando con las herramientas que adquirimos en estos tres a\u00f1os\u201d.<\/p>\n<p style=\"text-align: justify;\">Por su parte, C\u00e9sar Vidal, Presidente del Barrio Comercial y Tur\u00edstico Cord\u00f3n Barros Arana de La Junta, relev\u00f3 lo logrado durante los 3 a\u00f1os de ejecuci\u00f3n de la iniciativa: \u201cHa sido una experiencia profundamente enriquecedora y adem\u00e1s un desaf\u00edo de unir voluntades, construir confianzas y proyectar un desarrollo en conjunto con los comerciantes. Fuimos aprendiendo que la asociatividad no es s\u00f3lo un concepto, sino que es una herramienta que te permite avanzar. En estos 3 a\u00f1os hemos logrado grandes cosas que hoy est\u00e1n plasmadas en La Junta como la instalaci\u00f3n de las letras volum\u00e9tricas y la instalaci\u00f3n de t\u00f3tems donde se entrega informaci\u00f3n permanentemente para visitar el Barrio Comercial\u201d.<\/p>\n<p style=\"text-align: justify;\">Finalmente el Seremi de Econom\u00eda Rodrigo Aguilera, puso sobre relieve la importancia de este tipo de acciones que robustecen la asociatividad en el territorio regional: \u201cResulta fundamental relevar el positivo impacto del programa Barrios Comerciales de Sercotec que se ha convertido en una iniciativa que fortalece la econom\u00eda local a trav\u00e9s de la asociatividad. En este caso, las pymes de La Junta y Ma\u00f1ihuales, han desarrollado un impecable trabajo durante 3 a\u00f1os, con miras a quebrar la estacionalidad y transformarse en actores relevantes del desarrollo econ\u00f3mico. Quiero felicitar a las Mipymes que han llevado a cabo esta iniciativa y que por estos d\u00edas est\u00e1n llegando al fin de este camino. Del mismo modo, motivar e incentivar al Barrio Comercial \u201cEntre Fiordos\u201d de Puerto Ays\u00e9n, quienes realizaron el cierre del a\u00f1o 1 con este importante instrumento. Desde el Gobierno del Presidente Jos\u00e9 Antonio kast, continuaremos apoyando este tipo de iniciativas, que demuestran que la asociatividad es el camino para fortalecer pymes y dinamizar territorios con visi\u00f3n de futuro\u201d.<\/p>\n<p style=\"text-align: justify;\">El fortalecimiento de los Barrios Comerciales en La Junta y Ma\u00f1ihuales, reflejan c\u00f3mo la organizaci\u00f3n y el trabajo conjunto pueden transformar realidades locales, consolidando una oferta atractiva, diversa y con identidad. No solo articulando a las y los emprendedores, sino que se posicion\u00e1ndolos como motores del desarrollo econ\u00f3mico y social de ambas localidades, generando oportunidades, empleo y una experiencia de valor tanto para las comunidades, como para quienes visitan el territorio.<\/p>\n<\/div><\/section><\/div><div  style='height:50px' class='hr hr-invisible   avia-builder-el-6  el_after_av_one_full  el_before_av_social_share '><span class='hr-inner ' ><span class='hr-inner-style'><\/span><\/span><\/div><\/p>\n<div  class='av-social-sharing-box  avia-builder-el-7  el_after_av_hr  el_before_av_hr  '><div class='av-share-box'><h5 class='av-share-link-description av-no-toc '>Compartir esta noticia<\/h5><ul class='av-share-box-list noLightbox'><li class='av-share-link av-social-link-facebook' ><a target=\"_blank\" aria-label=\"Compartir en Facebook\" href='https:\/\/www.facebook.com\/sharer.php?u=https:\/\/radiorevelacionfm.cl\/?p=66393&#038;t=La%20Junta%20y%20Ma%C3%B1ihuales%20consolidan%20su%20desarrollo%20econ%C3%B3mico%20gracias%20al%20programa%20Barrios%20Comerciales%20de%20Sercotec' aria-hidden='false' data-av_icon='\ue8f3' data-av_iconfont='entypo-fontello' title='' data-avia-related-tooltip='Compartir en Facebook' rel=\"noopener\"><span class='avia_hidden_link_text'>Compartir en Facebook<\/span><\/a><\/li><li class='av-share-link av-social-link-twitter' ><a target=\"_blank\" aria-label=\"Compartir en Twitter\" href='https:\/\/twitter.com\/share?text=La%20Junta%20y%20Ma%C3%B1ihuales%20consolidan%20su%20desarrollo%20econ%C3%B3mico%20gracias%20al%20programa%20Barrios%20Comerciales%20de%20Sercotec&#038;url=https:\/\/radiorevelacionfm.cl\/?p=66393' aria-hidden='false' data-av_icon='\ue8f1' data-av_iconfont='entypo-fontello' title='' data-avia-related-tooltip='Compartir en Twitter' rel=\"noopener\"><span class='avia_hidden_link_text'>Compartir en Twitter<\/span><\/a><\/li><li class='av-share-link av-social-link-whatsapp' ><a target=\"_blank\" aria-label=\"Compartir en Whatsapp\" href='https:\/\/api.whatsapp.com\/send?text=https:\/\/radiorevelacionfm.cl\/?p=66393' aria-hidden='false' data-av_icon='\uf232' data-av_iconfont='entypo-fontello' title='' data-avia-related-tooltip='Compartir en Whatsapp' rel=\"noopener\"><span class='avia_hidden_link_text'>Compartir en Whatsapp<\/span><\/a><\/li><li class='av-share-link av-social-link-linkedin' ><a target=\"_blank\" aria-label=\"Compartir en LinkedIn\" href='https:\/\/linkedin.com\/shareArticle?mini=true&#038;title=La%20Junta%20y%20Ma%C3%B1ihuales%20consolidan%20su%20desarrollo%20econ%C3%B3mico%20gracias%20al%20programa%20Barrios%20Comerciales%20de%20Sercotec&#038;url=https:\/\/radiorevelacionfm.cl\/?p=66393' aria-hidden='false' data-av_icon='\ue8fc' data-av_iconfont='entypo-fontello' title='' data-avia-related-tooltip='Compartir en LinkedIn' rel=\"noopener\"><span class='avia_hidden_link_text'>Compartir en LinkedIn<\/span><\/a><\/li><li class='av-share-link av-social-link-mail' ><a  aria-label=\"Compartir por correo\" href='mailto:?subject=La%20Junta%20y%20Ma%C3%B1ihuales%20consolidan%20su%20desarrollo%20econ%C3%B3mico%20gracias%20al%20programa%20Barrios%20Comerciales%20de%20Sercotec&#038;body=https:\/\/radiorevelacionfm.cl\/?p=66393' aria-hidden='false' data-av_icon='\ue805' data-av_iconfont='entypo-fontello' title='' data-avia-related-tooltip='Compartir por correo'><span class='avia_hidden_link_text'>Compartir por correo<\/span><\/a><\/li><\/ul><\/div><\/div>\n<div  style='height:50px' class='hr hr-invisible   avia-builder-el-8  el_after_av_social_share  el_before_av_comments_list '><span class='hr-inner ' ><span class='hr-inner-style'><\/span><\/span><\/div>\n<div  class='av-buildercomment  av-blog-meta-html-info-disabled av-blog-meta-tag-disabled  '><\/div>\n","protected":false},"excerpt":{"rendered":"","protected":false},"author":1,"featured_media":66394,"comment_status":"closed","ping_status":"closed","sticky":false,"template":"","format":"standard","meta":{"footnotes":""},"categories":[38],"tags":[],"class_list":["post-66393","post","type-post","status-publish","format-standard","has-post-thumbnail","hentry","category-regional"],"jetpack_featured_media_url":"https:\/\/radiorevelacionfm.cl\/wp-content\/uploads\/2026\/04\/B.C._17-1-1.jpg","_links":{"self":[{"href":"https:\/\/radiorevelacionfm.cl\/index.php?rest_route=\/wp\/v2\/posts\/66393","targetHints":{"allow":["GET"]}}],"collection":[{"href":"https:\/\/radiorevelacionfm.cl\/index.php?rest_route=\/wp\/v2\/posts"}],"about":[{"href":"https:\/\/radiorevelacionfm.cl\/index.php?rest_route=\/wp\/v2\/types\/post"}],"author":[{"embeddable":true,"href":"https:\/\/radiorevelacionfm.cl\/index.php?rest_route=\/wp\/v2\/users\/1"}],"replies":[{"embeddable":true,"href":"https:\/\/radiorevelacionfm.cl\/index.php?rest_route=%2Fwp%2Fv2%2Fcomments&post=66393"}],"version-history":[{"count":2,"href":"https:\/\/radiorevelacionfm.cl\/index.php?rest_route=\/wp\/v2\/posts\/66393\/revisions"}],"predecessor-version":[{"id":66402,"href":"https:\/\/radiorevelacionfm.cl\/index.php?rest_route=\/wp\/v2\/posts\/66393\/revisions\/66402"}],"wp:featuredmedia":[{"embeddable":true,"href":"https:\/\/radiorevelacionfm.cl\/index.php?rest_route=\/wp\/v2\/media\/66394"}],"wp:attachment":[{"href":"https:\/\/radiorevelacionfm.cl\/index.php?rest_route=%2Fwp%2Fv2%2Fmedia&parent=66393"}],"wp:term":[{"taxonomy":"category","embeddable":true,"href":"https:\/\/radiorevelacionfm.cl\/index.php?rest_route=%2Fwp%2Fv2%2Fcategories&post=66393"},{"taxonomy":"post_tag","embeddable":true,"href":"https:\/\/radiorevelacionfm.cl\/index.php?rest_route=%2Fwp%2Fv2%2Ftags&post=66393"}],"curies":[{"name":"wp","href":"https:\/\/api.w.org\/{rel}","templated":true}]}}