{"id":66387,"date":"2026-04-22T12:40:28","date_gmt":"2026-04-22T15:40:28","guid":{"rendered":"https:\/\/radiorevelacionfm.cl\/?p=66387"},"modified":"2026-04-22T12:44:14","modified_gmt":"2026-04-22T15:44:14","slug":"simulacro-de-incendio-en-el-juzgado-mixto-de-puerto-aysen-fortalece-coordinacion-con-organismos-de-emergencia","status":"publish","type":"post","link":"https:\/\/radiorevelacionfm.cl\/?p=66387","title":{"rendered":"Simulacro de incendio en el Juzgado Mixto de Puerto Ays\u00e9n fortalece coordinaci\u00f3n con organismos de emergencia"},"content":{"rendered":"<div class=\"flex_column av_one_full  flex_column_div av-zero-column-padding first  avia-builder-el-0  el_before_av_one_full  avia-builder-el-first  \" style='border-radius:0px; '><div  class='avia-image-container  av-styling-    avia-builder-el-1  avia-builder-el-no-sibling  avia-align-center '  itemprop=\"image\" itemscope=\"itemscope\" itemtype=\"https:\/\/schema.org\/ImageObject\"  ><div class='avia-image-container-inner'><div class='avia-image-overlay-wrap'><img decoding=\"async\" class='wp-image-66391 avia-img-lazy-loading-not-66391 avia_image' src=\"https:\/\/radiorevelacionfm.cl\/wp-content\/uploads\/2026\/04\/foto-03-1_optimized.jpeg\" alt='' title='foto-03-(1)_optimized' height=\"600\" width=\"1051\"  itemprop=\"thumbnailUrl\" srcset=\"https:\/\/radiorevelacionfm.cl\/wp-content\/uploads\/2026\/04\/foto-03-1_optimized.jpeg 1051w, https:\/\/radiorevelacionfm.cl\/wp-content\/uploads\/2026\/04\/foto-03-1_optimized-300x171.jpeg 300w, https:\/\/radiorevelacionfm.cl\/wp-content\/uploads\/2026\/04\/foto-03-1_optimized-1030x588.jpeg 1030w, https:\/\/radiorevelacionfm.cl\/wp-content\/uploads\/2026\/04\/foto-03-1_optimized-768x438.jpeg 768w, https:\/\/radiorevelacionfm.cl\/wp-content\/uploads\/2026\/04\/foto-03-1_optimized-705x402.jpeg 705w, https:\/\/radiorevelacionfm.cl\/wp-content\/uploads\/2026\/04\/foto-03-1_optimized-450x257.jpeg 450w, https:\/\/radiorevelacionfm.cl\/wp-content\/uploads\/2026\/04\/foto-03-1_optimized-600x343.jpeg 600w\" sizes=\"(max-width: 1051px) 100vw, 1051px\" \/><\/div><\/div><\/div><\/div><div class=\"flex_column av_one_full  flex_column_div av-zero-column-padding first  avia-builder-el-2  el_after_av_one_full  el_before_av_one_full  column-top-margin\" style='border-radius:0px; '><section class=\"av_textblock_section \"  itemscope=\"itemscope\" itemtype=\"https:\/\/schema.org\/BlogPosting\" itemprop=\"blogPost\" ><div class='avia_textblock  '   itemprop=\"text\" ><p style=\"text-align: center;\"><span style=\"font-size: 18pt;\"><b>Simulacro de incendio en el Juzgado Mixto de Puerto Ays\u00e9n fortalece coordinaci\u00f3n con organismos de emergencia<\/b><\/span><\/p>\n<div id=\"gtx-trans\" style=\"position: absolute; left: -50px; top: 4.31534px;\">\n<div class=\"gtx-trans-icon\"><\/div>\n<\/div>\n<\/div><\/section><\/div><\/p>\n<div class=\"flex_column av_one_full  flex_column_div av-zero-column-padding first  avia-builder-el-4  el_after_av_one_full  el_before_av_hr  column-top-margin\" style='border-radius:0px; '><section class=\"av_textblock_section \"  itemscope=\"itemscope\" itemtype=\"https:\/\/schema.org\/BlogPosting\" itemprop=\"blogPost\" ><div class='avia_textblock  '   itemprop=\"text\" ><p style=\"font-weight: 400; text-align: justify;\">En el marco del Plan de Gesti\u00f3n Preventiva 2026, el Comit\u00e9 Paritario de Higiene y Seguridad de la jurisdicci\u00f3n llev\u00f3 a cabo un ejercicio de evacuaci\u00f3n en el edificio que alberga al Juzgado de Puerto Ays\u00e9n y diversos servicios p\u00fablicos de la comuna, con el objetivo de evaluar los protocolos de respuesta ante emergencias de alta complejidad.<\/p>\n<p style=\"font-weight: 400; text-align: justify;\">La actividad, desarrollada el pasado 17 de abril a las 11:25 horas, se bas\u00f3 en la hip\u00f3tesis de un incendio originado en el segundo piso del inmueble, con propagaci\u00f3n hacia otras dependencias a trav\u00e9s del entretecho. Para reforzar el realismo del ejercicio, se simul\u00f3 adem\u00e1s la ca\u00edda de un funcionario en una zona estrat\u00e9gica, lo que permiti\u00f3 activar los procedimientos de rescate y primeros auxilios por parte de las brigadas de emergencia.<\/p>\n<p style=\"font-weight: 400; text-align: justify;\">Considerando la relevancia del inmueble como centro de atenci\u00f3n ciudadana, el simulacro incluy\u00f3 la participaci\u00f3n de los servicios p\u00fablicos que funcionan en el mismo edificio, entre ellos el Servicio de Vivienda y Urbanizaci\u00f3n (Serviu), el Servicio de Registro Civil e Identificaci\u00f3n, la Defensor\u00eda Penal P\u00fablica y la Inspecci\u00f3n del Trabajo.<\/p>\n<p style=\"font-weight: 400; text-align: justify;\">El despliegue fue apoyado por los organismos de emergencia de Puerto Ays\u00e9n y Puerto Chacabuco, incluyendo el Cuerpo de Bomberos, Carabineros de Chile, la Polic\u00eda de Investigaciones, el Servicio de Atenci\u00f3n M\u00e9dica de Urgencia (SAMU) y la Municipalidad de Ays\u00e9n.<\/p>\n<p style=\"font-weight: 400; text-align: justify;\">Esta actividad forma parte del cronograma anual del Comit\u00e9 Paritario de Higiene y Seguridad de la jurisdicci\u00f3n, reafirmando el compromiso institucional con la seguridad de los funcionarios y de las personas que concurren diariamente a estas dependencias.<\/p>\n<p style=\"font-weight: 400; text-align: justify;\">Desde la administraci\u00f3n del tribunal destacaron que la coordinaci\u00f3n interinstitucional observada durante el ejercicio permite fortalecer los protocolos existentes, identificar oportunidades de mejora y avanzar en la consolidaci\u00f3n de una cultura preventiva al interior del servicio.<\/p>\n<\/div><\/section><\/div>\n<div  style='height:50px' class='hr hr-invisible   avia-builder-el-6  el_after_av_one_full  el_before_av_social_share '><span class='hr-inner ' ><span class='hr-inner-style'><\/span><\/span><\/div>\n<div  class='av-social-sharing-box  avia-builder-el-7  el_after_av_hr  el_before_av_hr  '><div class='av-share-box'><h5 class='av-share-link-description av-no-toc '>Compartir esta noticia<\/h5><ul class='av-share-box-list noLightbox'><li class='av-share-link av-social-link-facebook' ><a target=\"_blank\" aria-label=\"Compartir en Facebook\" href='https:\/\/www.facebook.com\/sharer.php?u=https:\/\/radiorevelacionfm.cl\/?p=66387&#038;t=Simulacro%20de%20incendio%20en%20el%20Juzgado%20Mixto%20de%20Puerto%20Ays%C3%A9n%20fortalece%20coordinaci%C3%B3n%20con%20organismos%20de%20emergencia' aria-hidden='false' data-av_icon='\ue8f3' data-av_iconfont='entypo-fontello' title='' data-avia-related-tooltip='Compartir en Facebook' rel=\"noopener\"><span class='avia_hidden_link_text'>Compartir en Facebook<\/span><\/a><\/li><li class='av-share-link av-social-link-twitter' ><a target=\"_blank\" aria-label=\"Compartir en Twitter\" href='https:\/\/twitter.com\/share?text=Simulacro%20de%20incendio%20en%20el%20Juzgado%20Mixto%20de%20Puerto%20Ays%C3%A9n%20fortalece%20coordinaci%C3%B3n%20con%20organismos%20de%20emergencia&#038;url=https:\/\/radiorevelacionfm.cl\/?p=66387' aria-hidden='false' data-av_icon='\ue8f1' data-av_iconfont='entypo-fontello' title='' data-avia-related-tooltip='Compartir en Twitter' rel=\"noopener\"><span class='avia_hidden_link_text'>Compartir en Twitter<\/span><\/a><\/li><li class='av-share-link av-social-link-whatsapp' ><a target=\"_blank\" aria-label=\"Compartir en Whatsapp\" href='https:\/\/api.whatsapp.com\/send?text=https:\/\/radiorevelacionfm.cl\/?p=66387' aria-hidden='false' data-av_icon='\uf232' data-av_iconfont='entypo-fontello' title='' data-avia-related-tooltip='Compartir en Whatsapp' rel=\"noopener\"><span class='avia_hidden_link_text'>Compartir en Whatsapp<\/span><\/a><\/li><li class='av-share-link av-social-link-linkedin' ><a target=\"_blank\" aria-label=\"Compartir en LinkedIn\" href='https:\/\/linkedin.com\/shareArticle?mini=true&#038;title=Simulacro%20de%20incendio%20en%20el%20Juzgado%20Mixto%20de%20Puerto%20Ays%C3%A9n%20fortalece%20coordinaci%C3%B3n%20con%20organismos%20de%20emergencia&#038;url=https:\/\/radiorevelacionfm.cl\/?p=66387' aria-hidden='false' data-av_icon='\ue8fc' data-av_iconfont='entypo-fontello' title='' data-avia-related-tooltip='Compartir en LinkedIn' rel=\"noopener\"><span class='avia_hidden_link_text'>Compartir en LinkedIn<\/span><\/a><\/li><li class='av-share-link av-social-link-mail' ><a  aria-label=\"Compartir por correo\" href='mailto:?subject=Simulacro%20de%20incendio%20en%20el%20Juzgado%20Mixto%20de%20Puerto%20Ays%C3%A9n%20fortalece%20coordinaci%C3%B3n%20con%20organismos%20de%20emergencia&#038;body=https:\/\/radiorevelacionfm.cl\/?p=66387' aria-hidden='false' data-av_icon='\ue805' data-av_iconfont='entypo-fontello' title='' data-avia-related-tooltip='Compartir por correo'><span class='avia_hidden_link_text'>Compartir por correo<\/span><\/a><\/li><\/ul><\/div><\/div>\n<div  style='height:50px' class='hr hr-invisible   avia-builder-el-8  el_after_av_social_share  el_before_av_comments_list '><span class='hr-inner ' ><span class='hr-inner-style'><\/span><\/span><\/div>\n<div  class='av-buildercomment  av-blog-meta-html-info-disabled av-blog-meta-tag-disabled  '><\/div>\n","protected":false},"excerpt":{"rendered":"","protected":false},"author":1,"featured_media":66391,"comment_status":"closed","ping_status":"closed","sticky":false,"template":"","format":"standard","meta":{"footnotes":""},"categories":[55],"tags":[],"class_list":["post-66387","post","type-post","status-publish","format-standard","has-post-thumbnail","hentry","category-justicia"],"jetpack_featured_media_url":"https:\/\/radiorevelacionfm.cl\/wp-content\/uploads\/2026\/04\/foto-03-1_optimized.jpeg","_links":{"self":[{"href":"https:\/\/radiorevelacionfm.cl\/index.php?rest_route=\/wp\/v2\/posts\/66387","targetHints":{"allow":["GET"]}}],"collection":[{"href":"https:\/\/radiorevelacionfm.cl\/index.php?rest_route=\/wp\/v2\/posts"}],"about":[{"href":"https:\/\/radiorevelacionfm.cl\/index.php?rest_route=\/wp\/v2\/types\/post"}],"author":[{"embeddable":true,"href":"https:\/\/radiorevelacionfm.cl\/index.php?rest_route=\/wp\/v2\/users\/1"}],"replies":[{"embeddable":true,"href":"https:\/\/radiorevelacionfm.cl\/index.php?rest_route=%2Fwp%2Fv2%2Fcomments&post=66387"}],"version-history":[{"count":3,"href":"https:\/\/radiorevelacionfm.cl\/index.php?rest_route=\/wp\/v2\/posts\/66387\/revisions"}],"predecessor-version":[{"id":66390,"href":"https:\/\/radiorevelacionfm.cl\/index.php?rest_route=\/wp\/v2\/posts\/66387\/revisions\/66390"}],"wp:featuredmedia":[{"embeddable":true,"href":"https:\/\/radiorevelacionfm.cl\/index.php?rest_route=\/wp\/v2\/media\/66391"}],"wp:attachment":[{"href":"https:\/\/radiorevelacionfm.cl\/index.php?rest_route=%2Fwp%2Fv2%2Fmedia&parent=66387"}],"wp:term":[{"taxonomy":"category","embeddable":true,"href":"https:\/\/radiorevelacionfm.cl\/index.php?rest_route=%2Fwp%2Fv2%2Fcategories&post=66387"},{"taxonomy":"post_tag","embeddable":true,"href":"https:\/\/radiorevelacionfm.cl\/index.php?rest_route=%2Fwp%2Fv2%2Ftags&post=66387"}],"curies":[{"name":"wp","href":"https:\/\/api.w.org\/{rel}","templated":true}]}}