{"id":66383,"date":"2026-04-22T12:19:13","date_gmt":"2026-04-22T15:19:13","guid":{"rendered":"https:\/\/radiorevelacionfm.cl\/?p=66383"},"modified":"2026-04-22T12:19:13","modified_gmt":"2026-04-22T15:19:13","slug":"diputada-andrea-macias-propone-adelantar-beneficios-sociales-ante-alza-de-combustibles-en-regiones-extremas","status":"publish","type":"post","link":"https:\/\/radiorevelacionfm.cl\/?p=66383","title":{"rendered":"Diputada Andrea Mac\u00edas propone adelantar beneficios sociales ante alza de combustibles en regiones extremas"},"content":{"rendered":"<div class=\"flex_column av_one_full  flex_column_div av-zero-column-padding first  avia-builder-el-0  el_before_av_one_full  avia-builder-el-first  \" style='border-radius:0px; '><div  class='avia-image-container  av-styling-    avia-builder-el-1  avia-builder-el-no-sibling  avia-align-center '  itemprop=\"image\" itemscope=\"itemscope\" itemtype=\"https:\/\/schema.org\/ImageObject\"  ><div class='avia-image-container-inner'><div class='avia-image-overlay-wrap'><img decoding=\"async\" class='wp-image-66384 avia-img-lazy-loading-not-66384 avia_image' src=\"https:\/\/radiorevelacionfm.cl\/wp-content\/uploads\/2026\/04\/Foto-01-4-Andrea-Macias-1-1.jpeg\" alt='' title='Foto 01 (4) Andrea Macias (1) (1)' height=\"600\" width=\"946\"  itemprop=\"thumbnailUrl\" srcset=\"https:\/\/radiorevelacionfm.cl\/wp-content\/uploads\/2026\/04\/Foto-01-4-Andrea-Macias-1-1.jpeg 946w, https:\/\/radiorevelacionfm.cl\/wp-content\/uploads\/2026\/04\/Foto-01-4-Andrea-Macias-1-1-300x190.jpeg 300w, https:\/\/radiorevelacionfm.cl\/wp-content\/uploads\/2026\/04\/Foto-01-4-Andrea-Macias-1-1-768x487.jpeg 768w, https:\/\/radiorevelacionfm.cl\/wp-content\/uploads\/2026\/04\/Foto-01-4-Andrea-Macias-1-1-705x447.jpeg 705w, https:\/\/radiorevelacionfm.cl\/wp-content\/uploads\/2026\/04\/Foto-01-4-Andrea-Macias-1-1-450x285.jpeg 450w, https:\/\/radiorevelacionfm.cl\/wp-content\/uploads\/2026\/04\/Foto-01-4-Andrea-Macias-1-1-600x381.jpeg 600w\" sizes=\"(max-width: 946px) 100vw, 946px\" \/><\/div><\/div><\/div><\/div><div class=\"flex_column av_one_full  flex_column_div av-zero-column-padding first  avia-builder-el-2  el_after_av_one_full  el_before_av_one_full  column-top-margin\" style='border-radius:0px; '><section class=\"av_textblock_section \"  itemscope=\"itemscope\" itemtype=\"https:\/\/schema.org\/BlogPosting\" itemprop=\"blogPost\" ><div class='avia_textblock  '   itemprop=\"text\" ><p style=\"text-align: center;\"><strong><span style=\"font-size: 18pt;\">Diputada Andrea Mac\u00edas propone adelantar beneficios sociales ante alza de combustibles en regiones extremas<\/span><\/strong><\/p>\n<div id=\"gtx-trans\" style=\"position: absolute; left: -50px; top: 4.31534px;\">\n<div class=\"gtx-trans-icon\"><\/div>\n<\/div>\n<\/div><\/section><\/div><div class=\"flex_column av_one_full  flex_column_div av-zero-column-padding first  avia-builder-el-4  el_after_av_one_full  el_before_av_hr  column-top-margin\" style='border-radius:0px; '><section class=\"av_textblock_section \"  itemscope=\"itemscope\" itemtype=\"https:\/\/schema.org\/BlogPosting\" itemprop=\"blogPost\" ><div class='avia_textblock  '   itemprop=\"text\" ><p style=\"text-align: justify;\">La parlamentaria llam\u00f3 al Gobierno a implementar medidas de gesti\u00f3n para aliviar el costo de la vida, especialmente en zonas como Ays\u00e9n, donde el impacto del aumento en los combustibles es mayor.<\/p>\n<p style=\"text-align: justify;\">Frente al sostenido aumento en el precio de los combustibles y su efecto en el costo de la vida, la diputada Andrea Mac\u00edas plante\u00f3 una serie de medidas orientadas a mejorar la liquidez de las familias, especialmente en regiones extremas como Ays\u00e9n.<\/p>\n<p style=\"text-align: justify;\">La parlamentaria enfatiz\u00f3 que las propuestas no requieren un mayor gasto fiscal, sino una mejor gesti\u00f3n de los recursos ya existentes. \u201cNo estamos hablando de medidas que impliquen m\u00e1s recursos, sino de decisiones que permitan que las familias cuenten con mayor liquidez en el menor tiempo posible\u201d, se\u00f1al\u00f3.<\/p>\n<p style=\"text-align: justify;\">Mac\u00edas advirti\u00f3 que en territorios aislados el alza de los combustibles tiene un efecto multiplicador. \u201cEn regiones como Ays\u00e9n, cuando sube la bencina no solo aumenta el costo de movilizarse, sino que tambi\u00e9n suben los alimentos, los servicios y se encarece la vida en general\u201d, indic\u00f3.<\/p>\n<p style=\"text-align: justify;\">En esa l\u00ednea, recalc\u00f3 que el impacto ya se est\u00e1 viendo en productos de consumo cotidiano como frutas, verduras y alimentos congelados, afectando directamente el presupuesto de los hogares.<\/p>\n<p style=\"text-align: justify;\">Medidas propuestas: entre las iniciativas planteadas por la diputada destacan: <strong>Adelantar el pago de beneficios sociales como el Bono Invierno. Anticipar o reforzar el Aporte Familiar Permanente. Flexibilizar temporalmente el Subsidio \u00danico Familiar. Adelantar transferencias vinculadas a subsidios de generaci\u00f3n energ\u00e9tica en comunidades aisladas.<\/strong><\/p>\n<p style=\"text-align: justify;\">Sobre este \u00faltimo punto, Mac\u00edas puso \u00e9nfasis en la realidad de localidades como Melinka, Gala, Gaviota y Balmaceda, donde muchas comunidades dependen de sistemas de autogeneraci\u00f3n. \u201cEstas zonas necesitan certezas respecto al acceso continuo a la energ\u00eda, especialmente en contextos de alza de costos\u201d, sostuvo.<\/p>\n<p style=\"text-align: justify;\"><strong>Impacto territorial<\/strong><\/p>\n<p style=\"text-align: justify;\">La diputada subray\u00f3 que esta situaci\u00f3n no puede abordarse solo desde una mirada econ\u00f3mica. \u201cEsta es la realidad que viven las regiones: a mayor distancia, mayores costos de traslado y menos alternativas de conectividad. El alza de los combustibles golpea con mucha m\u00e1s fuerza a quienes viven en el sur del pa\u00eds\u201d, afirm\u00f3.<\/p>\n<p style=\"text-align: justify;\">Finalmente, hizo un llamado al Ejecutivo a actuar con oportunidad. \u201cEstas medidas son temporales y focalizadas. El Estado no puede llegar tarde cuando se encarece la vida de las personas. Adelantar estos apoyos es una forma concreta de estar del lado de las familias cuando m\u00e1s lo necesitan\u201d, concluy\u00f3.<\/p>\n<\/div><\/section><\/div><div  style='height:50px' class='hr hr-invisible   avia-builder-el-6  el_after_av_one_full  el_before_av_social_share '><span class='hr-inner ' ><span class='hr-inner-style'><\/span><\/span><\/div><\/p>\n<div  class='av-social-sharing-box  avia-builder-el-7  el_after_av_hr  el_before_av_hr  '><div class='av-share-box'><h5 class='av-share-link-description av-no-toc '>Compartir esta noticia<\/h5><ul class='av-share-box-list noLightbox'><li class='av-share-link av-social-link-facebook' ><a target=\"_blank\" aria-label=\"Compartir en Facebook\" href='https:\/\/www.facebook.com\/sharer.php?u=https:\/\/radiorevelacionfm.cl\/?p=66383&#038;t=Diputada%20Andrea%20Mac%C3%ADas%20propone%20adelantar%20beneficios%20sociales%20ante%20alza%20de%20combustibles%20en%20regiones%20extremas' aria-hidden='false' data-av_icon='\ue8f3' data-av_iconfont='entypo-fontello' title='' data-avia-related-tooltip='Compartir en Facebook' rel=\"noopener\"><span class='avia_hidden_link_text'>Compartir en Facebook<\/span><\/a><\/li><li class='av-share-link av-social-link-twitter' ><a target=\"_blank\" aria-label=\"Compartir en Twitter\" href='https:\/\/twitter.com\/share?text=Diputada%20Andrea%20Mac%C3%ADas%20propone%20adelantar%20beneficios%20sociales%20ante%20alza%20de%20combustibles%20en%20regiones%20extremas&#038;url=https:\/\/radiorevelacionfm.cl\/?p=66383' aria-hidden='false' data-av_icon='\ue8f1' data-av_iconfont='entypo-fontello' title='' data-avia-related-tooltip='Compartir en Twitter' rel=\"noopener\"><span class='avia_hidden_link_text'>Compartir en Twitter<\/span><\/a><\/li><li class='av-share-link av-social-link-whatsapp' ><a target=\"_blank\" aria-label=\"Compartir en Whatsapp\" href='https:\/\/api.whatsapp.com\/send?text=https:\/\/radiorevelacionfm.cl\/?p=66383' aria-hidden='false' data-av_icon='\uf232' data-av_iconfont='entypo-fontello' title='' data-avia-related-tooltip='Compartir en Whatsapp' rel=\"noopener\"><span class='avia_hidden_link_text'>Compartir en Whatsapp<\/span><\/a><\/li><li class='av-share-link av-social-link-linkedin' ><a target=\"_blank\" aria-label=\"Compartir en LinkedIn\" href='https:\/\/linkedin.com\/shareArticle?mini=true&#038;title=Diputada%20Andrea%20Mac%C3%ADas%20propone%20adelantar%20beneficios%20sociales%20ante%20alza%20de%20combustibles%20en%20regiones%20extremas&#038;url=https:\/\/radiorevelacionfm.cl\/?p=66383' aria-hidden='false' data-av_icon='\ue8fc' data-av_iconfont='entypo-fontello' title='' data-avia-related-tooltip='Compartir en LinkedIn' rel=\"noopener\"><span class='avia_hidden_link_text'>Compartir en LinkedIn<\/span><\/a><\/li><li class='av-share-link av-social-link-mail' ><a  aria-label=\"Compartir por correo\" href='mailto:?subject=Diputada%20Andrea%20Mac%C3%ADas%20propone%20adelantar%20beneficios%20sociales%20ante%20alza%20de%20combustibles%20en%20regiones%20extremas&#038;body=https:\/\/radiorevelacionfm.cl\/?p=66383' aria-hidden='false' data-av_icon='\ue805' data-av_iconfont='entypo-fontello' title='' data-avia-related-tooltip='Compartir por correo'><span class='avia_hidden_link_text'>Compartir por correo<\/span><\/a><\/li><\/ul><\/div><\/div>\n<div  style='height:50px' class='hr hr-invisible   avia-builder-el-8  el_after_av_social_share  el_before_av_comments_list '><span class='hr-inner ' ><span class='hr-inner-style'><\/span><\/span><\/div>\n<div  class='av-buildercomment  av-blog-meta-html-info-disabled av-blog-meta-tag-disabled  '><\/div>\n","protected":false},"excerpt":{"rendered":"","protected":false},"author":1,"featured_media":66384,"comment_status":"closed","ping_status":"closed","sticky":false,"template":"","format":"standard","meta":{"footnotes":""},"categories":[35],"tags":[],"class_list":["post-66383","post","type-post","status-publish","format-standard","has-post-thumbnail","hentry","category-politica"],"jetpack_featured_media_url":"https:\/\/radiorevelacionfm.cl\/wp-content\/uploads\/2026\/04\/Foto-01-4-Andrea-Macias-1-1.jpeg","_links":{"self":[{"href":"https:\/\/radiorevelacionfm.cl\/index.php?rest_route=\/wp\/v2\/posts\/66383","targetHints":{"allow":["GET"]}}],"collection":[{"href":"https:\/\/radiorevelacionfm.cl\/index.php?rest_route=\/wp\/v2\/posts"}],"about":[{"href":"https:\/\/radiorevelacionfm.cl\/index.php?rest_route=\/wp\/v2\/types\/post"}],"author":[{"embeddable":true,"href":"https:\/\/radiorevelacionfm.cl\/index.php?rest_route=\/wp\/v2\/users\/1"}],"replies":[{"embeddable":true,"href":"https:\/\/radiorevelacionfm.cl\/index.php?rest_route=%2Fwp%2Fv2%2Fcomments&post=66383"}],"version-history":[{"count":2,"href":"https:\/\/radiorevelacionfm.cl\/index.php?rest_route=\/wp\/v2\/posts\/66383\/revisions"}],"predecessor-version":[{"id":66386,"href":"https:\/\/radiorevelacionfm.cl\/index.php?rest_route=\/wp\/v2\/posts\/66383\/revisions\/66386"}],"wp:featuredmedia":[{"embeddable":true,"href":"https:\/\/radiorevelacionfm.cl\/index.php?rest_route=\/wp\/v2\/media\/66384"}],"wp:attachment":[{"href":"https:\/\/radiorevelacionfm.cl\/index.php?rest_route=%2Fwp%2Fv2%2Fmedia&parent=66383"}],"wp:term":[{"taxonomy":"category","embeddable":true,"href":"https:\/\/radiorevelacionfm.cl\/index.php?rest_route=%2Fwp%2Fv2%2Fcategories&post=66383"},{"taxonomy":"post_tag","embeddable":true,"href":"https:\/\/radiorevelacionfm.cl\/index.php?rest_route=%2Fwp%2Fv2%2Ftags&post=66383"}],"curies":[{"name":"wp","href":"https:\/\/api.w.org\/{rel}","templated":true}]}}