{"id":66375,"date":"2026-04-22T10:21:36","date_gmt":"2026-04-22T13:21:36","guid":{"rendered":"https:\/\/radiorevelacionfm.cl\/?p=66375"},"modified":"2026-04-22T10:21:36","modified_gmt":"2026-04-22T13:21:36","slug":"calisto-solicita-al-gobierno-aumentar-bono-de-calefaccion-y-reforzar-medidas-de-alivio-economico-en-ley-miscelanea","status":"publish","type":"post","link":"https:\/\/radiorevelacionfm.cl\/?p=66375","title":{"rendered":"Calisto solicita al Gobierno aumentar bono de calefacci\u00f3n y reforzar medidas de alivio econ\u00f3mico en Ley Miscel\u00e1nea"},"content":{"rendered":"<div class=\"flex_column av_one_full  flex_column_div av-zero-column-padding first  avia-builder-el-0  el_before_av_one_full  avia-builder-el-first  \" style='border-radius:0px; '><div  class='avia-image-container  av-styling-    avia-builder-el-1  avia-builder-el-no-sibling  avia-align-center '  itemprop=\"image\" itemscope=\"itemscope\" itemtype=\"https:\/\/schema.org\/ImageObject\"  ><div class='avia-image-container-inner'><div class='avia-image-overlay-wrap'><img decoding=\"async\" class='wp-image-66376 avia-img-lazy-loading-not-66376 avia_image' src=\"https:\/\/radiorevelacionfm.cl\/wp-content\/uploads\/2026\/04\/FOTO-REU-GOB-1-1.jpeg\" alt='' title='FOTO REU GOB (1) (1)' height=\"600\" width=\"800\"  itemprop=\"thumbnailUrl\" srcset=\"https:\/\/radiorevelacionfm.cl\/wp-content\/uploads\/2026\/04\/FOTO-REU-GOB-1-1.jpeg 800w, https:\/\/radiorevelacionfm.cl\/wp-content\/uploads\/2026\/04\/FOTO-REU-GOB-1-1-300x225.jpeg 300w, https:\/\/radiorevelacionfm.cl\/wp-content\/uploads\/2026\/04\/FOTO-REU-GOB-1-1-768x576.jpeg 768w, https:\/\/radiorevelacionfm.cl\/wp-content\/uploads\/2026\/04\/FOTO-REU-GOB-1-1-705x529.jpeg 705w, https:\/\/radiorevelacionfm.cl\/wp-content\/uploads\/2026\/04\/FOTO-REU-GOB-1-1-450x338.jpeg 450w, https:\/\/radiorevelacionfm.cl\/wp-content\/uploads\/2026\/04\/FOTO-REU-GOB-1-1-600x450.jpeg 600w\" sizes=\"(max-width: 800px) 100vw, 800px\" \/><\/div><\/div><\/div><\/div><div class=\"flex_column av_one_full  flex_column_div av-zero-column-padding first  avia-builder-el-2  el_after_av_one_full  el_before_av_one_full  column-top-margin\" style='border-radius:0px; '><section class=\"av_textblock_section \"  itemscope=\"itemscope\" itemtype=\"https:\/\/schema.org\/BlogPosting\" itemprop=\"blogPost\" ><div class='avia_textblock  '   itemprop=\"text\" ><p style=\"text-align: center;\"><strong><span style=\"font-size: 18pt;\">Senador Calisto solicita al Gobierno aumentar bono de calefacci\u00f3n y reforzar medidas de alivio econ\u00f3mico en Ley Miscel\u00e1nea<\/span><\/strong><\/p>\n<div id=\"gtx-trans\" style=\"position: absolute; left: -50px; top: 4.31534px;\">\n<div class=\"gtx-trans-icon\"><\/div>\n<\/div>\n<\/div><\/section><\/div><div class=\"flex_column av_one_full  flex_column_div av-zero-column-padding first  avia-builder-el-4  el_after_av_one_full  el_before_av_hr  column-top-margin\" style='border-radius:0px; '><section class=\"av_textblock_section \"  itemscope=\"itemscope\" itemtype=\"https:\/\/schema.org\/BlogPosting\" itemprop=\"blogPost\" ><div class='avia_textblock  '   itemprop=\"text\" ><p style=\"text-align: justify;\">En el marco de la presentaci\u00f3n del proyecto de Ley Miscel\u00e1nea por parte del Gobierno, el senador por la Regi\u00f3n de Ays\u00e9n, Miguel \u00c1ngel Calisto, junto a sus pares Mat\u00edas Walker y Joanna P\u00e9rez, present\u00f3 una serie de exigencias territoriales para ser incluidas en la iniciativa. Los legisladores se reunieron con el Ministro del Interior, Claudio Alvarado, el Ministro de Hacienda, Jorge Quiroz, y el Ministro de la Secretar\u00eda General de la Presidencia, Jos\u00e9 Garc\u00eda Ruminot.<\/p>\n<p style=\"text-align: justify;\">Durante el encuentro, el senador Calisto fue categ\u00f3rico al se\u00f1alar que el objetivo de estas propuestas es \u00abpaliar la grave crisis que hoy d\u00eda vive sobre todo las familias m\u00e1s vulnerables y la clase media, que les golpea fuertemente el alza de la tarifa el\u00e9ctrica y el alza de los combustibles\u00bb. El parlamentario advirti\u00f3 que estas son situaciones extremadamente complejas de sostener para los hogares sin un apoyo estatal robusto.<\/p>\n<p style=\"text-align: justify;\">Una de las demandas m\u00e1s urgentes para la zona sur es la actualizaci\u00f3n del beneficio para calefacci\u00f3n. Calisto calific\u00f3 como prioritario aumentar este aporte, explicando que \u00abeste es un bono de calefacci\u00f3n que lleva mucho tiempo en cien mil pesos y queremos que esto aumente de manera proporcional y permanente, reajustable, y tambi\u00e9n la cantidad de beneficiarios, porque hoy d\u00eda hay mucha gente que queda sin este beneficio\u00bb.<\/p>\n<p style=\"text-align: justify;\">En t\u00e9rminos de financiamiento, el legislador propuso captar mayores recursos a trav\u00e9s de la regulaci\u00f3n de la industria salmonera, sugiriendo un aumento en la carga impositiva sobre los centros acu\u00edcolas y, espec\u00edficamente, sobre las concesiones no utilizadas en el litoral. Seg\u00fan explic\u00f3 el senador, se busca que \u00aben vez de ser usada, que en definitiva contaminan, en fin, se pueda simplemente pagar las patentes, as\u00ed como tambi\u00e9n estamos planteando que las propias patentes acu\u00edcolas puedan ser licitadas\u00bb, asegurando que esta es una v\u00eda concreta para que ingresen m\u00e1s recursos a las regiones.<\/p>\n<p style=\"text-align: justify;\">\u00abTenemos que buscar maneras que permitan sostener esta situaci\u00f3n, entre ellas aumentar el subsidio al transporte del combustible que llega principalmente a nuestra regi\u00f3n\u00bb, concluy\u00f3 el parlamentario.<\/p>\n<p style=\"text-align: justify;\">Los parlamentarios adem\u00e1s presentaron otras medidas, destacando la implementaci\u00f3n de transferencias directas a trav\u00e9s de un \u201cbolsillo electr\u00f3nico\u201d, con el objetivo de mitigar el impacto del alza de los combustibles y el aumento en el costo de la canasta b\u00e1sica.<\/p>\n<\/div><\/section><\/div><div  style='height:50px' class='hr hr-invisible   avia-builder-el-6  el_after_av_one_full  el_before_av_social_share '><span class='hr-inner ' ><span class='hr-inner-style'><\/span><\/span><\/div><\/p>\n<div  class='av-social-sharing-box  avia-builder-el-7  el_after_av_hr  el_before_av_hr  '><div class='av-share-box'><h5 class='av-share-link-description av-no-toc '>Compartir esta noticia<\/h5><ul class='av-share-box-list noLightbox'><li class='av-share-link av-social-link-facebook' ><a target=\"_blank\" aria-label=\"Compartir en Facebook\" href='https:\/\/www.facebook.com\/sharer.php?u=https:\/\/radiorevelacionfm.cl\/?p=66375&#038;t=Calisto%20solicita%20al%20Gobierno%20aumentar%20bono%20de%20calefacci%C3%B3n%20y%20reforzar%20medidas%20de%20alivio%20econ%C3%B3mico%20en%20Ley%20Miscel%C3%A1nea' aria-hidden='false' data-av_icon='\ue8f3' data-av_iconfont='entypo-fontello' title='' data-avia-related-tooltip='Compartir en Facebook' rel=\"noopener\"><span class='avia_hidden_link_text'>Compartir en Facebook<\/span><\/a><\/li><li class='av-share-link av-social-link-twitter' ><a target=\"_blank\" aria-label=\"Compartir en Twitter\" href='https:\/\/twitter.com\/share?text=Calisto%20solicita%20al%20Gobierno%20aumentar%20bono%20de%20calefacci%C3%B3n%20y%20reforzar%20medidas%20de%20alivio%20econ%C3%B3mico%20en%20Ley%20Miscel%C3%A1nea&#038;url=https:\/\/radiorevelacionfm.cl\/?p=66375' aria-hidden='false' data-av_icon='\ue8f1' data-av_iconfont='entypo-fontello' title='' data-avia-related-tooltip='Compartir en Twitter' rel=\"noopener\"><span class='avia_hidden_link_text'>Compartir en Twitter<\/span><\/a><\/li><li class='av-share-link av-social-link-whatsapp' ><a target=\"_blank\" aria-label=\"Compartir en Whatsapp\" href='https:\/\/api.whatsapp.com\/send?text=https:\/\/radiorevelacionfm.cl\/?p=66375' aria-hidden='false' data-av_icon='\uf232' data-av_iconfont='entypo-fontello' title='' data-avia-related-tooltip='Compartir en Whatsapp' rel=\"noopener\"><span class='avia_hidden_link_text'>Compartir en Whatsapp<\/span><\/a><\/li><li class='av-share-link av-social-link-linkedin' ><a target=\"_blank\" aria-label=\"Compartir en LinkedIn\" href='https:\/\/linkedin.com\/shareArticle?mini=true&#038;title=Calisto%20solicita%20al%20Gobierno%20aumentar%20bono%20de%20calefacci%C3%B3n%20y%20reforzar%20medidas%20de%20alivio%20econ%C3%B3mico%20en%20Ley%20Miscel%C3%A1nea&#038;url=https:\/\/radiorevelacionfm.cl\/?p=66375' aria-hidden='false' data-av_icon='\ue8fc' data-av_iconfont='entypo-fontello' title='' data-avia-related-tooltip='Compartir en LinkedIn' rel=\"noopener\"><span class='avia_hidden_link_text'>Compartir en LinkedIn<\/span><\/a><\/li><li class='av-share-link av-social-link-mail' ><a  aria-label=\"Compartir por correo\" href='mailto:?subject=Calisto%20solicita%20al%20Gobierno%20aumentar%20bono%20de%20calefacci%C3%B3n%20y%20reforzar%20medidas%20de%20alivio%20econ%C3%B3mico%20en%20Ley%20Miscel%C3%A1nea&#038;body=https:\/\/radiorevelacionfm.cl\/?p=66375' aria-hidden='false' data-av_icon='\ue805' data-av_iconfont='entypo-fontello' title='' data-avia-related-tooltip='Compartir por correo'><span class='avia_hidden_link_text'>Compartir por correo<\/span><\/a><\/li><\/ul><\/div><\/div>\n<div  style='height:50px' class='hr hr-invisible   avia-builder-el-8  el_after_av_social_share  el_before_av_comments_list '><span class='hr-inner ' ><span class='hr-inner-style'><\/span><\/span><\/div>\n<div  class='av-buildercomment  av-blog-meta-html-info-disabled av-blog-meta-tag-disabled  '><\/div>\n","protected":false},"excerpt":{"rendered":"","protected":false},"author":1,"featured_media":66376,"comment_status":"closed","ping_status":"closed","sticky":false,"template":"","format":"standard","meta":{"footnotes":""},"categories":[35],"tags":[],"class_list":["post-66375","post","type-post","status-publish","format-standard","has-post-thumbnail","hentry","category-politica"],"jetpack_featured_media_url":"https:\/\/radiorevelacionfm.cl\/wp-content\/uploads\/2026\/04\/FOTO-REU-GOB-1-1.jpeg","_links":{"self":[{"href":"https:\/\/radiorevelacionfm.cl\/index.php?rest_route=\/wp\/v2\/posts\/66375","targetHints":{"allow":["GET"]}}],"collection":[{"href":"https:\/\/radiorevelacionfm.cl\/index.php?rest_route=\/wp\/v2\/posts"}],"about":[{"href":"https:\/\/radiorevelacionfm.cl\/index.php?rest_route=\/wp\/v2\/types\/post"}],"author":[{"embeddable":true,"href":"https:\/\/radiorevelacionfm.cl\/index.php?rest_route=\/wp\/v2\/users\/1"}],"replies":[{"embeddable":true,"href":"https:\/\/radiorevelacionfm.cl\/index.php?rest_route=%2Fwp%2Fv2%2Fcomments&post=66375"}],"version-history":[{"count":2,"href":"https:\/\/radiorevelacionfm.cl\/index.php?rest_route=\/wp\/v2\/posts\/66375\/revisions"}],"predecessor-version":[{"id":66382,"href":"https:\/\/radiorevelacionfm.cl\/index.php?rest_route=\/wp\/v2\/posts\/66375\/revisions\/66382"}],"wp:featuredmedia":[{"embeddable":true,"href":"https:\/\/radiorevelacionfm.cl\/index.php?rest_route=\/wp\/v2\/media\/66376"}],"wp:attachment":[{"href":"https:\/\/radiorevelacionfm.cl\/index.php?rest_route=%2Fwp%2Fv2%2Fmedia&parent=66375"}],"wp:term":[{"taxonomy":"category","embeddable":true,"href":"https:\/\/radiorevelacionfm.cl\/index.php?rest_route=%2Fwp%2Fv2%2Fcategories&post=66375"},{"taxonomy":"post_tag","embeddable":true,"href":"https:\/\/radiorevelacionfm.cl\/index.php?rest_route=%2Fwp%2Fv2%2Ftags&post=66375"}],"curies":[{"name":"wp","href":"https:\/\/api.w.org\/{rel}","templated":true}]}}