{"id":66372,"date":"2026-04-21T20:45:23","date_gmt":"2026-04-21T23:45:23","guid":{"rendered":"https:\/\/radiorevelacionfm.cl\/?p=66372"},"modified":"2026-04-21T20:45:23","modified_gmt":"2026-04-21T23:45:23","slug":"diputada-valdebenito-no-podemos-seguir-normalizando-la-violencia-en-nuestras-aulas","status":"publish","type":"post","link":"https:\/\/radiorevelacionfm.cl\/?p=66372","title":{"rendered":"Diputada Valdebenito: \u201cNo podemos seguir normalizando la violencia en nuestras aulas\u201d"},"content":{"rendered":"<div class=\"flex_column av_one_full  flex_column_div av-zero-column-padding first  avia-builder-el-0  el_before_av_one_full  avia-builder-el-first  \" style='border-radius:0px; '><div  class='avia-image-container  av-styling-    avia-builder-el-1  avia-builder-el-no-sibling  avia-align-center '  itemprop=\"image\" itemscope=\"itemscope\" itemtype=\"https:\/\/schema.org\/ImageObject\"  ><div class='avia-image-container-inner'><div class='avia-image-overlay-wrap'><img decoding=\"async\" class='wp-image-66373 avia-img-lazy-loading-not-66373 avia_image' src=\"https:\/\/radiorevelacionfm.cl\/wp-content\/uploads\/2026\/04\/Diputada-Valdebenito-con-ministra-de-Educacion-1-1.jpg\" alt='' title='Diputada Valdebenito con ministra de Educaci\u00f3n (1) (1)' height=\"600\" width=\"900\"  itemprop=\"thumbnailUrl\" srcset=\"https:\/\/radiorevelacionfm.cl\/wp-content\/uploads\/2026\/04\/Diputada-Valdebenito-con-ministra-de-Educacion-1-1.jpg 900w, https:\/\/radiorevelacionfm.cl\/wp-content\/uploads\/2026\/04\/Diputada-Valdebenito-con-ministra-de-Educacion-1-1-300x200.jpg 300w, https:\/\/radiorevelacionfm.cl\/wp-content\/uploads\/2026\/04\/Diputada-Valdebenito-con-ministra-de-Educacion-1-1-768x512.jpg 768w, https:\/\/radiorevelacionfm.cl\/wp-content\/uploads\/2026\/04\/Diputada-Valdebenito-con-ministra-de-Educacion-1-1-705x470.jpg 705w, https:\/\/radiorevelacionfm.cl\/wp-content\/uploads\/2026\/04\/Diputada-Valdebenito-con-ministra-de-Educacion-1-1-450x300.jpg 450w, https:\/\/radiorevelacionfm.cl\/wp-content\/uploads\/2026\/04\/Diputada-Valdebenito-con-ministra-de-Educacion-1-1-600x400.jpg 600w\" sizes=\"(max-width: 900px) 100vw, 900px\" \/><\/div><\/div><\/div><\/div><div class=\"flex_column av_one_full  flex_column_div av-zero-column-padding first  avia-builder-el-2  el_after_av_one_full  el_before_av_one_full  column-top-margin\" style='border-radius:0px; '><section class=\"av_textblock_section \"  itemscope=\"itemscope\" itemtype=\"https:\/\/schema.org\/BlogPosting\" itemprop=\"blogPost\" ><div class='avia_textblock  '   itemprop=\"text\" ><p style=\"text-align: center;\"><strong><span style=\"font-size: 18pt;\">Diputada Valdebenito: \u201cNo podemos seguir normalizando la violencia en nuestras aulas\u201d<\/span><\/strong><\/p>\n<div id=\"gtx-trans\" style=\"position: absolute; left: -50px; top: 4.31534px;\">\n<div class=\"gtx-trans-icon\"><\/div>\n<\/div>\n<\/div><\/section><\/div><div class=\"flex_column av_one_full  flex_column_div av-zero-column-padding first  avia-builder-el-4  el_after_av_one_full  el_before_av_hr  column-top-margin\" style='border-radius:0px; '><section class=\"av_textblock_section \"  itemscope=\"itemscope\" itemtype=\"https:\/\/schema.org\/BlogPosting\" itemprop=\"blogPost\" ><div class='avia_textblock  '   itemprop=\"text\" ><p style=\"text-align: justify;\"><strong><em>Tras su aprobaci\u00f3n este martes en la C\u00e1mara de Diputados, el proyecto que refuerza la seguridad, el orden y el respeto en las comunidades educativas fue despachado al Senado, marcando un paso concreto para enfrentar la violencia en las aulas.<\/em><\/strong><\/p>\n<p style=\"text-align: justify;\">La diputada Alejandra Valdebenito valor\u00f3 la aprobaci\u00f3n del proyecto de ley que establece medidas de seguridad, orden y respeto para la comunidad educativa, se\u00f1alando que hoy Chile enfrenta una crisis evidente en valores b\u00e1sicos de convivencia.<\/p>\n<p style=\"text-align: justify;\">\u201cEs preocupante que tengamos que legislar sobre algo tan esencial como el respeto y el orden. Eso da cuenta de una realidad que no podemos seguir ignorando como pa\u00eds\u201d, afirm\u00f3.<\/p>\n<p style=\"text-align: justify;\">La parlamentaria advirti\u00f3 que la violencia y las faltas de respeto dentro de los espacios educativos se han vuelto cada vez m\u00e1s frecuentes, afectando directamente a profesores, estudiantes y a toda la comunidad, tema que abord\u00f3 en con la ministra de Educaci\u00f3n, Mar\u00eda Paz Arzola. \u201cCuando se pierde el respeto a la autoridad y a los dem\u00e1s, se debilitan las bases de nuestra sociedad\u201d, sostuvo.<\/p>\n<p style=\"text-align: justify;\">Asimismo, recalc\u00f3 que esta situaci\u00f3n tambi\u00e9n se vive en regiones como Ays\u00e9n, donde se han registrado amenazas en algunos establecimientos educacionales. \u201cEsto no es un problema aislado de las grandes ciudades. En nuestra regi\u00f3n tambi\u00e9n lo estamos viendo y viviendo, y eso genera una preocupaci\u00f3n real en las familias\u201d, indic\u00f3.<\/p>\n<p style=\"text-align: justify;\">Valdebenito valor\u00f3 que el proyecto avance en recuperar estos principios, pero fue enf\u00e1tica en que el desaf\u00edo es m\u00e1s profundo. \u201cAqu\u00ed no basta solo con leyes. Tenemos que volver a poner en el centro la formaci\u00f3n en valores, desde la infancia y tambi\u00e9n desde la familia. No todo puede recaer en el sistema educativo\u201d, agreg\u00f3.<\/p>\n<p style=\"text-align: justify;\">Finalmente, la diputada reiter\u00f3 la importancia de avanzar con decisi\u00f3n en esta materia, destacando que la iniciativa ya fue despachada al Senado para su segundo tr\u00e1mite legislativo, donde se espera continuar fortaleciendo herramientas que permitan recuperar el respeto y la seguridad en nuestras comunidades educativas.<\/p>\n<\/div><\/section><\/div><div  style='height:50px' class='hr hr-invisible   avia-builder-el-6  el_after_av_one_full  el_before_av_social_share '><span class='hr-inner ' ><span class='hr-inner-style'><\/span><\/span><\/div><\/p>\n<div  class='av-social-sharing-box  avia-builder-el-7  el_after_av_hr  el_before_av_hr  '><div class='av-share-box'><h5 class='av-share-link-description av-no-toc '>Compartir esta noticia<\/h5><ul class='av-share-box-list noLightbox'><li class='av-share-link av-social-link-facebook' ><a target=\"_blank\" aria-label=\"Compartir en Facebook\" href='https:\/\/www.facebook.com\/sharer.php?u=https:\/\/radiorevelacionfm.cl\/?p=66372&#038;t=Diputada%20Valdebenito%3A%20%E2%80%9CNo%20podemos%20seguir%20normalizando%20la%20violencia%20en%20nuestras%20aulas%E2%80%9D' aria-hidden='false' data-av_icon='\ue8f3' data-av_iconfont='entypo-fontello' title='' data-avia-related-tooltip='Compartir en Facebook' rel=\"noopener\"><span class='avia_hidden_link_text'>Compartir en Facebook<\/span><\/a><\/li><li class='av-share-link av-social-link-twitter' ><a target=\"_blank\" aria-label=\"Compartir en Twitter\" href='https:\/\/twitter.com\/share?text=Diputada%20Valdebenito%3A%20%E2%80%9CNo%20podemos%20seguir%20normalizando%20la%20violencia%20en%20nuestras%20aulas%E2%80%9D&#038;url=https:\/\/radiorevelacionfm.cl\/?p=66372' aria-hidden='false' data-av_icon='\ue8f1' data-av_iconfont='entypo-fontello' title='' data-avia-related-tooltip='Compartir en Twitter' rel=\"noopener\"><span class='avia_hidden_link_text'>Compartir en Twitter<\/span><\/a><\/li><li class='av-share-link av-social-link-whatsapp' ><a target=\"_blank\" aria-label=\"Compartir en Whatsapp\" href='https:\/\/api.whatsapp.com\/send?text=https:\/\/radiorevelacionfm.cl\/?p=66372' aria-hidden='false' data-av_icon='\uf232' data-av_iconfont='entypo-fontello' title='' data-avia-related-tooltip='Compartir en Whatsapp' rel=\"noopener\"><span class='avia_hidden_link_text'>Compartir en Whatsapp<\/span><\/a><\/li><li class='av-share-link av-social-link-linkedin' ><a target=\"_blank\" aria-label=\"Compartir en LinkedIn\" href='https:\/\/linkedin.com\/shareArticle?mini=true&#038;title=Diputada%20Valdebenito%3A%20%E2%80%9CNo%20podemos%20seguir%20normalizando%20la%20violencia%20en%20nuestras%20aulas%E2%80%9D&#038;url=https:\/\/radiorevelacionfm.cl\/?p=66372' aria-hidden='false' data-av_icon='\ue8fc' data-av_iconfont='entypo-fontello' title='' data-avia-related-tooltip='Compartir en LinkedIn' rel=\"noopener\"><span class='avia_hidden_link_text'>Compartir en LinkedIn<\/span><\/a><\/li><li class='av-share-link av-social-link-mail' ><a  aria-label=\"Compartir por correo\" href='mailto:?subject=Diputada%20Valdebenito%3A%20%E2%80%9CNo%20podemos%20seguir%20normalizando%20la%20violencia%20en%20nuestras%20aulas%E2%80%9D&#038;body=https:\/\/radiorevelacionfm.cl\/?p=66372' aria-hidden='false' data-av_icon='\ue805' data-av_iconfont='entypo-fontello' title='' data-avia-related-tooltip='Compartir por correo'><span class='avia_hidden_link_text'>Compartir por correo<\/span><\/a><\/li><\/ul><\/div><\/div>\n<div  style='height:50px' class='hr hr-invisible   avia-builder-el-8  el_after_av_social_share  el_before_av_comments_list '><span class='hr-inner ' ><span class='hr-inner-style'><\/span><\/span><\/div>\n<div  class='av-buildercomment  av-blog-meta-html-info-disabled av-blog-meta-tag-disabled  '><\/div>\n","protected":false},"excerpt":{"rendered":"","protected":false},"author":1,"featured_media":66373,"comment_status":"closed","ping_status":"closed","sticky":false,"template":"","format":"standard","meta":{"footnotes":""},"categories":[35],"tags":[],"class_list":["post-66372","post","type-post","status-publish","format-standard","has-post-thumbnail","hentry","category-politica"],"jetpack_featured_media_url":"https:\/\/radiorevelacionfm.cl\/wp-content\/uploads\/2026\/04\/Diputada-Valdebenito-con-ministra-de-Educacion-1-1.jpg","_links":{"self":[{"href":"https:\/\/radiorevelacionfm.cl\/index.php?rest_route=\/wp\/v2\/posts\/66372","targetHints":{"allow":["GET"]}}],"collection":[{"href":"https:\/\/radiorevelacionfm.cl\/index.php?rest_route=\/wp\/v2\/posts"}],"about":[{"href":"https:\/\/radiorevelacionfm.cl\/index.php?rest_route=\/wp\/v2\/types\/post"}],"author":[{"embeddable":true,"href":"https:\/\/radiorevelacionfm.cl\/index.php?rest_route=\/wp\/v2\/users\/1"}],"replies":[{"embeddable":true,"href":"https:\/\/radiorevelacionfm.cl\/index.php?rest_route=%2Fwp%2Fv2%2Fcomments&post=66372"}],"version-history":[{"count":2,"href":"https:\/\/radiorevelacionfm.cl\/index.php?rest_route=\/wp\/v2\/posts\/66372\/revisions"}],"predecessor-version":[{"id":66380,"href":"https:\/\/radiorevelacionfm.cl\/index.php?rest_route=\/wp\/v2\/posts\/66372\/revisions\/66380"}],"wp:featuredmedia":[{"embeddable":true,"href":"https:\/\/radiorevelacionfm.cl\/index.php?rest_route=\/wp\/v2\/media\/66373"}],"wp:attachment":[{"href":"https:\/\/radiorevelacionfm.cl\/index.php?rest_route=%2Fwp%2Fv2%2Fmedia&parent=66372"}],"wp:term":[{"taxonomy":"category","embeddable":true,"href":"https:\/\/radiorevelacionfm.cl\/index.php?rest_route=%2Fwp%2Fv2%2Fcategories&post=66372"},{"taxonomy":"post_tag","embeddable":true,"href":"https:\/\/radiorevelacionfm.cl\/index.php?rest_route=%2Fwp%2Fv2%2Ftags&post=66372"}],"curies":[{"name":"wp","href":"https:\/\/api.w.org\/{rel}","templated":true}]}}