{"id":66368,"date":"2026-04-21T17:58:20","date_gmt":"2026-04-21T20:58:20","guid":{"rendered":"https:\/\/radiorevelacionfm.cl\/?p=66368"},"modified":"2026-04-21T17:58:20","modified_gmt":"2026-04-21T20:58:20","slug":"aysen-en-una-sola-voz-da-a-conocer-iniciativa-energetica-a-parlamentarios-de-la-region","status":"publish","type":"post","link":"https:\/\/radiorevelacionfm.cl\/?p=66368","title":{"rendered":"\u201cAys\u00e9n en una sola voz\u201d da a conocer iniciativa energ\u00e9tica a Parlamentarios de la regi\u00f3n"},"content":{"rendered":"<div class=\"flex_column av_one_full  flex_column_div av-zero-column-padding first  avia-builder-el-0  el_before_av_one_full  avia-builder-el-first  \" style='border-radius:0px; '><div  class='avia-image-container  av-styling-    avia-builder-el-1  avia-builder-el-no-sibling  avia-align-center '  itemprop=\"image\" itemscope=\"itemscope\" itemtype=\"https:\/\/schema.org\/ImageObject\"  ><div class='avia-image-container-inner'><div class='avia-image-overlay-wrap'><img decoding=\"async\" class='wp-image-66369 avia-img-lazy-loading-not-66369 avia_image' src=\"https:\/\/radiorevelacionfm.cl\/wp-content\/uploads\/2026\/04\/reunion-parlamentarios-1-1_optimized.jpg\" alt='' title='reunion-parlamentarios-1-(1)_optimized' height=\"600\" width=\"1000\"  itemprop=\"thumbnailUrl\" srcset=\"https:\/\/radiorevelacionfm.cl\/wp-content\/uploads\/2026\/04\/reunion-parlamentarios-1-1_optimized.jpg 1000w, https:\/\/radiorevelacionfm.cl\/wp-content\/uploads\/2026\/04\/reunion-parlamentarios-1-1_optimized-300x180.jpg 300w, https:\/\/radiorevelacionfm.cl\/wp-content\/uploads\/2026\/04\/reunion-parlamentarios-1-1_optimized-768x461.jpg 768w, https:\/\/radiorevelacionfm.cl\/wp-content\/uploads\/2026\/04\/reunion-parlamentarios-1-1_optimized-705x423.jpg 705w, https:\/\/radiorevelacionfm.cl\/wp-content\/uploads\/2026\/04\/reunion-parlamentarios-1-1_optimized-450x270.jpg 450w, https:\/\/radiorevelacionfm.cl\/wp-content\/uploads\/2026\/04\/reunion-parlamentarios-1-1_optimized-600x360.jpg 600w\" sizes=\"(max-width: 1000px) 100vw, 1000px\" \/><\/div><\/div><\/div><\/div><div class=\"flex_column av_one_full  flex_column_div av-zero-column-padding first  avia-builder-el-2  el_after_av_one_full  el_before_av_one_full  column-top-margin\" style='border-radius:0px; '><section class=\"av_textblock_section \"  itemscope=\"itemscope\" itemtype=\"https:\/\/schema.org\/BlogPosting\" itemprop=\"blogPost\" ><div class='avia_textblock  '   itemprop=\"text\" ><p style=\"text-align: center;\"><strong><span style=\"font-size: 18pt;\">\u201cAys\u00e9n en una sola voz\u201d da a conocer iniciativa energ\u00e9tica a Parlamentarios de la regi\u00f3n<\/span><\/strong><\/p>\n<div id=\"gtx-trans\" style=\"position: absolute; left: -50px; top: 4.31534px;\">\n<div class=\"gtx-trans-icon\"><\/div>\n<\/div>\n<\/div><\/section><\/div><div class=\"flex_column av_one_full  flex_column_div av-zero-column-padding first  avia-builder-el-4  el_after_av_one_full  el_before_av_hr  column-top-margin\" style='border-radius:0px; '><section class=\"av_textblock_section \"  itemscope=\"itemscope\" itemtype=\"https:\/\/schema.org\/BlogPosting\" itemprop=\"blogPost\" ><div class='avia_textblock  '   itemprop=\"text\" ><p style=\"text-align: justify;\"><em>Buscan seguir sumando autoridades y dirigentes que conozcan las medidas, que tienen como fin reducir el costo de la energ\u00eda en la regi\u00f3n, para que en \u201cuna sola voz\u201d, se puedan impulsar las iniciativas que beneficien a todas las familias del territorio y tambi\u00e9n al \u00e1rea productiva.<\/em><\/p>\n<p style=\"text-align: justify;\">Al encuentro asistieron el Senador Miguel \u00c1ngel Calisto, la Diputada Alejandra Valdebenito y el representante de la Diputada Andrea Mac\u00edas, Jorge Calder\u00f3n.<\/p>\n<p style=\"text-align: justify;\">El reciente fin de semana, el movimiento \u201cAys\u00e9n en una sola voz\u201d, convoc\u00f3 a los Parlamentarios de la regi\u00f3n, con el fin de darles a conocer la propuesta que busca una tarifa \u00fanica regional, basada en energ\u00eda limpia y a precio justo. Donde los beneficiarios sean todos los hogares de la zona, emprendedores, comercio, turismo y la industria.<\/p>\n<p style=\"text-align: justify;\">A la cita lleg\u00f3 el Senador Miguel \u00c1ngel Calisto, quien puso en valor estas instancias de dialogo, relev\u00f3 el trabajo de la organizaci\u00f3n e inform\u00f3 c\u00f3mo se ha ido avanzado a nivel central en esta materia y que es lo que viene prontamente, incluyendo el compromiso de que la Ministra de Energ\u00eda, Ximena Rinc\u00f3n, llegue a la regi\u00f3n y se pueda reunir con autoridades, dirigentes y organizaciones como \u201cAys\u00e9n en una sola voz\u201d.<\/p>\n<p style=\"text-align: justify;\">\u201cHemos avanzado en dos l\u00edneas. Una de ellas, tiene que ver con la solicitud del acople tarifario, que significa beneficiar al sector industrial de la regi\u00f3n para que tenga mayor equidad tarifaria con la zona central. En segundo lugar, estamos pidiendo formalmente que no se nos cobre la deuda generada por el congelamiento de las tarifas durante el tiempo de la pandemia, porque eso en definitiva lo que genera es que nosotros estamos pagando una deuda que no nos corresponde y en eso hay un avance bien importante tambi\u00e9n con la ministra de energ\u00eda, Ximena Rinc\u00f3n, en este poco tiempo que lleva, estamos logrando dos objetivos que son importantes y precisos. Pero nos queda lo m\u00e1s grueso, \u00bfC\u00f3mo nosotros logramos bajar el valor de la tarifa el\u00e9ctrica residencial?, cuando hoy d\u00eda estamos enfrentados a una situaci\u00f3n internacional compleja, producto del alza del combustible y eso evidentemente va a aumentar el valor de la tarifa el\u00e9ctrica. Entonces, estamos de cabeza trabajando junto a esta organizaci\u00f3n, estamos pidiendo a la ministra que pueda estar en la regi\u00f3n, no m\u00e1s all\u00e1 de dos o tres semanas para poder presentar una propuesta que sea una hoja de ruta regional para la tarifa residencial y la tarifa regulada y obviamente bajar los valores que es el objetivo primordial de todos nosotros\u201d.<\/p>\n<p style=\"text-align: justify;\">El apoyo t\u00e9cnico de la organizaci\u00f3n es, David Hidalgo, encargado en las reuniones con dirigentes, vecinos o autoridades, de entregar el detalle de la propuesta energ\u00e9tica y como esta iniciativa se podr\u00eda concretar.<\/p>\n<p style=\"text-align: justify;\">\u201cEs una instancia que buscamos como ciudadanos de mostrar la unidad frente a un tema complejo, un tema que muchas veces se han pagado estudios, se han hecho muchos diagn\u00f3sticos sobre la energ\u00eda en Ays\u00e9n. Y nosotros como movimiento lo que buscamos es una mejora de las condiciones de m\u00e1s energ\u00eda, el foco en una energ\u00eda limpia y un precio justo. Promoviendo un sistema de cambio de matriz energ\u00e9tica real, una propuesta concreta que va en beneficio tanto de la industria, del comercio, de las pymes, de los emprendedores, de todas las \u00e1reas productivas y tambi\u00e9n de los hogares, las familias. Aqu\u00ed estamos trabajando para obtener justicia, equidad tarifaria real y un cambio que nos permita acceder a energ\u00eda m\u00e1s barata, energ\u00eda limpia, energ\u00eda disponible con capacidad para seguir creciendo, proyect\u00e1ndonos al desarrollo y al progreso\u201d.<\/p>\n<p style=\"text-align: justify;\">El Concejal de la comuna de Cisnes, Cristian Jaramillo, es el coordinador del movimiento \u201cAys\u00e9n en una sola voz\u201d y se mostr\u00f3 contento de que la organizaci\u00f3n siga creciendo y dando cuenta a m\u00e1s autoridades la iniciativa que llevan adelante. Esperando que prontamente la mesa se pueda seguir ampliando y ante la visita de la m\u00e1xima autoridad de energ\u00eda en el pa\u00eds, puedan exponer y lograr acuerdos en bien de toda la regi\u00f3n.<\/p>\n<p style=\"text-align: justify;\">\u201cEsperamos realizar una mesa de trabajo a\u00fan mayor, a\u00fan m\u00e1s masiva, incorporar a m\u00e1s personas dentro de esta mesa. Fue la sugerencia tambi\u00e9n que nos hizo el senador Miguel \u00c1ngel Calisto que estuvo ac\u00e1, dicho sea de paso, acompa\u00f1ado tambi\u00e9n de la diputada Alejandra Valdebenito y el representante de la diputada Andrea Mac\u00edas don Jorge Calder\u00f3n. La verdad es que la propuesta ha sido bien valorada en todas las oficinas donde hemos estado, en todas las reuniones que hemos sostenido, pero requiere un trabajo y este trabajo tenemos que hacerlo entre todos los actores de la regi\u00f3n. As\u00ed que nos vamos con eso, quedamos con el compromiso de parte de los parlamentarios de agendar una reuni\u00f3n con la ministra de Rinc\u00f3n en nuestra regi\u00f3n\u201d.<\/p>\n<p style=\"text-align: justify;\">Recordar que algunos de los ejes principales de la propuesta que ha levantado el movimiento \u201cAys\u00e9n en una sola voz\u201d, tienen que ver con, avanzar hacia una soluci\u00f3n estructural de largo plazo, basada en la construcci\u00f3n de una central hidroel\u00e9ctrica de pasada de aproximadamente 20 MW, con capacidad de reemplazar una parte significativa de la generaci\u00f3n actual en base a combustibles f\u00f3siles.<\/p>\n<p style=\"text-align: justify;\">Esta iniciativa permitir\u00eda, reducir de manera sostenida los costos de generaci\u00f3n el\u00e9ctrica, disminuir la exposici\u00f3n de la regi\u00f3n a las variaciones del precio del combustible, fortalecer la seguridad energ\u00e9tica regional, generar empleo local en su etapa de construcci\u00f3n, impulsar el desarrollo productivo y la inversi\u00f3n.<\/p>\n<p style=\"text-align: justify;\">Desde el punto de vista social, la propuesta apunta a reducir la pobreza energ\u00e9tica, avanzar hacia mayor equidad territorial y mejorar la calidad de vida de las familias de Ays\u00e9n.<\/p>\n<p style=\"text-align: justify;\">En materia ambiental, implica una disminuci\u00f3n significativa de emisiones de CO\u2082, junto con una reducci\u00f3n del uso de combustibles f\u00f3siles, avanzando hacia un modelo de desarrollo m\u00e1s limpio y sostenible.<\/p>\n<p style=\"text-align: justify;\">Estos puntos y otros tendientes, principalmente a reducir los costos residenciales de la energ\u00eda el\u00e9ctrica y de toda la regi\u00f3n, son los que esperan dar a conocer a las autoridades para avanzar en mejores condiciones para el territorio.<\/p>\n<\/div><\/section><\/div><div  style='height:50px' class='hr hr-invisible   avia-builder-el-6  el_after_av_one_full  el_before_av_social_share '><span class='hr-inner ' ><span class='hr-inner-style'><\/span><\/span><\/div><\/p>\n<div  class='av-social-sharing-box  avia-builder-el-7  el_after_av_hr  el_before_av_hr  '><div class='av-share-box'><h5 class='av-share-link-description av-no-toc '>Compartir esta noticia<\/h5><ul class='av-share-box-list noLightbox'><li class='av-share-link av-social-link-facebook' ><a target=\"_blank\" aria-label=\"Compartir en Facebook\" href='https:\/\/www.facebook.com\/sharer.php?u=https:\/\/radiorevelacionfm.cl\/?p=66368&#038;t=%E2%80%9CAys%C3%A9n%20en%20una%20sola%20voz%E2%80%9D%20da%20a%20conocer%20iniciativa%20energ%C3%A9tica%20a%20Parlamentarios%20de%20la%20regi%C3%B3n' aria-hidden='false' data-av_icon='\ue8f3' data-av_iconfont='entypo-fontello' title='' data-avia-related-tooltip='Compartir en Facebook' rel=\"noopener\"><span class='avia_hidden_link_text'>Compartir en Facebook<\/span><\/a><\/li><li class='av-share-link av-social-link-twitter' ><a target=\"_blank\" aria-label=\"Compartir en Twitter\" href='https:\/\/twitter.com\/share?text=%E2%80%9CAys%C3%A9n%20en%20una%20sola%20voz%E2%80%9D%20da%20a%20conocer%20iniciativa%20energ%C3%A9tica%20a%20Parlamentarios%20de%20la%20regi%C3%B3n&#038;url=https:\/\/radiorevelacionfm.cl\/?p=66368' aria-hidden='false' data-av_icon='\ue8f1' data-av_iconfont='entypo-fontello' title='' data-avia-related-tooltip='Compartir en Twitter' rel=\"noopener\"><span class='avia_hidden_link_text'>Compartir en Twitter<\/span><\/a><\/li><li class='av-share-link av-social-link-whatsapp' ><a target=\"_blank\" aria-label=\"Compartir en Whatsapp\" href='https:\/\/api.whatsapp.com\/send?text=https:\/\/radiorevelacionfm.cl\/?p=66368' aria-hidden='false' data-av_icon='\uf232' data-av_iconfont='entypo-fontello' title='' data-avia-related-tooltip='Compartir en Whatsapp' rel=\"noopener\"><span class='avia_hidden_link_text'>Compartir en Whatsapp<\/span><\/a><\/li><li class='av-share-link av-social-link-linkedin' ><a target=\"_blank\" aria-label=\"Compartir en LinkedIn\" href='https:\/\/linkedin.com\/shareArticle?mini=true&#038;title=%E2%80%9CAys%C3%A9n%20en%20una%20sola%20voz%E2%80%9D%20da%20a%20conocer%20iniciativa%20energ%C3%A9tica%20a%20Parlamentarios%20de%20la%20regi%C3%B3n&#038;url=https:\/\/radiorevelacionfm.cl\/?p=66368' aria-hidden='false' data-av_icon='\ue8fc' data-av_iconfont='entypo-fontello' title='' data-avia-related-tooltip='Compartir en LinkedIn' rel=\"noopener\"><span class='avia_hidden_link_text'>Compartir en LinkedIn<\/span><\/a><\/li><li class='av-share-link av-social-link-mail' ><a  aria-label=\"Compartir por correo\" href='mailto:?subject=%E2%80%9CAys%C3%A9n%20en%20una%20sola%20voz%E2%80%9D%20da%20a%20conocer%20iniciativa%20energ%C3%A9tica%20a%20Parlamentarios%20de%20la%20regi%C3%B3n&#038;body=https:\/\/radiorevelacionfm.cl\/?p=66368' aria-hidden='false' data-av_icon='\ue805' data-av_iconfont='entypo-fontello' title='' data-avia-related-tooltip='Compartir por correo'><span class='avia_hidden_link_text'>Compartir por correo<\/span><\/a><\/li><\/ul><\/div><\/div>\n<div  style='height:50px' class='hr hr-invisible   avia-builder-el-8  el_after_av_social_share  el_before_av_comments_list '><span class='hr-inner ' ><span class='hr-inner-style'><\/span><\/span><\/div>\n<div  class='av-buildercomment  av-blog-meta-html-info-disabled av-blog-meta-tag-disabled  '><\/div>\n","protected":false},"excerpt":{"rendered":"","protected":false},"author":1,"featured_media":66369,"comment_status":"closed","ping_status":"closed","sticky":false,"template":"","format":"standard","meta":{"footnotes":""},"categories":[38],"tags":[],"class_list":["post-66368","post","type-post","status-publish","format-standard","has-post-thumbnail","hentry","category-regional"],"jetpack_featured_media_url":"https:\/\/radiorevelacionfm.cl\/wp-content\/uploads\/2026\/04\/reunion-parlamentarios-1-1_optimized.jpg","_links":{"self":[{"href":"https:\/\/radiorevelacionfm.cl\/index.php?rest_route=\/wp\/v2\/posts\/66368","targetHints":{"allow":["GET"]}}],"collection":[{"href":"https:\/\/radiorevelacionfm.cl\/index.php?rest_route=\/wp\/v2\/posts"}],"about":[{"href":"https:\/\/radiorevelacionfm.cl\/index.php?rest_route=\/wp\/v2\/types\/post"}],"author":[{"embeddable":true,"href":"https:\/\/radiorevelacionfm.cl\/index.php?rest_route=\/wp\/v2\/users\/1"}],"replies":[{"embeddable":true,"href":"https:\/\/radiorevelacionfm.cl\/index.php?rest_route=%2Fwp%2Fv2%2Fcomments&post=66368"}],"version-history":[{"count":2,"href":"https:\/\/radiorevelacionfm.cl\/index.php?rest_route=\/wp\/v2\/posts\/66368\/revisions"}],"predecessor-version":[{"id":66371,"href":"https:\/\/radiorevelacionfm.cl\/index.php?rest_route=\/wp\/v2\/posts\/66368\/revisions\/66371"}],"wp:featuredmedia":[{"embeddable":true,"href":"https:\/\/radiorevelacionfm.cl\/index.php?rest_route=\/wp\/v2\/media\/66369"}],"wp:attachment":[{"href":"https:\/\/radiorevelacionfm.cl\/index.php?rest_route=%2Fwp%2Fv2%2Fmedia&parent=66368"}],"wp:term":[{"taxonomy":"category","embeddable":true,"href":"https:\/\/radiorevelacionfm.cl\/index.php?rest_route=%2Fwp%2Fv2%2Fcategories&post=66368"},{"taxonomy":"post_tag","embeddable":true,"href":"https:\/\/radiorevelacionfm.cl\/index.php?rest_route=%2Fwp%2Fv2%2Ftags&post=66368"}],"curies":[{"name":"wp","href":"https:\/\/api.w.org\/{rel}","templated":true}]}}