{"id":66363,"date":"2026-04-21T16:54:44","date_gmt":"2026-04-21T19:54:44","guid":{"rendered":"https:\/\/radiorevelacionfm.cl\/?p=66363"},"modified":"2026-04-21T16:54:44","modified_gmt":"2026-04-21T19:54:44","slug":"gendarmeria-recibio-implementacion-deportiva-para-implementacion-de-talleres-en-poblacion-penal","status":"publish","type":"post","link":"https:\/\/radiorevelacionfm.cl\/?p=66363","title":{"rendered":"Gendarmer\u00eda recibi\u00f3 implementaci\u00f3n deportiva para implementaci\u00f3n de talleres en poblaci\u00f3n penal"},"content":{"rendered":"<div class=\"flex_column av_one_full  flex_column_div av-zero-column-padding first  avia-builder-el-0  el_before_av_one_full  avia-builder-el-first  \" style='border-radius:0px; '><div  class='avia-image-container  av-styling-    avia-builder-el-1  avia-builder-el-no-sibling  avia-align-center '  itemprop=\"image\" itemscope=\"itemscope\" itemtype=\"https:\/\/schema.org\/ImageObject\"  ><div class='avia-image-container-inner'><div class='avia-image-overlay-wrap'><img decoding=\"async\" class='wp-image-66364 avia-img-lazy-loading-not-66364 avia_image' src=\"https:\/\/radiorevelacionfm.cl\/wp-content\/uploads\/2026\/04\/IMG_20260420_121454470_HDR-1-1.jpg\" alt='' title='IMG_20260420_121454470_HDR (1) (1)' height=\"602\" width=\"800\"  itemprop=\"thumbnailUrl\" srcset=\"https:\/\/radiorevelacionfm.cl\/wp-content\/uploads\/2026\/04\/IMG_20260420_121454470_HDR-1-1.jpg 800w, https:\/\/radiorevelacionfm.cl\/wp-content\/uploads\/2026\/04\/IMG_20260420_121454470_HDR-1-1-300x226.jpg 300w, https:\/\/radiorevelacionfm.cl\/wp-content\/uploads\/2026\/04\/IMG_20260420_121454470_HDR-1-1-768x578.jpg 768w, https:\/\/radiorevelacionfm.cl\/wp-content\/uploads\/2026\/04\/IMG_20260420_121454470_HDR-1-1-705x531.jpg 705w, https:\/\/radiorevelacionfm.cl\/wp-content\/uploads\/2026\/04\/IMG_20260420_121454470_HDR-1-1-450x339.jpg 450w, https:\/\/radiorevelacionfm.cl\/wp-content\/uploads\/2026\/04\/IMG_20260420_121454470_HDR-1-1-600x452.jpg 600w\" sizes=\"(max-width: 800px) 100vw, 800px\" \/><\/div><\/div><\/div><\/div><div class=\"flex_column av_one_full  flex_column_div av-zero-column-padding first  avia-builder-el-2  el_after_av_one_full  el_before_av_one_full  column-top-margin\" style='border-radius:0px; '><section class=\"av_textblock_section \"  itemscope=\"itemscope\" itemtype=\"https:\/\/schema.org\/BlogPosting\" itemprop=\"blogPost\" ><div class='avia_textblock  '   itemprop=\"text\" ><p style=\"text-align: center;\"><strong><span style=\"font-size: 18pt;\">Gendarmer\u00eda recibi\u00f3 implementaci\u00f3n deportiva para implementaci\u00f3n de talleres en poblaci\u00f3n penal<\/span><\/strong><\/p>\n<div id=\"gtx-trans\" style=\"position: absolute; left: -50px; top: 4.31534px;\">\n<div class=\"gtx-trans-icon\"><\/div>\n<\/div>\n<\/div><\/section><\/div><div class=\"flex_column av_one_full  flex_column_div av-zero-column-padding first  avia-builder-el-4  el_after_av_one_full  el_before_av_hr  column-top-margin\" style='border-radius:0px; '><section class=\"av_textblock_section \"  itemscope=\"itemscope\" itemtype=\"https:\/\/schema.org\/BlogPosting\" itemprop=\"blogPost\" ><div class='avia_textblock  '   itemprop=\"text\" ><p style=\"text-align: justify;\">Implementaci\u00f3n deportiva para la realizaci\u00f3n de dos talleres orientados a la poblaci\u00f3n penal del Centro de Cumplimiento penitenciario de Coyhaique entreg\u00f3 el Seremi del ramo Jorge Ojeda Molina, iniciativa enmarcada en el convenio vigente entre Gendarmer\u00eda de Chile y el Instituto Nacional del Deporte (IND).<\/p>\n<p style=\"text-align: justify;\">Dentro de los elementos entregados figuran balones de futsal, redes para arcos, un set de petos, maleta con mancuernas, pesas para tobillos y balones medicinales, aporte realizado gracias al Programa Participaci\u00f3n Social.<\/p>\n<p style=\"text-align: justify;\">El Seremi del Deporte destac\u00f3 que la entrega de material deportivo permitir\u00e1 la realizaci\u00f3n de dos talleres uno orientado a la poblaci\u00f3n penal masculina y el otro para mujeres privadas de libertad.<\/p>\n<p style=\"text-align: justify;\">\u201cEstamos haciendo la entrega de un equipamiento, 450 mil pesos aproximadamente para dos talleres que estamos ejecutando aqu\u00ed en la comuna de Coyhaique, porque el deporte no es solo actividad f\u00edsica, tambi\u00e9n es salud mental. As\u00ed que ese es nuestro aporte desde el Ministerio del Deporte y desde el IND\u201d subray\u00f3 Molina.<\/p>\n<p style=\"text-align: justify;\">Generar actividades de deporte, recreaci\u00f3n y cultura es parte de los lineamientos t\u00e9cnicos de Gendarmer\u00eda de Chile en materia de prestaci\u00f3n de derechos, pero adem\u00e1s estas iniciativas tienen un impacto directo en la seguridad y bienestar de las personas privadas de libertad.<\/p>\n<p style=\"text-align: justify;\">\u201cNo solamente el deporte es actividad f\u00edsica sino que tambi\u00e9n es salud mental, estamos en un momento pa\u00eds en que el hacinamiento es grande, eso genera mayor conflicto, genera mayor violencia y para bajar los niveles de estr\u00e9s de la poblaci\u00f3n penal eso se hace a trav\u00e9s del artes y la cultura\u201d agreg\u00f3 la directora regional de Gendarmer\u00eda, Coronel Jessica Rivas Hern\u00e1ndez.<\/p>\n<p style=\"text-align: justify;\">Por su parte la Seremi de Justicia y DDHH Andrea Ponce Olivares relev\u00f3 el trabajo que realiza Gendarmer\u00eda en materia de Reinserci\u00f3n Social, as\u00ed como la importancia del trabajo intersectorial para inyectar recursos al sistema penitenciario.<\/p>\n<p style=\"text-align: justify;\">\u201cConozco de manera directa el trabajo que realizan los funcionarios para reinsertar y para llevar mejoras a la poblaci\u00f3n penal, por lo tanto hoy agradecemos esta entrega de recursos. Definitivamente tenemos que apoyarnos todos los ministerios y todos quienes podamos en la regi\u00f3n de Ays\u00e9n para traer m\u00e1s recursos\u201d.<\/p>\n<p style=\"text-align: justify;\">Por \u00faltimo hay que destacar que a la actividad fue invitado el Seremi de Seguridad P\u00fablica <strong>Jean Paul Zimmermann Mussiett, con la finalidad de que se vaya interiorizando de la labor que realiza Gendarmer\u00eda a prop\u00f3sito del traspaso de ministerio, autoridad que valor\u00f3 la iniciativa.<\/strong><\/p>\n<\/div><\/section><\/div><div  style='height:50px' class='hr hr-invisible   avia-builder-el-6  el_after_av_one_full  el_before_av_social_share '><span class='hr-inner ' ><span class='hr-inner-style'><\/span><\/span><\/div><\/p>\n<div  class='av-social-sharing-box  avia-builder-el-7  el_after_av_hr  el_before_av_hr  '><div class='av-share-box'><h5 class='av-share-link-description av-no-toc '>Compartir esta noticia<\/h5><ul class='av-share-box-list noLightbox'><li class='av-share-link av-social-link-facebook' ><a target=\"_blank\" aria-label=\"Compartir en Facebook\" href='https:\/\/www.facebook.com\/sharer.php?u=https:\/\/radiorevelacionfm.cl\/?p=66363&#038;t=Gendarmer%C3%ADa%20recibi%C3%B3%20implementaci%C3%B3n%20deportiva%20para%20implementaci%C3%B3n%20de%20talleres%20en%20poblaci%C3%B3n%20penal' aria-hidden='false' data-av_icon='\ue8f3' data-av_iconfont='entypo-fontello' title='' data-avia-related-tooltip='Compartir en Facebook' rel=\"noopener\"><span class='avia_hidden_link_text'>Compartir en Facebook<\/span><\/a><\/li><li class='av-share-link av-social-link-twitter' ><a target=\"_blank\" aria-label=\"Compartir en Twitter\" href='https:\/\/twitter.com\/share?text=Gendarmer%C3%ADa%20recibi%C3%B3%20implementaci%C3%B3n%20deportiva%20para%20implementaci%C3%B3n%20de%20talleres%20en%20poblaci%C3%B3n%20penal&#038;url=https:\/\/radiorevelacionfm.cl\/?p=66363' aria-hidden='false' data-av_icon='\ue8f1' data-av_iconfont='entypo-fontello' title='' data-avia-related-tooltip='Compartir en Twitter' rel=\"noopener\"><span class='avia_hidden_link_text'>Compartir en Twitter<\/span><\/a><\/li><li class='av-share-link av-social-link-whatsapp' ><a target=\"_blank\" aria-label=\"Compartir en Whatsapp\" href='https:\/\/api.whatsapp.com\/send?text=https:\/\/radiorevelacionfm.cl\/?p=66363' aria-hidden='false' data-av_icon='\uf232' data-av_iconfont='entypo-fontello' title='' data-avia-related-tooltip='Compartir en Whatsapp' rel=\"noopener\"><span class='avia_hidden_link_text'>Compartir en Whatsapp<\/span><\/a><\/li><li class='av-share-link av-social-link-linkedin' ><a target=\"_blank\" aria-label=\"Compartir en LinkedIn\" href='https:\/\/linkedin.com\/shareArticle?mini=true&#038;title=Gendarmer%C3%ADa%20recibi%C3%B3%20implementaci%C3%B3n%20deportiva%20para%20implementaci%C3%B3n%20de%20talleres%20en%20poblaci%C3%B3n%20penal&#038;url=https:\/\/radiorevelacionfm.cl\/?p=66363' aria-hidden='false' data-av_icon='\ue8fc' data-av_iconfont='entypo-fontello' title='' data-avia-related-tooltip='Compartir en LinkedIn' rel=\"noopener\"><span class='avia_hidden_link_text'>Compartir en LinkedIn<\/span><\/a><\/li><li class='av-share-link av-social-link-mail' ><a  aria-label=\"Compartir por correo\" href='mailto:?subject=Gendarmer%C3%ADa%20recibi%C3%B3%20implementaci%C3%B3n%20deportiva%20para%20implementaci%C3%B3n%20de%20talleres%20en%20poblaci%C3%B3n%20penal&#038;body=https:\/\/radiorevelacionfm.cl\/?p=66363' aria-hidden='false' data-av_icon='\ue805' data-av_iconfont='entypo-fontello' title='' data-avia-related-tooltip='Compartir por correo'><span class='avia_hidden_link_text'>Compartir por correo<\/span><\/a><\/li><\/ul><\/div><\/div>\n<div  style='height:50px' class='hr hr-invisible   avia-builder-el-8  el_after_av_social_share  el_before_av_comments_list '><span class='hr-inner ' ><span class='hr-inner-style'><\/span><\/span><\/div>\n<div  class='av-buildercomment  av-blog-meta-html-info-disabled av-blog-meta-tag-disabled  '><\/div>\n","protected":false},"excerpt":{"rendered":"","protected":false},"author":1,"featured_media":66364,"comment_status":"closed","ping_status":"closed","sticky":false,"template":"","format":"standard","meta":{"footnotes":""},"categories":[38],"tags":[],"class_list":["post-66363","post","type-post","status-publish","format-standard","has-post-thumbnail","hentry","category-regional"],"jetpack_featured_media_url":"https:\/\/radiorevelacionfm.cl\/wp-content\/uploads\/2026\/04\/IMG_20260420_121454470_HDR-1-1.jpg","_links":{"self":[{"href":"https:\/\/radiorevelacionfm.cl\/index.php?rest_route=\/wp\/v2\/posts\/66363","targetHints":{"allow":["GET"]}}],"collection":[{"href":"https:\/\/radiorevelacionfm.cl\/index.php?rest_route=\/wp\/v2\/posts"}],"about":[{"href":"https:\/\/radiorevelacionfm.cl\/index.php?rest_route=\/wp\/v2\/types\/post"}],"author":[{"embeddable":true,"href":"https:\/\/radiorevelacionfm.cl\/index.php?rest_route=\/wp\/v2\/users\/1"}],"replies":[{"embeddable":true,"href":"https:\/\/radiorevelacionfm.cl\/index.php?rest_route=%2Fwp%2Fv2%2Fcomments&post=66363"}],"version-history":[{"count":2,"href":"https:\/\/radiorevelacionfm.cl\/index.php?rest_route=\/wp\/v2\/posts\/66363\/revisions"}],"predecessor-version":[{"id":66366,"href":"https:\/\/radiorevelacionfm.cl\/index.php?rest_route=\/wp\/v2\/posts\/66363\/revisions\/66366"}],"wp:featuredmedia":[{"embeddable":true,"href":"https:\/\/radiorevelacionfm.cl\/index.php?rest_route=\/wp\/v2\/media\/66364"}],"wp:attachment":[{"href":"https:\/\/radiorevelacionfm.cl\/index.php?rest_route=%2Fwp%2Fv2%2Fmedia&parent=66363"}],"wp:term":[{"taxonomy":"category","embeddable":true,"href":"https:\/\/radiorevelacionfm.cl\/index.php?rest_route=%2Fwp%2Fv2%2Fcategories&post=66363"},{"taxonomy":"post_tag","embeddable":true,"href":"https:\/\/radiorevelacionfm.cl\/index.php?rest_route=%2Fwp%2Fv2%2Ftags&post=66363"}],"curies":[{"name":"wp","href":"https:\/\/api.w.org\/{rel}","templated":true}]}}