{"id":66360,"date":"2026-04-22T10:11:52","date_gmt":"2026-04-22T13:11:52","guid":{"rendered":"https:\/\/radiorevelacionfm.cl\/?p=66360"},"modified":"2026-04-22T10:11:52","modified_gmt":"2026-04-22T13:11:52","slug":"conductores-de-la-region-destacan-el-apoyo-estatal-para-enfrentar-alza-de-combustibles","status":"publish","type":"post","link":"https:\/\/radiorevelacionfm.cl\/?p=66360","title":{"rendered":"Conductores de la regi\u00f3n destacan el apoyo estatal para enfrentar alza de combustibles"},"content":{"rendered":"<div class=\"flex_column av_one_full  flex_column_div av-zero-column-padding first  avia-builder-el-0  el_before_av_one_full  avia-builder-el-first  \" style='border-radius:0px; '><div  class='avia-image-container  av-styling-    avia-builder-el-1  avia-builder-el-no-sibling  avia-align-center '  itemprop=\"image\" itemscope=\"itemscope\" itemtype=\"https:\/\/schema.org\/ImageObject\"  ><div class='avia-image-container-inner'><div class='avia-image-overlay-wrap'><img decoding=\"async\" class='wp-image-66361 avia-img-lazy-loading-not-66361 avia_image' src=\"https:\/\/radiorevelacionfm.cl\/wp-content\/uploads\/2026\/04\/Taxis-1-1-1.jpg\" alt='' title='Taxis (1) (1) (1)' height=\"600\" width=\"800\"  itemprop=\"thumbnailUrl\" srcset=\"https:\/\/radiorevelacionfm.cl\/wp-content\/uploads\/2026\/04\/Taxis-1-1-1.jpg 800w, https:\/\/radiorevelacionfm.cl\/wp-content\/uploads\/2026\/04\/Taxis-1-1-1-300x225.jpg 300w, https:\/\/radiorevelacionfm.cl\/wp-content\/uploads\/2026\/04\/Taxis-1-1-1-768x576.jpg 768w, https:\/\/radiorevelacionfm.cl\/wp-content\/uploads\/2026\/04\/Taxis-1-1-1-705x529.jpg 705w, https:\/\/radiorevelacionfm.cl\/wp-content\/uploads\/2026\/04\/Taxis-1-1-1-450x338.jpg 450w, https:\/\/radiorevelacionfm.cl\/wp-content\/uploads\/2026\/04\/Taxis-1-1-1-600x450.jpg 600w\" sizes=\"(max-width: 800px) 100vw, 800px\" \/><\/div><\/div><\/div><\/div><div class=\"flex_column av_one_full  flex_column_div av-zero-column-padding first  avia-builder-el-2  el_after_av_one_full  el_before_av_one_full  column-top-margin\" style='border-radius:0px; '><section class=\"av_textblock_section \"  itemscope=\"itemscope\" itemtype=\"https:\/\/schema.org\/BlogPosting\" itemprop=\"blogPost\" ><div class='avia_textblock  '   itemprop=\"text\" ><p style=\"text-align: center;\"><strong><span style=\"font-size: 18pt;\">Conductores de la regi\u00f3n destacan el apoyo estatal para enfrentar alza de combustibles<\/span><\/strong><\/p>\n<div id=\"gtx-trans\" style=\"position: absolute; left: -50px; top: 4.31534px;\">\n<div class=\"gtx-trans-icon\"><\/div>\n<\/div>\n<\/div><\/section><\/div><div class=\"flex_column av_one_full  flex_column_div av-zero-column-padding first  avia-builder-el-4  el_after_av_one_full  el_before_av_hr  column-top-margin\" style='border-radius:0px; '><section class=\"av_textblock_section \"  itemscope=\"itemscope\" itemtype=\"https:\/\/schema.org\/BlogPosting\" itemprop=\"blogPost\" ><div class='avia_textblock  '   itemprop=\"text\" ><p style=\"text-align: justify;\"><em>Transportistas de la regi\u00f3n definen este beneficio como un respaldo concreto a su labor diaria, en el marco del plan Chile Sale Adelante impulsado por el Gobierno del Presidente Jos\u00e9 Antonio Kast.<\/em><\/p>\n<p style=\"text-align: justify;\">Como un apoyo concreto en momentos complejos calificaron transportistas de la regi\u00f3n de Ays\u00e9n a la subvenci\u00f3n entregada por el Gobierno, una medida que ha sido valorada por quienes d\u00eda a d\u00eda recorren distintos puntos del territorio, conectando a sus comunidades y facilitando la movilidad de cientos de personas.<\/p>\n<p style=\"text-align: justify;\">El beneficio se enmarca en el plan Chile Sale Adelante, impulsado por el Gobierno del Presidente Jos\u00e9 Antonio Kast, y busca mitigar el impacto del alza de los combustibles en due\u00f1os y conductores de taxis, colectivos y transporte escolar, uno de los sectores m\u00e1s expuestos a las variaciones del precio internacional del petr\u00f3leo.<\/p>\n<p style=\"text-align: justify;\">A nivel regional, el proceso de implementaci\u00f3n ya muestra avances relevantes, con 350 transportistas que han comenzado a recibir el apoyo, reflejando un despliegue \u00e1gil del Estado para responder a esta contingencia.<\/p>\n<p style=\"text-align: justify;\">M\u00e1s all\u00e1 de las cifras, son las experiencias personales las que reflejan el alcance de esta ayuda.<\/p>\n<p style=\"text-align: justify;\">Nibaldo L\u00f3pez, taxista, relat\u00f3 c\u00f3mo este aporte llega en un momento clave para su trabajo en la regi\u00f3n: \u201cNosotros estamos consumiendo bencina todos los d\u00edas. Entonces en la ma\u00f1ana hay que cargar para empezar la jornada, y muchas veces en la tarde tambi\u00e9n, para poder seguir trabajando. Este apoyo llega justo, porque necesitamos tener siempre el estanque lleno para salir dentro o fuera de la ciudad, dependiendo del servicio que toque.\u201d<\/p>\n<p style=\"text-align: justify;\">Para muchos trabajadores del rubro, especialmente en una regi\u00f3n como Ays\u00e9n donde las distancias y condiciones hacen m\u00e1s exigente la labor diaria, el beneficio representa un respaldo directo a su fuente laboral, permiti\u00e9ndoles enfrentar costos operativos y dar mayor estabilidad a su actividad.<\/p>\n<p style=\"text-align: justify;\">As\u00ed lo expres\u00f3 Luis Ruiz: \u201cYa hemos estado postulando al bono de 100 mil pesos que ofreci\u00f3 el Gobierno. Para nosotros no es un monto alto, pero s\u00ed ayuda bastante porque la situaci\u00f3n est\u00e1 bien complicada. Hasta ahora no hemos querido subir las tarifas, porque nuestros usuarios tampoco tienen muchos recursos, igual que nosotros. As\u00ed que es una buena ayuda\u201d.<\/p>\n<p style=\"text-align: justify;\">El bono forma parte de un conjunto de medidas orientadas a apoyar a los sectores m\u00e1s afectados por el alza internacional de los combustibles, incorporando mecanismos de pago \u00e1giles que permiten que los recursos lleguen de manera directa a las y los beneficiarios.<\/p>\n<p style=\"text-align: justify;\">Al respecto, la seremi de Gobierno de Ays\u00e9n, B\u00e1rbara Ort\u00fazar Candia, destac\u00f3 este tipo de iniciativas ya que se implementan poniendo a las personas en el centro, con soluciones concretas a las necesidades actuales.<\/p>\n<p style=\"text-align: justify;\">\u201cEn nuestra regi\u00f3n, donde las distancias son largas y el combustible es un factor clave para este rubro, este apoyo no es menor. Este bono es parte del plan Chile Sale Adelante, impulsado por el Presidente Jos\u00e9 Antonio Kast, y busca aliviar esa carga para quienes trabajan todos los d\u00edas trasladando a nuestra gente. Nuestra misi\u00f3n es seguir difundiendo e impulsando estas medidas disponibles para cada habitante de Ays\u00e9n.\u201d<\/p>\n<p style=\"text-align: justify;\">Asimismo, la vocera relev\u00f3 que la implementaci\u00f3n del beneficio ha permitido que los recursos comiencen a llegar de forma efectiva a quienes cumplen con los requisitos, en un proceso que se mantendr\u00e1 activo durante los pr\u00f3ximos meses.<\/p>\n<\/div><\/section><\/div><div  style='height:50px' class='hr hr-invisible   avia-builder-el-6  el_after_av_one_full  el_before_av_social_share '><span class='hr-inner ' ><span class='hr-inner-style'><\/span><\/span><\/div><\/p>\n<div  class='av-social-sharing-box  avia-builder-el-7  el_after_av_hr  el_before_av_hr  '><div class='av-share-box'><h5 class='av-share-link-description av-no-toc '>Compartir esta noticia<\/h5><ul class='av-share-box-list noLightbox'><li class='av-share-link av-social-link-facebook' ><a target=\"_blank\" aria-label=\"Compartir en Facebook\" href='https:\/\/www.facebook.com\/sharer.php?u=https:\/\/radiorevelacionfm.cl\/?p=66360&#038;t=Conductores%20de%20la%20regi%C3%B3n%20destacan%20el%20apoyo%20estatal%20para%20enfrentar%20alza%20de%20combustibles' aria-hidden='false' data-av_icon='\ue8f3' data-av_iconfont='entypo-fontello' title='' data-avia-related-tooltip='Compartir en Facebook' rel=\"noopener\"><span class='avia_hidden_link_text'>Compartir en Facebook<\/span><\/a><\/li><li class='av-share-link av-social-link-twitter' ><a target=\"_blank\" aria-label=\"Compartir en Twitter\" href='https:\/\/twitter.com\/share?text=Conductores%20de%20la%20regi%C3%B3n%20destacan%20el%20apoyo%20estatal%20para%20enfrentar%20alza%20de%20combustibles&#038;url=https:\/\/radiorevelacionfm.cl\/?p=66360' aria-hidden='false' data-av_icon='\ue8f1' data-av_iconfont='entypo-fontello' title='' data-avia-related-tooltip='Compartir en Twitter' rel=\"noopener\"><span class='avia_hidden_link_text'>Compartir en Twitter<\/span><\/a><\/li><li class='av-share-link av-social-link-whatsapp' ><a target=\"_blank\" aria-label=\"Compartir en Whatsapp\" href='https:\/\/api.whatsapp.com\/send?text=https:\/\/radiorevelacionfm.cl\/?p=66360' aria-hidden='false' data-av_icon='\uf232' data-av_iconfont='entypo-fontello' title='' data-avia-related-tooltip='Compartir en Whatsapp' rel=\"noopener\"><span class='avia_hidden_link_text'>Compartir en Whatsapp<\/span><\/a><\/li><li class='av-share-link av-social-link-linkedin' ><a target=\"_blank\" aria-label=\"Compartir en LinkedIn\" href='https:\/\/linkedin.com\/shareArticle?mini=true&#038;title=Conductores%20de%20la%20regi%C3%B3n%20destacan%20el%20apoyo%20estatal%20para%20enfrentar%20alza%20de%20combustibles&#038;url=https:\/\/radiorevelacionfm.cl\/?p=66360' aria-hidden='false' data-av_icon='\ue8fc' data-av_iconfont='entypo-fontello' title='' data-avia-related-tooltip='Compartir en LinkedIn' rel=\"noopener\"><span class='avia_hidden_link_text'>Compartir en LinkedIn<\/span><\/a><\/li><li class='av-share-link av-social-link-mail' ><a  aria-label=\"Compartir por correo\" href='mailto:?subject=Conductores%20de%20la%20regi%C3%B3n%20destacan%20el%20apoyo%20estatal%20para%20enfrentar%20alza%20de%20combustibles&#038;body=https:\/\/radiorevelacionfm.cl\/?p=66360' aria-hidden='false' data-av_icon='\ue805' data-av_iconfont='entypo-fontello' title='' data-avia-related-tooltip='Compartir por correo'><span class='avia_hidden_link_text'>Compartir por correo<\/span><\/a><\/li><\/ul><\/div><\/div>\n<div  style='height:50px' class='hr hr-invisible   avia-builder-el-8  el_after_av_social_share  el_before_av_comments_list '><span class='hr-inner ' ><span class='hr-inner-style'><\/span><\/span><\/div>\n<div  class='av-buildercomment  av-blog-meta-html-info-disabled av-blog-meta-tag-disabled  '><\/div>\n","protected":false},"excerpt":{"rendered":"","protected":false},"author":1,"featured_media":66361,"comment_status":"closed","ping_status":"closed","sticky":false,"template":"","format":"standard","meta":{"footnotes":""},"categories":[38],"tags":[],"class_list":["post-66360","post","type-post","status-publish","format-standard","has-post-thumbnail","hentry","category-regional"],"jetpack_featured_media_url":"https:\/\/radiorevelacionfm.cl\/wp-content\/uploads\/2026\/04\/Taxis-1-1-1.jpg","_links":{"self":[{"href":"https:\/\/radiorevelacionfm.cl\/index.php?rest_route=\/wp\/v2\/posts\/66360","targetHints":{"allow":["GET"]}}],"collection":[{"href":"https:\/\/radiorevelacionfm.cl\/index.php?rest_route=\/wp\/v2\/posts"}],"about":[{"href":"https:\/\/radiorevelacionfm.cl\/index.php?rest_route=\/wp\/v2\/types\/post"}],"author":[{"embeddable":true,"href":"https:\/\/radiorevelacionfm.cl\/index.php?rest_route=\/wp\/v2\/users\/1"}],"replies":[{"embeddable":true,"href":"https:\/\/radiorevelacionfm.cl\/index.php?rest_route=%2Fwp%2Fv2%2Fcomments&post=66360"}],"version-history":[{"count":2,"href":"https:\/\/radiorevelacionfm.cl\/index.php?rest_route=\/wp\/v2\/posts\/66360\/revisions"}],"predecessor-version":[{"id":66381,"href":"https:\/\/radiorevelacionfm.cl\/index.php?rest_route=\/wp\/v2\/posts\/66360\/revisions\/66381"}],"wp:featuredmedia":[{"embeddable":true,"href":"https:\/\/radiorevelacionfm.cl\/index.php?rest_route=\/wp\/v2\/media\/66361"}],"wp:attachment":[{"href":"https:\/\/radiorevelacionfm.cl\/index.php?rest_route=%2Fwp%2Fv2%2Fmedia&parent=66360"}],"wp:term":[{"taxonomy":"category","embeddable":true,"href":"https:\/\/radiorevelacionfm.cl\/index.php?rest_route=%2Fwp%2Fv2%2Fcategories&post=66360"},{"taxonomy":"post_tag","embeddable":true,"href":"https:\/\/radiorevelacionfm.cl\/index.php?rest_route=%2Fwp%2Fv2%2Ftags&post=66360"}],"curies":[{"name":"wp","href":"https:\/\/api.w.org\/{rel}","templated":true}]}}