{"id":66353,"date":"2026-04-21T15:01:12","date_gmt":"2026-04-21T18:01:12","guid":{"rendered":"https:\/\/radiorevelacionfm.cl\/?p=66353"},"modified":"2026-04-21T15:01:12","modified_gmt":"2026-04-21T18:01:12","slug":"coyhaique-impulsa-historico-acuerdo-para-crear-el-primer-centro-integral-de-desarrollo-acuicola-del-pais","status":"publish","type":"post","link":"https:\/\/radiorevelacionfm.cl\/?p=66353","title":{"rendered":"Coyhaique impulsa hist\u00f3rico acuerdo para crear el primer Centro Integral de Desarrollo Acu\u00edcola del pa\u00eds"},"content":{"rendered":"<div class=\"flex_column av_one_full  flex_column_div av-zero-column-padding first  avia-builder-el-0  el_before_av_one_full  avia-builder-el-first  \" style='border-radius:0px; '><div  class='avia-image-container  av-styling-    avia-builder-el-1  avia-builder-el-no-sibling  avia-align-center '  itemprop=\"image\" itemscope=\"itemscope\" itemtype=\"https:\/\/schema.org\/ImageObject\"  ><div class='avia-image-container-inner'><div class='avia-image-overlay-wrap'><img decoding=\"async\" class='wp-image-66356 avia-img-lazy-loading-not-66356 avia_image' src=\"https:\/\/radiorevelacionfm.cl\/wp-content\/uploads\/2026\/04\/museo-2-1-1-1.jpeg\" alt='' title='museo 2 (1) (1) (1)' height=\"600\" width=\"848\"  itemprop=\"thumbnailUrl\" srcset=\"https:\/\/radiorevelacionfm.cl\/wp-content\/uploads\/2026\/04\/museo-2-1-1-1.jpeg 848w, https:\/\/radiorevelacionfm.cl\/wp-content\/uploads\/2026\/04\/museo-2-1-1-1-300x212.jpeg 300w, https:\/\/radiorevelacionfm.cl\/wp-content\/uploads\/2026\/04\/museo-2-1-1-1-768x543.jpeg 768w, https:\/\/radiorevelacionfm.cl\/wp-content\/uploads\/2026\/04\/museo-2-1-1-1-260x185.jpeg 260w, https:\/\/radiorevelacionfm.cl\/wp-content\/uploads\/2026\/04\/museo-2-1-1-1-705x499.jpeg 705w, https:\/\/radiorevelacionfm.cl\/wp-content\/uploads\/2026\/04\/museo-2-1-1-1-450x318.jpeg 450w, https:\/\/radiorevelacionfm.cl\/wp-content\/uploads\/2026\/04\/museo-2-1-1-1-600x425.jpeg 600w\" sizes=\"(max-width: 848px) 100vw, 848px\" \/><\/div><\/div><\/div><\/div><div class=\"flex_column av_one_full  flex_column_div av-zero-column-padding first  avia-builder-el-2  el_after_av_one_full  el_before_av_one_full  column-top-margin\" style='border-radius:0px; '><section class=\"av_textblock_section \"  itemscope=\"itemscope\" itemtype=\"https:\/\/schema.org\/BlogPosting\" itemprop=\"blogPost\" ><div class='avia_textblock  '   itemprop=\"text\" ><p style=\"text-align: center;\"><strong><span style=\"font-size: 18pt;\">Coyhaique impulsa hist\u00f3rico acuerdo para crear el primer Centro Integral de Desarrollo Acu\u00edcola del pa\u00eds<\/span><\/strong><\/p>\n<div id=\"gtx-trans\" style=\"position: absolute; left: -50px; top: 4.31534px;\">\n<div class=\"gtx-trans-icon\"><\/div>\n<\/div>\n<\/div><\/section><\/div><\/p>\n<div class=\"flex_column av_one_full  flex_column_div av-zero-column-padding first  avia-builder-el-4  el_after_av_one_full  el_before_av_hr  column-top-margin\" style='border-radius:0px; '><section class=\"av_textblock_section \"  itemscope=\"itemscope\" itemtype=\"https:\/\/schema.org\/BlogPosting\" itemprop=\"blogPost\" ><div class='avia_textblock  '   itemprop=\"text\" ><p style=\"text-align: justify;\">En un paso decisivo para el desarrollo productivo de la comuna, la Municipalidad de Coyhaique \u2014a trav\u00e9s de su Corporaci\u00f3n de Desarrollo\u2014, junto a la Universidad de Los Lagos y la Universidad de Ays\u00e9n, alcanzaron un acuerdo de voluntades para impulsar la creaci\u00f3n del primer Centro Integral de Desarrollo Acu\u00edcola del pa\u00eds. La iniciativa busca transformar un hist\u00f3rico recinto de investigaci\u00f3n en un polo de innovaci\u00f3n, producci\u00f3n y vinculaci\u00f3n con la comunidad.<\/p>\n<p style=\"text-align: justify;\">El proyecto se emplazar\u00e1 en la piscicultura donde se desarrollaron las primeras investigaciones que dieron origen a la salmonicultura en Chile, recuperando as\u00ed un espacio clave en la historia productiva nacional y proyect\u00e1ndolo hacia el futuro.<\/p>\n<p style=\"text-align: justify;\">El Centro Integral de Desarrollo Acu\u00edcola contempla tres pilares fundamentales: un Museo del Salm\u00f3n, que pondr\u00e1 en valor el origen de la industria en Chile y su impacto en el desarrollo del sur austral; un Centro Productivo Acu\u00edcola, orientado a la generaci\u00f3n de emprendimientos y productos con valor agregado, como alimentos, subproductos y nuevas l\u00edneas productivas; y un HUB de Innovaci\u00f3n, que permitir\u00e1 el desarrollo de soluciones tecnol\u00f3gicas aplicadas a la industria, conectando a empresas, academia y territorio.<\/p>\n<p style=\"text-align: justify;\">La iniciativa busca no solo rescatar la historia, sino tambi\u00e9n generar actividad econ\u00f3mica concreta, promoviendo nuevos emprendimientos, innovaci\u00f3n aplicada y formaci\u00f3n de capital humano en la comuna.<\/p>\n<p style=\"text-align: justify;\">El proyecto se desarrollar\u00e1 bajo un modelo de articulaci\u00f3n p\u00fablico\u2013privada\u2013acad\u00e9mica, en el que la Municipalidad liderar\u00e1 la operaci\u00f3n del espacio a trav\u00e9s de su Corporaci\u00f3n de Desarrollo; las universidades aportar\u00e1n investigaci\u00f3n, formaci\u00f3n y desarrollo tecnol\u00f3gico; y la industria salmonera participar\u00e1 en innovaci\u00f3n, financiamiento y desaf\u00edos productivos. Este enfoque permitir\u00e1 construir un ecosistema que conecte directamente la actividad productiva con la comunidad.<\/p>\n<p style=\"text-align: justify;\">El alcalde de Coyhaique, Carlos Gatica Villegas, destac\u00f3 el alcance de la iniciativa, asegurando que \u201caqu\u00ed naci\u00f3 la salmonicultura en Chile, y hoy queremos que desde este mismo lugar construyamos su futuro. Este proyecto no es solo un museo o un centro de innovaci\u00f3n, es una plataforma concreta para generar empleo, emprendimiento y nuevas oportunidades para nuestros vecinos.\u201d<\/p>\n<p style=\"text-align: justify;\">Asimismo, la autoridad comunal subray\u00f3 que el objetivo es avanzar hacia un modelo de desarrollo econ\u00f3mico que integre a la comunidad, permitiendo que el crecimiento de la industria tambi\u00e9n se traduzca en beneficios tangibles para el territorio.<\/p>\n<p style=\"text-align: justify;\">Con este acuerdo, Coyhaique se posiciona para convertirse en un referente nacional en desarrollo acu\u00edcola, integrando innovaci\u00f3n tecnol\u00f3gica, producci\u00f3n local, identidad territorial y vinculaci\u00f3n comunitaria. El proyecto contempla una implementaci\u00f3n por etapas, priorizando la activaci\u00f3n temprana del espacio con actividades productivas, programas de innovaci\u00f3n y participaci\u00f3n de emprendedores locales.<\/p>\n<p style=\"text-align: justify;\">Durante los pr\u00f3ximos meses se avanzar\u00e1 en la formalizaci\u00f3n de convenios entre las instituciones, el dise\u00f1o del modelo operativo, la incorporaci\u00f3n de empresas del sector y la puesta en marcha de las primeras iniciativas productivas y de innovaci\u00f3n.<\/p>\n<\/div><\/section><\/div>\n<div  style='height:50px' class='hr hr-invisible   avia-builder-el-6  el_after_av_one_full  el_before_av_social_share '><span class='hr-inner ' ><span class='hr-inner-style'><\/span><\/span><\/div>\n<div  class='av-social-sharing-box  avia-builder-el-7  el_after_av_hr  el_before_av_hr  '><div class='av-share-box'><h5 class='av-share-link-description av-no-toc '>Compartir esta noticia<\/h5><ul class='av-share-box-list noLightbox'><li class='av-share-link av-social-link-facebook' ><a target=\"_blank\" aria-label=\"Compartir en Facebook\" href='https:\/\/www.facebook.com\/sharer.php?u=https:\/\/radiorevelacionfm.cl\/?p=66353&#038;t=Coyhaique%20impulsa%20hist%C3%B3rico%20acuerdo%20para%20crear%20el%20primer%20Centro%20Integral%20de%20Desarrollo%20Acu%C3%ADcola%20del%20pa%C3%ADs' aria-hidden='false' data-av_icon='\ue8f3' data-av_iconfont='entypo-fontello' title='' data-avia-related-tooltip='Compartir en Facebook' rel=\"noopener\"><span class='avia_hidden_link_text'>Compartir en Facebook<\/span><\/a><\/li><li class='av-share-link av-social-link-twitter' ><a target=\"_blank\" aria-label=\"Compartir en Twitter\" href='https:\/\/twitter.com\/share?text=Coyhaique%20impulsa%20hist%C3%B3rico%20acuerdo%20para%20crear%20el%20primer%20Centro%20Integral%20de%20Desarrollo%20Acu%C3%ADcola%20del%20pa%C3%ADs&#038;url=https:\/\/radiorevelacionfm.cl\/?p=66353' aria-hidden='false' data-av_icon='\ue8f1' data-av_iconfont='entypo-fontello' title='' data-avia-related-tooltip='Compartir en Twitter' rel=\"noopener\"><span class='avia_hidden_link_text'>Compartir en Twitter<\/span><\/a><\/li><li class='av-share-link av-social-link-whatsapp' ><a target=\"_blank\" aria-label=\"Compartir en Whatsapp\" href='https:\/\/api.whatsapp.com\/send?text=https:\/\/radiorevelacionfm.cl\/?p=66353' aria-hidden='false' data-av_icon='\uf232' data-av_iconfont='entypo-fontello' title='' data-avia-related-tooltip='Compartir en Whatsapp' rel=\"noopener\"><span class='avia_hidden_link_text'>Compartir en Whatsapp<\/span><\/a><\/li><li class='av-share-link av-social-link-linkedin' ><a target=\"_blank\" aria-label=\"Compartir en LinkedIn\" href='https:\/\/linkedin.com\/shareArticle?mini=true&#038;title=Coyhaique%20impulsa%20hist%C3%B3rico%20acuerdo%20para%20crear%20el%20primer%20Centro%20Integral%20de%20Desarrollo%20Acu%C3%ADcola%20del%20pa%C3%ADs&#038;url=https:\/\/radiorevelacionfm.cl\/?p=66353' aria-hidden='false' data-av_icon='\ue8fc' data-av_iconfont='entypo-fontello' title='' data-avia-related-tooltip='Compartir en LinkedIn' rel=\"noopener\"><span class='avia_hidden_link_text'>Compartir en LinkedIn<\/span><\/a><\/li><li class='av-share-link av-social-link-mail' ><a  aria-label=\"Compartir por correo\" href='mailto:?subject=Coyhaique%20impulsa%20hist%C3%B3rico%20acuerdo%20para%20crear%20el%20primer%20Centro%20Integral%20de%20Desarrollo%20Acu%C3%ADcola%20del%20pa%C3%ADs&#038;body=https:\/\/radiorevelacionfm.cl\/?p=66353' aria-hidden='false' data-av_icon='\ue805' data-av_iconfont='entypo-fontello' title='' data-avia-related-tooltip='Compartir por correo'><span class='avia_hidden_link_text'>Compartir por correo<\/span><\/a><\/li><\/ul><\/div><\/div>\n<div  style='height:50px' class='hr hr-invisible   avia-builder-el-8  el_after_av_social_share  el_before_av_comments_list '><span class='hr-inner ' ><span class='hr-inner-style'><\/span><\/span><\/div>\n<div  class='av-buildercomment  av-blog-meta-html-info-disabled av-blog-meta-tag-disabled  '><\/div>\n","protected":false},"excerpt":{"rendered":"","protected":false},"author":1,"featured_media":66356,"comment_status":"closed","ping_status":"closed","sticky":false,"template":"","format":"standard","meta":{"footnotes":""},"categories":[38],"tags":[],"class_list":["post-66353","post","type-post","status-publish","format-standard","has-post-thumbnail","hentry","category-regional"],"jetpack_featured_media_url":"https:\/\/radiorevelacionfm.cl\/wp-content\/uploads\/2026\/04\/museo-2-1-1-1.jpeg","_links":{"self":[{"href":"https:\/\/radiorevelacionfm.cl\/index.php?rest_route=\/wp\/v2\/posts\/66353","targetHints":{"allow":["GET"]}}],"collection":[{"href":"https:\/\/radiorevelacionfm.cl\/index.php?rest_route=\/wp\/v2\/posts"}],"about":[{"href":"https:\/\/radiorevelacionfm.cl\/index.php?rest_route=\/wp\/v2\/types\/post"}],"author":[{"embeddable":true,"href":"https:\/\/radiorevelacionfm.cl\/index.php?rest_route=\/wp\/v2\/users\/1"}],"replies":[{"embeddable":true,"href":"https:\/\/radiorevelacionfm.cl\/index.php?rest_route=%2Fwp%2Fv2%2Fcomments&post=66353"}],"version-history":[{"count":3,"href":"https:\/\/radiorevelacionfm.cl\/index.php?rest_route=\/wp\/v2\/posts\/66353\/revisions"}],"predecessor-version":[{"id":66358,"href":"https:\/\/radiorevelacionfm.cl\/index.php?rest_route=\/wp\/v2\/posts\/66353\/revisions\/66358"}],"wp:featuredmedia":[{"embeddable":true,"href":"https:\/\/radiorevelacionfm.cl\/index.php?rest_route=\/wp\/v2\/media\/66356"}],"wp:attachment":[{"href":"https:\/\/radiorevelacionfm.cl\/index.php?rest_route=%2Fwp%2Fv2%2Fmedia&parent=66353"}],"wp:term":[{"taxonomy":"category","embeddable":true,"href":"https:\/\/radiorevelacionfm.cl\/index.php?rest_route=%2Fwp%2Fv2%2Fcategories&post=66353"},{"taxonomy":"post_tag","embeddable":true,"href":"https:\/\/radiorevelacionfm.cl\/index.php?rest_route=%2Fwp%2Fv2%2Ftags&post=66353"}],"curies":[{"name":"wp","href":"https:\/\/api.w.org\/{rel}","templated":true}]}}