{"id":66350,"date":"2026-04-21T15:50:56","date_gmt":"2026-04-21T18:50:56","guid":{"rendered":"https:\/\/radiorevelacionfm.cl\/?p=66350"},"modified":"2026-04-21T15:50:56","modified_gmt":"2026-04-21T18:50:56","slug":"medio-ambiente-invita-a-participar-de-nueva-reunion-para-conocer-y-opinar-sobre-la-actualizacion-del-pda-de-coyhaique","status":"publish","type":"post","link":"https:\/\/radiorevelacionfm.cl\/?p=66350","title":{"rendered":"Medio Ambiente invita a participar de nueva reuni\u00f3n para conocer y opinar sobre la actualizaci\u00f3n del PDA de Coyhaique"},"content":{"rendered":"<div class=\"flex_column av_one_full  flex_column_div av-zero-column-padding first  avia-builder-el-0  el_before_av_one_full  avia-builder-el-first  \" style='border-radius:0px; '><div  class='avia-image-container  av-styling-    avia-builder-el-1  avia-builder-el-no-sibling  avia-align-center '  itemprop=\"image\" itemscope=\"itemscope\" itemtype=\"https:\/\/schema.org\/ImageObject\"  ><div class='avia-image-container-inner'><div class='avia-image-overlay-wrap'><img decoding=\"async\" class='wp-image-66351 avia-img-lazy-loading-not-66351 avia_image' src=\"https:\/\/radiorevelacionfm.cl\/wp-content\/uploads\/2026\/04\/web-1-1_optimized.jpg\" alt='' title='web-(1)-(1)_optimized' height=\"600\" width=\"977\"  itemprop=\"thumbnailUrl\" srcset=\"https:\/\/radiorevelacionfm.cl\/wp-content\/uploads\/2026\/04\/web-1-1_optimized.jpg 977w, https:\/\/radiorevelacionfm.cl\/wp-content\/uploads\/2026\/04\/web-1-1_optimized-300x184.jpg 300w, https:\/\/radiorevelacionfm.cl\/wp-content\/uploads\/2026\/04\/web-1-1_optimized-768x472.jpg 768w, https:\/\/radiorevelacionfm.cl\/wp-content\/uploads\/2026\/04\/web-1-1_optimized-705x433.jpg 705w, https:\/\/radiorevelacionfm.cl\/wp-content\/uploads\/2026\/04\/web-1-1_optimized-450x276.jpg 450w, https:\/\/radiorevelacionfm.cl\/wp-content\/uploads\/2026\/04\/web-1-1_optimized-600x368.jpg 600w\" sizes=\"(max-width: 977px) 100vw, 977px\" \/><\/div><\/div><\/div><\/div><div class=\"flex_column av_one_full  flex_column_div av-zero-column-padding first  avia-builder-el-2  el_after_av_one_full  el_before_av_one_full  column-top-margin\" style='border-radius:0px; '><section class=\"av_textblock_section \"  itemscope=\"itemscope\" itemtype=\"https:\/\/schema.org\/BlogPosting\" itemprop=\"blogPost\" ><div class='avia_textblock  '   itemprop=\"text\" ><p style=\"text-align: center;\"><strong><span style=\"font-size: 18pt;\">Medio Ambiente invita a participar de nueva reuni\u00f3n para conocer y opinar sobre la actualizaci\u00f3n del PDA de Coyhaique<\/span><\/strong><\/p>\n<div id=\"gtx-trans\" style=\"position: absolute; left: -50px; top: 4.31534px;\">\n<div class=\"gtx-trans-icon\"><\/div>\n<\/div>\n<\/div><\/section><\/div><div class=\"flex_column av_one_full  flex_column_div av-zero-column-padding first  avia-builder-el-4  el_after_av_one_full  el_before_av_hr  column-top-margin\" style='border-radius:0px; '><section class=\"av_textblock_section \"  itemscope=\"itemscope\" itemtype=\"https:\/\/schema.org\/BlogPosting\" itemprop=\"blogPost\" ><div class='avia_textblock  '   itemprop=\"text\" ><p style=\"text-align: justify;\">Con especial foco en el sector productivo, considerando empresas constructoras, entidades patrocinantes, prestadores de servicios de asistencia t\u00e9cnica, evaluadores energ\u00e9ticos, servicios p\u00fablicos y comunidad en general, la SEREMI del Medio Ambiente est\u00e1 convocando a una nueva reuni\u00f3n informativa para dar a conocer el Anteproyecto que actualiza el Plan de Descontaminaci\u00f3n Atmosf\u00e9rica (PDA) de Coyhaique.<\/p>\n<p style=\"text-align: justify;\">La actividad ciudadana se realizar\u00e1 el martes 28 de abril a las 15:00 horas en primer piso de la C\u00e1mara Chilena de la Construcci\u00f3n, ubicada en Magallanes 232, Coyhaique, instancia enmarcada en el proceso de consulta p\u00fablica del Anteproyecto.<\/p>\n<p style=\"text-align: justify;\">\u201cLa consulta p\u00fablica de la actualizaci\u00f3n del PDA se encontrar\u00e1 abierta y a disposici\u00f3n de la ciudadan\u00eda hasta el 28 de mayo de este a\u00f1o, es por ello que estamos realizando un despliegue para compartir esta informaci\u00f3n y recoger las opiniones de diversos grupos de nuestra ciudad, en esta ocasi\u00f3n estamos convocando a al sector privado, p\u00fablico y de salud, y pronto avanzaremos con las juntas de vecinos y otros grupos que hemos focalizado, la invitaci\u00f3n siempre es a sumarse y compartir sus observaciones\u201d, declar\u00f3 del SEEMI del Medio Amiente, Eugenio Canales.<\/p>\n<p style=\"text-align: justify;\">La actividad estar\u00e1 abierta al p\u00fablico general interesado y las inscripciones para participar se encuentran disponibles en el enlace <a href=\"https:\/\/bit.ly\/PACPDACoy?fbclid=IwZXh0bgNhZW0CMTAAYnJpZBExS0RDeWRVOGVhaXpxTTUwOXNydGMGYXBwX2lkEDIyMjAzOTE3ODgyMDA4OTIAAR4YAqhmFAtlK3CfbAdvYsKob2kYd8X84jflp4xSh5M70IyTCD_oLeHIHiCrJQ_aem_-I-ZmEEr-5Karx1HGBzDBw\">https:\/\/bit.ly\/PACPDACoy<\/a><\/p>\n<p style=\"text-align: justify;\">El pasado 2 de marzo de 2026 se dio inicio a la consulta p\u00fablica del anteproyecto de actualizaci\u00f3n del PDA, proceso que se extender\u00e1 por 60 d\u00edas h\u00e1biles, hasta el 28 de mayo, y que permitir\u00e1 a personas naturales y jur\u00eddicas formular observaciones fundadas, tanto a trav\u00e9s de la plataforma electr\u00f3nica oficial como de manera presencial en las oficinas de la SEREMI del Medio Ambiente ubicada en calle Portales 125, Coyhaique.<\/p>\n<p style=\"text-align: justify;\">Para apoyar la participaci\u00f3n informada, la SEREMI del Medio Ambiente ha dispuesto adem\u00e1s material explicativo en sus plataformas digitales, incluyendo el webinar de inicio de la consulta p\u00fablica y un video que detalla el proceso para ingresar observaciones, ambos disponibles en las redes sociales de la SEREMI del Medio Ambiente. As\u00ed tambi\u00e9n el expediente e informaci\u00f3n asociada al proceso se encuentra disponible en consultasciudadanas.mma.gob.cl<\/p>\n<\/div><\/section><\/div><div  style='height:50px' class='hr hr-invisible   avia-builder-el-6  el_after_av_one_full  el_before_av_social_share '><span class='hr-inner ' ><span class='hr-inner-style'><\/span><\/span><\/div><\/p>\n<div  class='av-social-sharing-box  avia-builder-el-7  el_after_av_hr  el_before_av_hr  '><div class='av-share-box'><h5 class='av-share-link-description av-no-toc '>Compartir esta noticia<\/h5><ul class='av-share-box-list noLightbox'><li class='av-share-link av-social-link-facebook' ><a target=\"_blank\" aria-label=\"Compartir en Facebook\" href='https:\/\/www.facebook.com\/sharer.php?u=https:\/\/radiorevelacionfm.cl\/?p=66350&#038;t=Medio%20Ambiente%20invita%20a%20participar%20de%20nueva%20reuni%C3%B3n%20para%20conocer%20y%20opinar%20sobre%20la%20actualizaci%C3%B3n%20del%20PDA%20de%20Coyhaique' aria-hidden='false' data-av_icon='\ue8f3' data-av_iconfont='entypo-fontello' title='' data-avia-related-tooltip='Compartir en Facebook' rel=\"noopener\"><span class='avia_hidden_link_text'>Compartir en Facebook<\/span><\/a><\/li><li class='av-share-link av-social-link-twitter' ><a target=\"_blank\" aria-label=\"Compartir en Twitter\" href='https:\/\/twitter.com\/share?text=Medio%20Ambiente%20invita%20a%20participar%20de%20nueva%20reuni%C3%B3n%20para%20conocer%20y%20opinar%20sobre%20la%20actualizaci%C3%B3n%20del%20PDA%20de%20Coyhaique&#038;url=https:\/\/radiorevelacionfm.cl\/?p=66350' aria-hidden='false' data-av_icon='\ue8f1' data-av_iconfont='entypo-fontello' title='' data-avia-related-tooltip='Compartir en Twitter' rel=\"noopener\"><span class='avia_hidden_link_text'>Compartir en Twitter<\/span><\/a><\/li><li class='av-share-link av-social-link-whatsapp' ><a target=\"_blank\" aria-label=\"Compartir en Whatsapp\" href='https:\/\/api.whatsapp.com\/send?text=https:\/\/radiorevelacionfm.cl\/?p=66350' aria-hidden='false' data-av_icon='\uf232' data-av_iconfont='entypo-fontello' title='' data-avia-related-tooltip='Compartir en Whatsapp' rel=\"noopener\"><span class='avia_hidden_link_text'>Compartir en Whatsapp<\/span><\/a><\/li><li class='av-share-link av-social-link-linkedin' ><a target=\"_blank\" aria-label=\"Compartir en LinkedIn\" href='https:\/\/linkedin.com\/shareArticle?mini=true&#038;title=Medio%20Ambiente%20invita%20a%20participar%20de%20nueva%20reuni%C3%B3n%20para%20conocer%20y%20opinar%20sobre%20la%20actualizaci%C3%B3n%20del%20PDA%20de%20Coyhaique&#038;url=https:\/\/radiorevelacionfm.cl\/?p=66350' aria-hidden='false' data-av_icon='\ue8fc' data-av_iconfont='entypo-fontello' title='' data-avia-related-tooltip='Compartir en LinkedIn' rel=\"noopener\"><span class='avia_hidden_link_text'>Compartir en LinkedIn<\/span><\/a><\/li><li class='av-share-link av-social-link-mail' ><a  aria-label=\"Compartir por correo\" href='mailto:?subject=Medio%20Ambiente%20invita%20a%20participar%20de%20nueva%20reuni%C3%B3n%20para%20conocer%20y%20opinar%20sobre%20la%20actualizaci%C3%B3n%20del%20PDA%20de%20Coyhaique&#038;body=https:\/\/radiorevelacionfm.cl\/?p=66350' aria-hidden='false' data-av_icon='\ue805' data-av_iconfont='entypo-fontello' title='' data-avia-related-tooltip='Compartir por correo'><span class='avia_hidden_link_text'>Compartir por correo<\/span><\/a><\/li><\/ul><\/div><\/div>\n<div  style='height:50px' class='hr hr-invisible   avia-builder-el-8  el_after_av_social_share  el_before_av_comments_list '><span class='hr-inner ' ><span class='hr-inner-style'><\/span><\/span><\/div>\n<div  class='av-buildercomment  av-blog-meta-html-info-disabled av-blog-meta-tag-disabled  '><\/div>\n","protected":false},"excerpt":{"rendered":"","protected":false},"author":1,"featured_media":66351,"comment_status":"closed","ping_status":"closed","sticky":false,"template":"","format":"standard","meta":{"footnotes":""},"categories":[39],"tags":[],"class_list":["post-66350","post","type-post","status-publish","format-standard","has-post-thumbnail","hentry","category-medio-ambiente"],"jetpack_featured_media_url":"https:\/\/radiorevelacionfm.cl\/wp-content\/uploads\/2026\/04\/web-1-1_optimized.jpg","_links":{"self":[{"href":"https:\/\/radiorevelacionfm.cl\/index.php?rest_route=\/wp\/v2\/posts\/66350","targetHints":{"allow":["GET"]}}],"collection":[{"href":"https:\/\/radiorevelacionfm.cl\/index.php?rest_route=\/wp\/v2\/posts"}],"about":[{"href":"https:\/\/radiorevelacionfm.cl\/index.php?rest_route=\/wp\/v2\/types\/post"}],"author":[{"embeddable":true,"href":"https:\/\/radiorevelacionfm.cl\/index.php?rest_route=\/wp\/v2\/users\/1"}],"replies":[{"embeddable":true,"href":"https:\/\/radiorevelacionfm.cl\/index.php?rest_route=%2Fwp%2Fv2%2Fcomments&post=66350"}],"version-history":[{"count":2,"href":"https:\/\/radiorevelacionfm.cl\/index.php?rest_route=\/wp\/v2\/posts\/66350\/revisions"}],"predecessor-version":[{"id":66359,"href":"https:\/\/radiorevelacionfm.cl\/index.php?rest_route=\/wp\/v2\/posts\/66350\/revisions\/66359"}],"wp:featuredmedia":[{"embeddable":true,"href":"https:\/\/radiorevelacionfm.cl\/index.php?rest_route=\/wp\/v2\/media\/66351"}],"wp:attachment":[{"href":"https:\/\/radiorevelacionfm.cl\/index.php?rest_route=%2Fwp%2Fv2%2Fmedia&parent=66350"}],"wp:term":[{"taxonomy":"category","embeddable":true,"href":"https:\/\/radiorevelacionfm.cl\/index.php?rest_route=%2Fwp%2Fv2%2Fcategories&post=66350"},{"taxonomy":"post_tag","embeddable":true,"href":"https:\/\/radiorevelacionfm.cl\/index.php?rest_route=%2Fwp%2Fv2%2Ftags&post=66350"}],"curies":[{"name":"wp","href":"https:\/\/api.w.org\/{rel}","templated":true}]}}