{"id":66346,"date":"2026-04-21T13:27:34","date_gmt":"2026-04-21T16:27:34","guid":{"rendered":"https:\/\/radiorevelacionfm.cl\/?p=66346"},"modified":"2026-04-21T13:27:34","modified_gmt":"2026-04-21T16:27:34","slug":"coyhaique-fijan-nuevo-dia-y-hora-para-reformalizar-causa-por-fraude-al-fisco-en-caracter-de-reiterado","status":"publish","type":"post","link":"https:\/\/radiorevelacionfm.cl\/?p=66346","title":{"rendered":"Coyhaique: Fijan nuevo d\u00eda y hora para reformalizar causa por fraude al Fisco en car\u00e1cter de reiterado"},"content":{"rendered":"<div class=\"flex_column av_one_full  flex_column_div av-zero-column-padding first  avia-builder-el-0  el_before_av_one_full  avia-builder-el-first  \" style='border-radius:0px; '><div  class='avia-image-container  av-styling-    avia-builder-el-1  avia-builder-el-no-sibling  avia-align-center '  itemprop=\"image\" itemscope=\"itemscope\" itemtype=\"https:\/\/schema.org\/ImageObject\"  ><div class='avia-image-container-inner'><div class='avia-image-overlay-wrap'><img decoding=\"async\" class='wp-image-66347 avia-img-lazy-loading-not-66347 avia_image' src=\"https:\/\/radiorevelacionfm.cl\/wp-content\/uploads\/2026\/04\/2a-1-1-1.jpg\" alt='' title='2a (1) (1) (1)' height=\"600\" width=\"900\"  itemprop=\"thumbnailUrl\" srcset=\"https:\/\/radiorevelacionfm.cl\/wp-content\/uploads\/2026\/04\/2a-1-1-1.jpg 900w, https:\/\/radiorevelacionfm.cl\/wp-content\/uploads\/2026\/04\/2a-1-1-1-300x200.jpg 300w, https:\/\/radiorevelacionfm.cl\/wp-content\/uploads\/2026\/04\/2a-1-1-1-768x512.jpg 768w, https:\/\/radiorevelacionfm.cl\/wp-content\/uploads\/2026\/04\/2a-1-1-1-705x470.jpg 705w, https:\/\/radiorevelacionfm.cl\/wp-content\/uploads\/2026\/04\/2a-1-1-1-450x300.jpg 450w, https:\/\/radiorevelacionfm.cl\/wp-content\/uploads\/2026\/04\/2a-1-1-1-600x400.jpg 600w\" sizes=\"(max-width: 900px) 100vw, 900px\" \/><\/div><\/div><\/div><\/div><div class=\"flex_column av_one_full  flex_column_div av-zero-column-padding first  avia-builder-el-2  el_after_av_one_full  el_before_av_one_full  column-top-margin\" style='border-radius:0px; '><section class=\"av_textblock_section \"  itemscope=\"itemscope\" itemtype=\"https:\/\/schema.org\/BlogPosting\" itemprop=\"blogPost\" ><div class='avia_textblock  '   itemprop=\"text\" ><p style=\"text-align: center;\"><strong><span style=\"font-size: 18pt;\">Coyhaique: Fijan nuevo d\u00eda y hora para reformalizar causa por fraude al Fisco en car\u00e1cter de reiterado\u00a0<\/span><\/strong><\/p>\n<div id=\"gtx-trans\" style=\"position: absolute; left: -50px; top: 4.31534px;\">\n<div class=\"gtx-trans-icon\"><\/div>\n<\/div>\n<\/div><\/section><\/div><div class=\"flex_column av_one_full  flex_column_div av-zero-column-padding first  avia-builder-el-4  el_after_av_one_full  el_before_av_hr  column-top-margin\" style='border-radius:0px; '><section class=\"av_textblock_section \"  itemscope=\"itemscope\" itemtype=\"https:\/\/schema.org\/BlogPosting\" itemprop=\"blogPost\" ><div class='avia_textblock  '   itemprop=\"text\" ><p style=\"text-align: justify;\"><em>La nueva audiencia de reformalizaci\u00f3n fue fijada por el Juzgado de Garant\u00eda de Coyhaique para el domingo 10 de mayo a las 09.20 horas, la cual tendr\u00e1 como finalidad precisar el monto total del perjuicio fiscal.<\/em><\/p>\n<p style=\"text-align: justify;\">La audiencia de reformalizaci\u00f3n que estaba prevista para hoy en el marco de una investigaci\u00f3n seguida en contra del ahora Senador Miguel \u00c1ngel Calisto \u00c1guila, Roland C\u00e1rcamo Catal\u00e1n y Carla Graff Toledo, entre otros, por el delito de fraude al Fisco en car\u00e1cter de reiterado, debi\u00f3 reagendarse debido a que los imputados Graff y C\u00e1rcamo plantearon una p\u00e9rdida de confianza en su abogado defensor, seg\u00fan se\u00f1alaron ambos de forma telem\u00e1tica desde Osorno.<\/p>\n<p style=\"text-align: justify;\">La audiencia efectuada esta ma\u00f1ana en el Juzgado de Garant\u00eda, a la cual tambi\u00e9n concurri\u00f3 el Fiscal Jefe de Coyhaique, Luis Contreras Alfaro y el Abogado Procurador Fiscal del Consejo de Defensa del Estado, Paulo G\u00f3mez Canales, fue presidida por el Juez de Garant\u00eda, Mario Devaud Ojeda. Al comienzo de la audiencia ambos imputados plantearon sus aprensiones respecto de su defensa privada, por lo cual ahora ser\u00e1n defendidos por abogados de la Defensor\u00eda Penal P\u00fablica, de acuerdo a lo resuelto por el Tribunal.<\/p>\n<p style=\"text-align: justify;\">La nueva audiencia de reformalizaci\u00f3n fue fijada por el Juzgado de Garant\u00eda de Coyhaique para el domingo 10 de mayo a las 09.20 horas, la cual tendr\u00e1 como finalidad precisar el monto total del perjuicio fiscal.<\/p>\n<p style=\"text-align: justify;\">DESARROLLO AUDIENCIA<\/p>\n<p style=\"text-align: justify;\">En primer t\u00e9rmino en la audiencia, se analiz\u00f3 por parte del Tribunal una solicitud de modificaci\u00f3n de medidas cautelares reales respecto del imputado Felipe Klein, relacionadas con su patrimonio, lo cual fue rechazado por el juez. \u201cBueno, efectivamente, la defensa del imputado Felipe Klein solicit\u00f3 la revisi\u00f3n de la cautelar real que se decret\u00f3 por parte del Tribunal, petici\u00f3n que fue en definitiva denegada\u201d, explic\u00f3 el Fiscal Regional, Hern\u00e1n Libedinsky Moscovich.<\/p>\n<p style=\"text-align: justify;\">\u201cEn segundo t\u00e9rmino, antes de que se procediera a la reformalizaci\u00f3n de la investigaci\u00f3n, tanto la imputada Carla Graff como el imputado Ronald C\u00e1rcamo revocaron el patrocinio y poder que hab\u00edan conferido a su abogado particular, a consecuencia de lo cual el Tribunal solicit\u00f3 que la Defensor\u00eda Penal P\u00fablica, en este caso, asumiera el patrocinio de ambos imputados, fij\u00e1ndose una nueva audiencia de reformalizaci\u00f3n para el 10 de mayo pr\u00f3ximo\u201d, a\u00f1adi\u00f3 la principal autoridad del Ministerio P\u00fablico en la regi\u00f3n.<\/p>\n<p style=\"text-align: justify;\">\u201cEn dicha audiencia la Fiscal\u00eda va a proceder, en consecuencia, a reformalizar la investigaci\u00f3n y esto tiene por objeto b\u00e1sicamente precisar el monto final del perjuicio fiscal\u201d, explic\u00f3 el persecutor penal.<\/p>\n<p style=\"text-align: justify;\">Consultado respecto de si aument\u00f3 el monto considerado inicialmente, el Fiscal Regional coment\u00f3 que efectivamente se registr\u00f3 un incremento en lo calculado inicialmente. \u201cEfectivamente, eso se va a comunicar en la respectiva audiencia de reformalizaci\u00f3n\u201d, sostuvo.<\/p>\n<p style=\"text-align: justify;\">ANTECEDENTES DE LA CAUSA<\/p>\n<p style=\"text-align: justify;\">De acuerdo a los hechos de la formalizaci\u00f3n, expuestos el 14 de enero pasado por el Fiscal Regional de Ays\u00e9n, Hern\u00e1n Libedinsky Moscovich, durante el per\u00edodo comprendido entre 2018 y 2022, el entonces Diputado Miguel \u00c1ngel Calisto, se concert\u00f3 con el imputado Roland C\u00e1rcamo Catal\u00e1n y con la imputada Carla Graf Toledo, para obtener recursos de manera fraudulenta de parte del Fisco, a trav\u00e9s de un mecanismo defraudatorio en perjuicio del Congreso Nacional, originando una p\u00e9rdida -de acuerdo a lo planteado en ese entonces- de $103.664.697.<\/p>\n<p style=\"text-align: justify;\">Dichos imputados utilizaron el mecanismo de contrataci\u00f3n de Carla Graf como asesora parlamentaria del Diputado Calisto, por instrucciones de este, quien realiz\u00f3 las gestiones necesarias ante la C\u00e1mara de Diputados para materializar su contrataci\u00f3n, a sabiendas que ella no cumplir\u00eda con ninguna de las obligaciones para las cuales fue contratada, seg\u00fan lo expresado en la audiencia.<\/p>\n<p style=\"text-align: justify;\">En definitiva, Graf Toledo recibi\u00f3 fraudulentamente ingresos durante ese per\u00edodo por parte del Fisco de Chile, sin que prestara ning\u00fan tipo de trabajo ni asesor\u00eda.<\/p>\n<p style=\"text-align: justify;\">Las sumas de dinero percibidas por la imputada Carla Graf, expres\u00f3 la Fiscal\u00eda en la audiencia, fueron destinadas a beneficio personal tanto de Roland C\u00e1rcamo Catal\u00e1n como del entonces Diputado Miguel \u00c1ngel Calisto como, asimismo, de terceras personas vinculadas a un partido pol\u00edtico, entre las que se encuentra el imputado Felipe Klein Vidal, quien particip\u00f3 en la \u00e9poca en que percibi\u00f3 los fondos como candidato a Gobernador y Consejero Regional de Ays\u00e9n.<\/p>\n<p style=\"text-align: justify;\">AGRUPACI\u00d3N DE CAUSAS<\/p>\n<p style=\"text-align: justify;\">Asimismo, en el mes de marzo, el Ministerio P\u00fablico resolvi\u00f3 agrupar a esta causa original otras dos investigaciones por fraude al Fisco, donde hay 6 personas formalizadas, entre los que se incluyen a dos imputados de la causa previamente mencionada, por cuanto los modus operandi o formas de comisi\u00f3n de los il\u00edcitos presentan caracter\u00edsticas similares en cuanto a su forma de ejecuci\u00f3n, obteniendo -en esta ocasi\u00f3n- dineros provenientes de los fondos concursables del 8% FNDR del Gobierno Regional de Ays\u00e9n.<\/p>\n<p style=\"text-align: justify;\">En total, por los cuatro proyectos fraudulentos investigados, los imputados recibieron montos superiores a los 32 millones de pesos por parte del Gobierno Regional de Ays\u00e9n.<\/p>\n<p style=\"text-align: justify;\">Actualmente, el imputado Roland C\u00e1rcamo Catal\u00e1n se encuentra sujeto a la medida cautelar de prisi\u00f3n preventiva, desde el 6 de febrero pasado, en tanto que la imputada Carla Graf Toledo permanece con arresto domicilio nocturno en el marco de esta causa por delitos reiterados de fraude al Fisco.<\/p>\n<p style=\"text-align: justify;\">Las diligencias en esta investigaci\u00f3n han sido realizadas por la Fiscal\u00eda Regional de Ays\u00e9n con apoyo de la Brigada de Delitos Econ\u00f3micos de la Polic\u00eda de Investigaciones de Chile y la Unidad Especializada Anticorrupci\u00f3n, Lavado de Activos y Probidad Interna (UNAC) de la Fiscal\u00eda Nacional.<\/p>\n<\/div><\/section><\/div><div  style='height:50px' class='hr hr-invisible   avia-builder-el-6  el_after_av_one_full  el_before_av_social_share '><span class='hr-inner ' ><span class='hr-inner-style'><\/span><\/span><\/div><\/p>\n<div  class='av-social-sharing-box  avia-builder-el-7  el_after_av_hr  el_before_av_hr  '><div class='av-share-box'><h5 class='av-share-link-description av-no-toc '>Compartir esta noticia<\/h5><ul class='av-share-box-list noLightbox'><li class='av-share-link av-social-link-facebook' ><a target=\"_blank\" aria-label=\"Compartir en Facebook\" href='https:\/\/www.facebook.com\/sharer.php?u=https:\/\/radiorevelacionfm.cl\/?p=66346&#038;t=Coyhaique%3A%20Fijan%20nuevo%20d%C3%ADa%20y%20hora%20para%20reformalizar%20causa%20por%20fraude%20al%20Fisco%20en%20car%C3%A1cter%20de%20reiterado' aria-hidden='false' data-av_icon='\ue8f3' data-av_iconfont='entypo-fontello' title='' data-avia-related-tooltip='Compartir en Facebook' rel=\"noopener\"><span class='avia_hidden_link_text'>Compartir en Facebook<\/span><\/a><\/li><li class='av-share-link av-social-link-twitter' ><a target=\"_blank\" aria-label=\"Compartir en Twitter\" href='https:\/\/twitter.com\/share?text=Coyhaique%3A%20Fijan%20nuevo%20d%C3%ADa%20y%20hora%20para%20reformalizar%20causa%20por%20fraude%20al%20Fisco%20en%20car%C3%A1cter%20de%20reiterado&#038;url=https:\/\/radiorevelacionfm.cl\/?p=66346' aria-hidden='false' data-av_icon='\ue8f1' data-av_iconfont='entypo-fontello' title='' data-avia-related-tooltip='Compartir en Twitter' rel=\"noopener\"><span class='avia_hidden_link_text'>Compartir en Twitter<\/span><\/a><\/li><li class='av-share-link av-social-link-whatsapp' ><a target=\"_blank\" aria-label=\"Compartir en Whatsapp\" href='https:\/\/api.whatsapp.com\/send?text=https:\/\/radiorevelacionfm.cl\/?p=66346' aria-hidden='false' data-av_icon='\uf232' data-av_iconfont='entypo-fontello' title='' data-avia-related-tooltip='Compartir en Whatsapp' rel=\"noopener\"><span class='avia_hidden_link_text'>Compartir en Whatsapp<\/span><\/a><\/li><li class='av-share-link av-social-link-linkedin' ><a target=\"_blank\" aria-label=\"Compartir en LinkedIn\" href='https:\/\/linkedin.com\/shareArticle?mini=true&#038;title=Coyhaique%3A%20Fijan%20nuevo%20d%C3%ADa%20y%20hora%20para%20reformalizar%20causa%20por%20fraude%20al%20Fisco%20en%20car%C3%A1cter%20de%20reiterado&#038;url=https:\/\/radiorevelacionfm.cl\/?p=66346' aria-hidden='false' data-av_icon='\ue8fc' data-av_iconfont='entypo-fontello' title='' data-avia-related-tooltip='Compartir en LinkedIn' rel=\"noopener\"><span class='avia_hidden_link_text'>Compartir en LinkedIn<\/span><\/a><\/li><li class='av-share-link av-social-link-mail' ><a  aria-label=\"Compartir por correo\" href='mailto:?subject=Coyhaique%3A%20Fijan%20nuevo%20d%C3%ADa%20y%20hora%20para%20reformalizar%20causa%20por%20fraude%20al%20Fisco%20en%20car%C3%A1cter%20de%20reiterado&#038;body=https:\/\/radiorevelacionfm.cl\/?p=66346' aria-hidden='false' data-av_icon='\ue805' data-av_iconfont='entypo-fontello' title='' data-avia-related-tooltip='Compartir por correo'><span class='avia_hidden_link_text'>Compartir por correo<\/span><\/a><\/li><\/ul><\/div><\/div>\n<div  style='height:50px' class='hr hr-invisible   avia-builder-el-8  el_after_av_social_share  el_before_av_comments_list '><span class='hr-inner ' ><span class='hr-inner-style'><\/span><\/span><\/div>\n<div  class='av-buildercomment  av-blog-meta-html-info-disabled av-blog-meta-tag-disabled  '><\/div>\n","protected":false},"excerpt":{"rendered":"","protected":false},"author":1,"featured_media":66347,"comment_status":"closed","ping_status":"closed","sticky":false,"template":"","format":"standard","meta":{"footnotes":""},"categories":[55],"tags":[],"class_list":["post-66346","post","type-post","status-publish","format-standard","has-post-thumbnail","hentry","category-justicia"],"jetpack_featured_media_url":"https:\/\/radiorevelacionfm.cl\/wp-content\/uploads\/2026\/04\/2a-1-1-1.jpg","_links":{"self":[{"href":"https:\/\/radiorevelacionfm.cl\/index.php?rest_route=\/wp\/v2\/posts\/66346","targetHints":{"allow":["GET"]}}],"collection":[{"href":"https:\/\/radiorevelacionfm.cl\/index.php?rest_route=\/wp\/v2\/posts"}],"about":[{"href":"https:\/\/radiorevelacionfm.cl\/index.php?rest_route=\/wp\/v2\/types\/post"}],"author":[{"embeddable":true,"href":"https:\/\/radiorevelacionfm.cl\/index.php?rest_route=\/wp\/v2\/users\/1"}],"replies":[{"embeddable":true,"href":"https:\/\/radiorevelacionfm.cl\/index.php?rest_route=%2Fwp%2Fv2%2Fcomments&post=66346"}],"version-history":[{"count":2,"href":"https:\/\/radiorevelacionfm.cl\/index.php?rest_route=\/wp\/v2\/posts\/66346\/revisions"}],"predecessor-version":[{"id":66349,"href":"https:\/\/radiorevelacionfm.cl\/index.php?rest_route=\/wp\/v2\/posts\/66346\/revisions\/66349"}],"wp:featuredmedia":[{"embeddable":true,"href":"https:\/\/radiorevelacionfm.cl\/index.php?rest_route=\/wp\/v2\/media\/66347"}],"wp:attachment":[{"href":"https:\/\/radiorevelacionfm.cl\/index.php?rest_route=%2Fwp%2Fv2%2Fmedia&parent=66346"}],"wp:term":[{"taxonomy":"category","embeddable":true,"href":"https:\/\/radiorevelacionfm.cl\/index.php?rest_route=%2Fwp%2Fv2%2Fcategories&post=66346"},{"taxonomy":"post_tag","embeddable":true,"href":"https:\/\/radiorevelacionfm.cl\/index.php?rest_route=%2Fwp%2Fv2%2Ftags&post=66346"}],"curies":[{"name":"wp","href":"https:\/\/api.w.org\/{rel}","templated":true}]}}