{"id":6634,"date":"2021-07-25T17:38:08","date_gmt":"2021-07-25T20:38:08","guid":{"rendered":"https:\/\/radiorevelacionfm.cl\/?p=6634"},"modified":"2021-07-25T17:38:08","modified_gmt":"2021-07-25T20:38:08","slug":"diego-betancourt-inscribe-candidatura-a-consejero-regional-por-coyhaique","status":"publish","type":"post","link":"https:\/\/radiorevelacionfm.cl\/?p=6634","title":{"rendered":"Diego Betancourt inscribe candidatura a Consejero Regional por Coyhaique"},"content":{"rendered":"<div class=\"flex_column av_one_full  flex_column_div av-zero-column-padding first  avia-builder-el-0  el_before_av_one_full  avia-builder-el-first  \" style='border-radius:0px; '><div  class='avia-image-container  av-styling-    avia-builder-el-1  avia-builder-el-no-sibling  avia-align-center '  itemprop=\"image\" itemscope=\"itemscope\" itemtype=\"https:\/\/schema.org\/ImageObject\"  ><div class='avia-image-container-inner'><div class='avia-image-overlay-wrap'><img decoding=\"async\" class='wp-image-6635 avia-img-lazy-loading-not-6635 avia_image' src=\"https:\/\/radiorevelacionfm.cl\/wp-content\/uploads\/2021\/07\/DB-1-1-1.jpg\" alt='' title='DB 1 (1) (1)' height=\"600\" width=\"899\"  itemprop=\"thumbnailUrl\" srcset=\"https:\/\/radiorevelacionfm.cl\/wp-content\/uploads\/2021\/07\/DB-1-1-1.jpg 899w, https:\/\/radiorevelacionfm.cl\/wp-content\/uploads\/2021\/07\/DB-1-1-1-300x200.jpg 300w, https:\/\/radiorevelacionfm.cl\/wp-content\/uploads\/2021\/07\/DB-1-1-1-768x513.jpg 768w, https:\/\/radiorevelacionfm.cl\/wp-content\/uploads\/2021\/07\/DB-1-1-1-705x471.jpg 705w, https:\/\/radiorevelacionfm.cl\/wp-content\/uploads\/2021\/07\/DB-1-1-1-600x400.jpg 600w\" sizes=\"(max-width: 899px) 100vw, 899px\" \/><\/div><\/div><\/div><\/div><div class=\"flex_column av_one_full  flex_column_div av-zero-column-padding first  avia-builder-el-2  el_after_av_one_full  el_before_av_one_full  column-top-margin\" style='border-radius:0px; '><section class=\"av_textblock_section \"  itemscope=\"itemscope\" itemtype=\"https:\/\/schema.org\/BlogPosting\" itemprop=\"blogPost\" ><div class='avia_textblock  '   itemprop=\"text\" ><p style=\"text-align: center;\"><strong><span style=\"font-size: 18pt;\">Diego Betancourt inscribe candidatura a Consejero Regional por Coyhaique<\/span><\/strong><\/p>\n<div id=\"gtx-trans\" style=\"position: absolute; left: -50px; top: 4.31534px;\">\n<div class=\"gtx-trans-icon\"><\/div>\n<\/div>\n<\/div><\/section><\/div><div class=\"flex_column av_one_full  flex_column_div av-zero-column-padding first  avia-builder-el-4  el_after_av_one_full  el_before_av_hr  column-top-margin\" style='border-radius:0px; '><section class=\"av_textblock_section \"  itemscope=\"itemscope\" itemtype=\"https:\/\/schema.org\/BlogPosting\" itemprop=\"blogPost\" ><div class='avia_textblock  '   itemprop=\"text\" ><p style=\"text-align: justify;\">Poco a poco comienzan a dilucidarse los nombres que buscar\u00e1n alcanzar alg\u00fan cargo de elecci\u00f3n popular en noviembre, entre los que se encuentra Diego Betancourt, joven socialista (31) que ha ocupado distintas responsabilidades tanto al interior de su partido pol\u00edtico como en la administraci\u00f3n comunal. Betancourt es un convencido que los grandes desaf\u00edos que tendr\u00e1 el pr\u00f3ximo Consejo Regional ser\u00e1n apoyar la reactivaci\u00f3n econ\u00f3mica, fomentar la generaci\u00f3n de empleo, generar pol\u00edticas asistenciales y de apoyo a las familias m\u00e1s vulnerables y optimizar la inversi\u00f3n p\u00fablica en estos \u00e1mbitos, \u00e1reas en la que afirma que \u201cno se puede seguir subvencionando con recursos regionales las inversiones que debieran ser asumidas por ministerios y sectores\u201d.<\/p>\n<p style=\"text-align: justify;\">Diego Betancourt, ex presidente regional de la Juventud Socialista y actual miembro de la directiva comunal del PS, explica que desde su \u00e9poca estudiantil ha asumido diferentes responsabilidades y la coordinaci\u00f3n de equipos, sin embargo, asumir una campa\u00f1a es uno de sus mayores desaf\u00edos. \u201cPese a mi edad tengo una amplia experiencia en materias y pol\u00edticas sociales, conozco las falencias propias del sistema, por lo que tengo la convicci\u00f3n en que un consejero y el consejo regional pueden hacer la diferencia para una familia, un trabajador o una trabajadora que lo est\u00e1 pasando mal. La crisis econ\u00f3mica es una realidad que nos va a golpear por los pr\u00f3ximos a\u00f1os y la inversi\u00f3n que se realice en Ays\u00e9n debe ser coherente con\u00a0 dichas necesidades.\u201d<\/p>\n<p style=\"text-align: justify;\">Respecto a la regionalizaci\u00f3n, Betancourt Ulloa es claro en manifestar que la regi\u00f3n debe decidir hacia donde ir y ah\u00ed \u201ccada peso es importante\u201d. \u201cLa plata debe estar en la calle, generando empleo y apoyo a la clase trabajadora. Los Ministerios deben hacerse cargo de las obras que ellos han decidido, por lo que los recursos del FNDR no pueden subvencionar iniciativas sectoriales. Tendremos el tremendo desaf\u00edo de responder a las necesidades de la comunidad en una econom\u00eda golpeada y es de vital importancia apoyar a micro, peque\u00f1os y medianas empresas generando herramientas tambi\u00e9n para los emprendedores. Conozco de cerca que las pol\u00edticas de apoyo, los puntajes y la forma en que se calcula el Registro Social de Hogares han dejado a millones de chilenos y chilenas fuera de beneficios y ah\u00ed tenemos un desaf\u00edo como consejeros\u201d.<\/p>\n<p style=\"text-align: justify;\">\u201cEstamos todav\u00eda en un proceso incipiente de regionalizaci\u00f3n. La elecci\u00f3n de gobernadores es un paso importante, pero los consejos regionales todav\u00eda deben incentivar la regionalizaci\u00f3n. Nuestro territorio es especial y requiere un tremendo esfuerzo para equilibrar y mejorar el acceso a las pol\u00edticas de inversi\u00f3n y pol\u00edticas sociales. Ese es un desaf\u00edo que he asumido desde esta candidatura\u201d, finaliz\u00f3 Diego Betancourt postulante al Consejo Regional de Ays\u00e9n.<\/p>\n<\/div><\/section><\/div><div  style='height:50px' class='hr hr-invisible   avia-builder-el-6  el_after_av_one_full  el_before_av_social_share '><span class='hr-inner ' ><span class='hr-inner-style'><\/span><\/span><\/div><\/p>\n<div  class='av-social-sharing-box  avia-builder-el-7  el_after_av_hr  el_before_av_hr  '><div class='av-share-box'><h5 class='av-share-link-description av-no-toc '>Compartir esta noticia<\/h5><ul class='av-share-box-list noLightbox'><li class='av-share-link av-social-link-facebook' ><a target=\"_blank\" aria-label=\"Compartir en Facebook\" href='https:\/\/www.facebook.com\/sharer.php?u=https:\/\/radiorevelacionfm.cl\/?p=6634&#038;t=Diego%20Betancourt%20inscribe%20candidatura%20a%20Consejero%20Regional%20por%20Coyhaique' aria-hidden='false' data-av_icon='\ue8f3' data-av_iconfont='entypo-fontello' title='' data-avia-related-tooltip='Compartir en Facebook' rel=\"noopener\"><span class='avia_hidden_link_text'>Compartir en Facebook<\/span><\/a><\/li><li class='av-share-link av-social-link-twitter' ><a target=\"_blank\" aria-label=\"Compartir en Twitter\" href='https:\/\/twitter.com\/share?text=Diego%20Betancourt%20inscribe%20candidatura%20a%20Consejero%20Regional%20por%20Coyhaique&#038;url=https:\/\/radiorevelacionfm.cl\/?p=6634' aria-hidden='false' data-av_icon='\ue8f1' data-av_iconfont='entypo-fontello' title='' data-avia-related-tooltip='Compartir en Twitter' rel=\"noopener\"><span class='avia_hidden_link_text'>Compartir en Twitter<\/span><\/a><\/li><li class='av-share-link av-social-link-whatsapp' ><a target=\"_blank\" aria-label=\"Compartir en Whatsapp\" href='https:\/\/api.whatsapp.com\/send?text=https:\/\/radiorevelacionfm.cl\/?p=6634' aria-hidden='false' data-av_icon='\uf232' data-av_iconfont='entypo-fontello' title='' data-avia-related-tooltip='Compartir en Whatsapp' rel=\"noopener\"><span class='avia_hidden_link_text'>Compartir en Whatsapp<\/span><\/a><\/li><li class='av-share-link av-social-link-linkedin' ><a target=\"_blank\" aria-label=\"Compartir en LinkedIn\" href='https:\/\/linkedin.com\/shareArticle?mini=true&#038;title=Diego%20Betancourt%20inscribe%20candidatura%20a%20Consejero%20Regional%20por%20Coyhaique&#038;url=https:\/\/radiorevelacionfm.cl\/?p=6634' aria-hidden='false' data-av_icon='\ue8fc' data-av_iconfont='entypo-fontello' title='' data-avia-related-tooltip='Compartir en LinkedIn' rel=\"noopener\"><span class='avia_hidden_link_text'>Compartir en LinkedIn<\/span><\/a><\/li><li class='av-share-link av-social-link-mail' ><a  aria-label=\"Compartir por correo\" href='mailto:?subject=Diego%20Betancourt%20inscribe%20candidatura%20a%20Consejero%20Regional%20por%20Coyhaique&#038;body=https:\/\/radiorevelacionfm.cl\/?p=6634' aria-hidden='false' data-av_icon='\ue805' data-av_iconfont='entypo-fontello' title='' data-avia-related-tooltip='Compartir por correo'><span class='avia_hidden_link_text'>Compartir por correo<\/span><\/a><\/li><\/ul><\/div><\/div>\n<div  style='height:50px' class='hr hr-invisible   avia-builder-el-8  el_after_av_social_share  el_before_av_comments_list '><span class='hr-inner ' ><span class='hr-inner-style'><\/span><\/span><\/div>\n<div  class='av-buildercomment  av-blog-meta-html-info-disabled av-blog-meta-tag-disabled  '><\/div>\n","protected":false},"excerpt":{"rendered":"","protected":false},"author":1,"featured_media":6635,"comment_status":"open","ping_status":"open","sticky":false,"template":"","format":"standard","meta":{"footnotes":""},"categories":[35],"tags":[],"class_list":["post-6634","post","type-post","status-publish","format-standard","has-post-thumbnail","hentry","category-politica"],"jetpack_featured_media_url":"https:\/\/radiorevelacionfm.cl\/wp-content\/uploads\/2021\/07\/DB-1-1-1.jpg","_links":{"self":[{"href":"https:\/\/radiorevelacionfm.cl\/index.php?rest_route=\/wp\/v2\/posts\/6634","targetHints":{"allow":["GET"]}}],"collection":[{"href":"https:\/\/radiorevelacionfm.cl\/index.php?rest_route=\/wp\/v2\/posts"}],"about":[{"href":"https:\/\/radiorevelacionfm.cl\/index.php?rest_route=\/wp\/v2\/types\/post"}],"author":[{"embeddable":true,"href":"https:\/\/radiorevelacionfm.cl\/index.php?rest_route=\/wp\/v2\/users\/1"}],"replies":[{"embeddable":true,"href":"https:\/\/radiorevelacionfm.cl\/index.php?rest_route=%2Fwp%2Fv2%2Fcomments&post=6634"}],"version-history":[{"count":1,"href":"https:\/\/radiorevelacionfm.cl\/index.php?rest_route=\/wp\/v2\/posts\/6634\/revisions"}],"predecessor-version":[{"id":6636,"href":"https:\/\/radiorevelacionfm.cl\/index.php?rest_route=\/wp\/v2\/posts\/6634\/revisions\/6636"}],"wp:featuredmedia":[{"embeddable":true,"href":"https:\/\/radiorevelacionfm.cl\/index.php?rest_route=\/wp\/v2\/media\/6635"}],"wp:attachment":[{"href":"https:\/\/radiorevelacionfm.cl\/index.php?rest_route=%2Fwp%2Fv2%2Fmedia&parent=6634"}],"wp:term":[{"taxonomy":"category","embeddable":true,"href":"https:\/\/radiorevelacionfm.cl\/index.php?rest_route=%2Fwp%2Fv2%2Fcategories&post=6634"},{"taxonomy":"post_tag","embeddable":true,"href":"https:\/\/radiorevelacionfm.cl\/index.php?rest_route=%2Fwp%2Fv2%2Ftags&post=6634"}],"curies":[{"name":"wp","href":"https:\/\/api.w.org\/{rel}","templated":true}]}}