{"id":66336,"date":"2026-04-21T17:32:33","date_gmt":"2026-04-21T20:32:33","guid":{"rendered":"https:\/\/radiorevelacionfm.cl\/?p=66336"},"modified":"2026-04-21T17:32:33","modified_gmt":"2026-04-21T20:32:33","slug":"senadora-ordenes-sobre-ley-miscelanea-menos-ingresos-fiscales-significa-menos-estado-donde-mas-se-necesita","status":"publish","type":"post","link":"https:\/\/radiorevelacionfm.cl\/?p=66336","title":{"rendered":"Senadora \u00d3rdenes sobre Ley Miscel\u00e1nea: \u201cMenos ingresos fiscales significa menos Estado donde m\u00e1s se necesita\u201d"},"content":{"rendered":"<div class=\"flex_column av_one_full  flex_column_div av-zero-column-padding first  avia-builder-el-0  el_before_av_one_full  avia-builder-el-first  \" style='border-radius:0px; '><div  class='avia-image-container  av-styling-    avia-builder-el-1  avia-builder-el-no-sibling  avia-align-center '  itemprop=\"image\" itemscope=\"itemscope\" itemtype=\"https:\/\/schema.org\/ImageObject\"  ><div class='avia-image-container-inner'><div class='avia-image-overlay-wrap'><img decoding=\"async\" class='wp-image-66338 avia-img-lazy-loading-not-66338 avia_image' src=\"https:\/\/radiorevelacionfm.cl\/wp-content\/uploads\/2026\/04\/FOTO-30-SENADORA-1.jpeg\" alt='' title='FOTO (30) SENADORA (1)' height=\"765\" width=\"803\"  itemprop=\"thumbnailUrl\" srcset=\"https:\/\/radiorevelacionfm.cl\/wp-content\/uploads\/2026\/04\/FOTO-30-SENADORA-1.jpeg 803w, https:\/\/radiorevelacionfm.cl\/wp-content\/uploads\/2026\/04\/FOTO-30-SENADORA-1-300x286.jpeg 300w, https:\/\/radiorevelacionfm.cl\/wp-content\/uploads\/2026\/04\/FOTO-30-SENADORA-1-768x732.jpeg 768w, https:\/\/radiorevelacionfm.cl\/wp-content\/uploads\/2026\/04\/FOTO-30-SENADORA-1-705x672.jpeg 705w, https:\/\/radiorevelacionfm.cl\/wp-content\/uploads\/2026\/04\/FOTO-30-SENADORA-1-450x429.jpeg 450w, https:\/\/radiorevelacionfm.cl\/wp-content\/uploads\/2026\/04\/FOTO-30-SENADORA-1-600x572.jpeg 600w\" sizes=\"(max-width: 803px) 100vw, 803px\" \/><\/div><\/div><\/div><\/div><div class=\"flex_column av_one_full  flex_column_div av-zero-column-padding first  avia-builder-el-2  el_after_av_one_full  el_before_av_one_full  column-top-margin\" style='border-radius:0px; '><section class=\"av_textblock_section \"  itemscope=\"itemscope\" itemtype=\"https:\/\/schema.org\/BlogPosting\" itemprop=\"blogPost\" ><div class='avia_textblock  '   itemprop=\"text\" ><p style=\"text-align: center;\"><strong><span style=\"font-size: 18pt;\">Senadora \u00d3rdenes sobre Ley Miscel\u00e1nea: \u201cMenos ingresos fiscales significa menos Estado donde m\u00e1s se necesita\u201d<\/span><\/strong><\/p>\n<div id=\"gtx-trans\" style=\"position: absolute; left: -50px; top: 4.31534px;\">\n<div class=\"gtx-trans-icon\"><\/div>\n<\/div>\n<\/div><\/section><\/div><\/p>\n<div class=\"flex_column av_one_full  flex_column_div av-zero-column-padding first  avia-builder-el-4  el_after_av_one_full  el_before_av_hr  column-top-margin\" style='border-radius:0px; '><section class=\"av_textblock_section \"  itemscope=\"itemscope\" itemtype=\"https:\/\/schema.org\/BlogPosting\" itemprop=\"blogPost\" ><div class='avia_textblock  '   itemprop=\"text\" ><p style=\"text-align: justify;\">La representante aysenina en el Senado, Ximena Ordenes Neira, se sum\u00f3 a las cr\u00edticas transversales a las iniciativas econ\u00f3micas incluidas en la denominada Ley Miscel\u00e1nea del Plan de Reconstrucci\u00f3n Nacional anunciado por el Gobierno. Las medidas, que incluyen menos impuestos al capital, al patrimonio y a las rentas financieras, suponen un boquete fiscal, con beneficios concentrados en su mayor\u00eda en el 1% m\u00e1s rico y un bajo impacto probado en crecimiento o empleo.<\/p>\n<p style=\"text-align: justify;\">Ordenes fue enf\u00e1tica en se\u00f1alar que en torno a esta iniciativa hay una contradicci\u00f3n evidente. \u201cPor un lado nos hablan de que existe una crisis fiscal y por el otro nos proponen bajar los impuestos a las grandes empresas\u201d, sostuvo, argumentando que \u201cse plantea rebajar en 4 puntos el impuesto de primera categor\u00eda, eso significa que se va a bajar de un 27% a un 23%. Esto no es menor, estamos hablando de cientos de millones de d\u00f3lares que se rebajan en la recaudaci\u00f3n del Estado\u201d.<\/p>\n<p style=\"text-align: justify;\">En total, las propuestas mencionadas son diez, la reducci\u00f3n temporal del impuesto a las donaciones (50%), repatriaci\u00f3n de Capitales con tasa 8%, rebajar el impuesto de primera categor\u00eda del 27% al 23%, eliminaci\u00f3n del impuesto a las ganancias de capital en la venta de acciones, integraci\u00f3n del sistema tributario (100%), eliminaci\u00f3n temporal del IVA a la vivienda, invariabilidad tributaria a la inversi\u00f3n extranjera, incentivo al empleo (subsidio 10%), cr\u00e9dito tributario a la generaci\u00f3n de empleo formal y solo una con fines sociales, que contempla la eliminaci\u00f3n de las contribuciones a la primera vivienda, para adultos mayores.<\/p>\n<p style=\"text-align: justify;\"><strong>EFECTOS NEGATIVOS DEL BOQUETE FISCAL EN AYS\u00c9N<\/strong><\/p>\n<p style=\"text-align: justify;\">La estimaci\u00f3n del proyecto de ley cuantifica el efecto en una menor recaudaci\u00f3n, aproximadamente ~1,5-1,8 puntos del PIB (unos 4.500 millones de d\u00f3lares anuales menos). Lo que va en sentido contrario a lo que habitualmente impulsan las reformas tributarias; recaudar m\u00e1s para financiar el gasto fiscal, con el objetivo de promover una mejor distribuci\u00f3n del ingreso fomentando una mayor equidad tributaria. Sobre este particular, Ordenes tambi\u00e9n fue enf\u00e1tica al afirmar que esta iniciativa miscel\u00e1nea reduce la recaudaci\u00f3n, con la excusa de promover el crecimiento econ\u00f3mico y el empleo, pero sin sustento en la realidad, ni claridad de c\u00f3mo.<\/p>\n<p style=\"text-align: justify;\">\u201cEstamos hablando de una ca\u00edda de la recaudaci\u00f3n de a lo menos 4.400 millones de d\u00f3lares al a\u00f1o, lo que impacta significativamente la sostenibilidad del gasto social, afectando de forma directa a las familias m\u00e1s vulnerables. Adem\u00e1s, como lo se\u00f1alan organismos internacionales, como el Fondo Monetario Internacional, no existen mecanismos de compensaci\u00f3n y tampoco existe evidencia emp\u00edrica suficiente que permita concluir que se generar\u00e1n m\u00e1s empleos\u201d, manifest\u00f3 la representante aysenina, que como le es habitual, tradujo este efecto a la realidad regional, asegurando que golpear\u00eda profundamente a Ays\u00e9n.<\/p>\n<p style=\"text-align: justify;\">\u201cEsta informaci\u00f3n es importante en particular para la regi\u00f3n de Ays\u00e9n, ya que depende mucho de la inversi\u00f3n p\u00fablica. No queremos que tenga un impacto negativo en temas como conectividad, infraestructura, el acceso a la salud o la vivienda, entre otros aspectos. En definitiva, menos ingresos fiscales significa menos Estado donde m\u00e1s se necesita\u201d, indic\u00f3 la legisladora, quien se mostr\u00f3 poco convencida de los supuestos incentivos a la inversi\u00f3n y el empleo de la propuesta miscel\u00e1nea del Ejecutivo.<\/p>\n<\/div><\/section><\/div>\n<div  style='height:50px' class='hr hr-invisible   avia-builder-el-6  el_after_av_one_full  el_before_av_social_share '><span class='hr-inner ' ><span class='hr-inner-style'><\/span><\/span><\/div>\n<div  class='av-social-sharing-box  avia-builder-el-7  el_after_av_hr  el_before_av_hr  '><div class='av-share-box'><h5 class='av-share-link-description av-no-toc '>Compartir esta noticia<\/h5><ul class='av-share-box-list noLightbox'><li class='av-share-link av-social-link-facebook' ><a target=\"_blank\" aria-label=\"Compartir en Facebook\" href='https:\/\/www.facebook.com\/sharer.php?u=https:\/\/radiorevelacionfm.cl\/?p=66336&#038;t=Senadora%20%C3%93rdenes%20sobre%20Ley%20Miscel%C3%A1nea%3A%20%E2%80%9CMenos%20ingresos%20fiscales%20significa%20menos%20Estado%20donde%20m%C3%A1s%20se%20necesita%E2%80%9D' aria-hidden='false' data-av_icon='\ue8f3' data-av_iconfont='entypo-fontello' title='' data-avia-related-tooltip='Compartir en Facebook' rel=\"noopener\"><span class='avia_hidden_link_text'>Compartir en Facebook<\/span><\/a><\/li><li class='av-share-link av-social-link-twitter' ><a target=\"_blank\" aria-label=\"Compartir en Twitter\" href='https:\/\/twitter.com\/share?text=Senadora%20%C3%93rdenes%20sobre%20Ley%20Miscel%C3%A1nea%3A%20%E2%80%9CMenos%20ingresos%20fiscales%20significa%20menos%20Estado%20donde%20m%C3%A1s%20se%20necesita%E2%80%9D&#038;url=https:\/\/radiorevelacionfm.cl\/?p=66336' aria-hidden='false' data-av_icon='\ue8f1' data-av_iconfont='entypo-fontello' title='' data-avia-related-tooltip='Compartir en Twitter' rel=\"noopener\"><span class='avia_hidden_link_text'>Compartir en Twitter<\/span><\/a><\/li><li class='av-share-link av-social-link-whatsapp' ><a target=\"_blank\" aria-label=\"Compartir en Whatsapp\" href='https:\/\/api.whatsapp.com\/send?text=https:\/\/radiorevelacionfm.cl\/?p=66336' aria-hidden='false' data-av_icon='\uf232' data-av_iconfont='entypo-fontello' title='' data-avia-related-tooltip='Compartir en Whatsapp' rel=\"noopener\"><span class='avia_hidden_link_text'>Compartir en Whatsapp<\/span><\/a><\/li><li class='av-share-link av-social-link-linkedin' ><a target=\"_blank\" aria-label=\"Compartir en LinkedIn\" href='https:\/\/linkedin.com\/shareArticle?mini=true&#038;title=Senadora%20%C3%93rdenes%20sobre%20Ley%20Miscel%C3%A1nea%3A%20%E2%80%9CMenos%20ingresos%20fiscales%20significa%20menos%20Estado%20donde%20m%C3%A1s%20se%20necesita%E2%80%9D&#038;url=https:\/\/radiorevelacionfm.cl\/?p=66336' aria-hidden='false' data-av_icon='\ue8fc' data-av_iconfont='entypo-fontello' title='' data-avia-related-tooltip='Compartir en LinkedIn' rel=\"noopener\"><span class='avia_hidden_link_text'>Compartir en LinkedIn<\/span><\/a><\/li><li class='av-share-link av-social-link-mail' ><a  aria-label=\"Compartir por correo\" href='mailto:?subject=Senadora%20%C3%93rdenes%20sobre%20Ley%20Miscel%C3%A1nea%3A%20%E2%80%9CMenos%20ingresos%20fiscales%20significa%20menos%20Estado%20donde%20m%C3%A1s%20se%20necesita%E2%80%9D&#038;body=https:\/\/radiorevelacionfm.cl\/?p=66336' aria-hidden='false' data-av_icon='\ue805' data-av_iconfont='entypo-fontello' title='' data-avia-related-tooltip='Compartir por correo'><span class='avia_hidden_link_text'>Compartir por correo<\/span><\/a><\/li><\/ul><\/div><\/div>\n<div  style='height:50px' class='hr hr-invisible   avia-builder-el-8  el_after_av_social_share  el_before_av_comments_list '><span class='hr-inner ' ><span class='hr-inner-style'><\/span><\/span><\/div>\n<div  class='av-buildercomment  av-blog-meta-html-info-disabled av-blog-meta-tag-disabled  '><\/div>\n","protected":false},"excerpt":{"rendered":"","protected":false},"author":1,"featured_media":66338,"comment_status":"closed","ping_status":"closed","sticky":false,"template":"","format":"standard","meta":{"footnotes":""},"categories":[35],"tags":[],"class_list":["post-66336","post","type-post","status-publish","format-standard","has-post-thumbnail","hentry","category-politica"],"jetpack_featured_media_url":"https:\/\/radiorevelacionfm.cl\/wp-content\/uploads\/2026\/04\/FOTO-30-SENADORA-1.jpeg","_links":{"self":[{"href":"https:\/\/radiorevelacionfm.cl\/index.php?rest_route=\/wp\/v2\/posts\/66336","targetHints":{"allow":["GET"]}}],"collection":[{"href":"https:\/\/radiorevelacionfm.cl\/index.php?rest_route=\/wp\/v2\/posts"}],"about":[{"href":"https:\/\/radiorevelacionfm.cl\/index.php?rest_route=\/wp\/v2\/types\/post"}],"author":[{"embeddable":true,"href":"https:\/\/radiorevelacionfm.cl\/index.php?rest_route=\/wp\/v2\/users\/1"}],"replies":[{"embeddable":true,"href":"https:\/\/radiorevelacionfm.cl\/index.php?rest_route=%2Fwp%2Fv2%2Fcomments&post=66336"}],"version-history":[{"count":3,"href":"https:\/\/radiorevelacionfm.cl\/index.php?rest_route=\/wp\/v2\/posts\/66336\/revisions"}],"predecessor-version":[{"id":66367,"href":"https:\/\/radiorevelacionfm.cl\/index.php?rest_route=\/wp\/v2\/posts\/66336\/revisions\/66367"}],"wp:featuredmedia":[{"embeddable":true,"href":"https:\/\/radiorevelacionfm.cl\/index.php?rest_route=\/wp\/v2\/media\/66338"}],"wp:attachment":[{"href":"https:\/\/radiorevelacionfm.cl\/index.php?rest_route=%2Fwp%2Fv2%2Fmedia&parent=66336"}],"wp:term":[{"taxonomy":"category","embeddable":true,"href":"https:\/\/radiorevelacionfm.cl\/index.php?rest_route=%2Fwp%2Fv2%2Fcategories&post=66336"},{"taxonomy":"post_tag","embeddable":true,"href":"https:\/\/radiorevelacionfm.cl\/index.php?rest_route=%2Fwp%2Fv2%2Ftags&post=66336"}],"curies":[{"name":"wp","href":"https:\/\/api.w.org\/{rel}","templated":true}]}}