{"id":66327,"date":"2026-04-21T10:52:40","date_gmt":"2026-04-21T13:52:40","guid":{"rendered":"https:\/\/radiorevelacionfm.cl\/?p=66327"},"modified":"2026-04-21T10:52:40","modified_gmt":"2026-04-21T13:52:40","slug":"fiscalia-logra-condena-para-tres-imputados-en-caso-de-explotacion-sexual-infantil-y-microtrafico-descubierto-el-ano-pasado-en-coyhaique","status":"publish","type":"post","link":"https:\/\/radiorevelacionfm.cl\/?p=66327","title":{"rendered":"Fiscal\u00eda logra condena para tres imputados en caso de explotaci\u00f3n sexual infantil y microtr\u00e1fico descubierto el a\u00f1o pasado en Coyhaique"},"content":{"rendered":"<div class=\"flex_column av_one_full  flex_column_div av-zero-column-padding first  avia-builder-el-0  el_before_av_one_full  avia-builder-el-first  \" style='border-radius:0px; '><div  class='avia-image-container  av-styling-    avia-builder-el-1  avia-builder-el-no-sibling  avia-align-center '  itemprop=\"image\" itemscope=\"itemscope\" itemtype=\"https:\/\/schema.org\/ImageObject\"  ><div class='avia-image-container-inner'><div class='avia-image-overlay-wrap'><img decoding=\"async\" class='wp-image-66328 avia-img-lazy-loading-not-66328 avia_image' src=\"https:\/\/radiorevelacionfm.cl\/wp-content\/uploads\/2026\/04\/fiscalia-frontis4-1_optimized.jpg\" alt='' title='fiscalia-frontis4-(1)_optimized' height=\"600\" width=\"900\"  itemprop=\"thumbnailUrl\" srcset=\"https:\/\/radiorevelacionfm.cl\/wp-content\/uploads\/2026\/04\/fiscalia-frontis4-1_optimized.jpg 900w, https:\/\/radiorevelacionfm.cl\/wp-content\/uploads\/2026\/04\/fiscalia-frontis4-1_optimized-300x200.jpg 300w, https:\/\/radiorevelacionfm.cl\/wp-content\/uploads\/2026\/04\/fiscalia-frontis4-1_optimized-768x512.jpg 768w, https:\/\/radiorevelacionfm.cl\/wp-content\/uploads\/2026\/04\/fiscalia-frontis4-1_optimized-705x470.jpg 705w, https:\/\/radiorevelacionfm.cl\/wp-content\/uploads\/2026\/04\/fiscalia-frontis4-1_optimized-450x300.jpg 450w, https:\/\/radiorevelacionfm.cl\/wp-content\/uploads\/2026\/04\/fiscalia-frontis4-1_optimized-600x400.jpg 600w\" sizes=\"(max-width: 900px) 100vw, 900px\" \/><\/div><\/div><\/div><\/div><div class=\"flex_column av_one_full  flex_column_div av-zero-column-padding first  avia-builder-el-2  el_after_av_one_full  el_before_av_one_full  column-top-margin\" style='border-radius:0px; '><section class=\"av_textblock_section \"  itemscope=\"itemscope\" itemtype=\"https:\/\/schema.org\/BlogPosting\" itemprop=\"blogPost\" ><div class='avia_textblock  '   itemprop=\"text\" ><p style=\"text-align: center;\"><strong><span style=\"font-size: 18pt;\">Fiscal\u00eda logra condena para tres imputados en caso de explotaci\u00f3n sexual infantil y microtr\u00e1fico descubierto el a\u00f1o pasado en Coyhaique<\/span><\/strong><\/p>\n<div id=\"gtx-trans\" style=\"position: absolute; left: -50px; top: 4.31534px;\">\n<div class=\"gtx-trans-icon\"><\/div>\n<\/div>\n<\/div><\/section><\/div><div class=\"flex_column av_one_full  flex_column_div av-zero-column-padding first  avia-builder-el-4  el_after_av_one_full  el_before_av_hr  column-top-margin\" style='border-radius:0px; '><section class=\"av_textblock_section \"  itemscope=\"itemscope\" itemtype=\"https:\/\/schema.org\/BlogPosting\" itemprop=\"blogPost\" ><div class='avia_textblock  '   itemprop=\"text\" ><p style=\"text-align: justify;\"><em>A solicitud del Ministerio P\u00fablico, las diligencias investigativas fueron efectuadas por la Brigada Investigadora de Delitos Sexuales y la Brigada Antinarc\u00f3ticos y Contra el Crimen Organizado. Los condenados corresponden a un hombre y dos mujeres.\u00a0<\/em><\/p>\n<p style=\"text-align: justify;\">Tras una acusaci\u00f3n presentada por la Fiscal\u00eda Local de Coyhaique, el Tribunal de Juicio Oral en Lo Penal resolvi\u00f3 hoy condenar a tres imputados, un hombre y dos mujeres, en el marco de una causa por explotaci\u00f3n sexual infantil y microtr\u00e1fico de estupefacientes formalizada en junio del a\u00f1o pasado en Coyhaique.<\/p>\n<p style=\"text-align: justify;\">El juicio fue asumido por el Fiscal Jefe de Coyhaique, Luis Contreras Alfaro, quien adem\u00e1s dirigi\u00f3 la investigaci\u00f3n desplegada por la Brigada Investigadora de Delitos Sexuales y la Brigada Antinarc\u00f3ticos y Contra el Crimen Organizado de la PDI.<\/p>\n<p style=\"text-align: justify;\">La sentencia aplicada por los jueces del Tribunal Oral fue de 10 a\u00f1os de presidio mayor en su grado m\u00ednimo para una imputada de 25 a\u00f1os, condenada por el delito de explotaci\u00f3n sexual infantil. Por su parte un imputado de 27 a\u00f1os, quien efectuaba labores de transporte informal de pasajeros, fue condenado por 4 delitos que en total suman m\u00e1s de 9 a\u00f1os de c\u00e1rcel, los cuales incluyen 4 a\u00f1os de presidio por obtenci\u00f3n de servicios sexuales de personas menores de edad, 3 a\u00f1os por porte ilegal de arma de fogueo adaptable, 600 d\u00edas por almacenamiento de material pornogr\u00e1fico infantil y 300 d\u00edas por microtr\u00e1fico.<\/p>\n<p style=\"text-align: justify;\">En tanto la tercera imputada, de 39 a\u00f1os, fue condenada a 600 d\u00edas de presidio por el delito de microtr\u00e1fico de drogas.<\/p>\n<p style=\"text-align: justify;\">Este caso corresponde al primer juicio oral por explotaci\u00f3n sexual infantil desarrollado en la Regi\u00f3n de Ays\u00e9n.<\/p>\n<p style=\"text-align: justify;\">FEN\u00d3MENO<\/p>\n<p style=\"text-align: justify;\">En junio del a\u00f1o pasado, cuando este caso fue formalizado, el fiscal Luis Contreras reflexion\u00f3 en torno a los diversos factores que se relacionan en la explotaci\u00f3n sexual infantil. \u201cEn el fen\u00f3meno de la explotaci\u00f3n sexual infantil siempre se entremezclan situaciones de pobreza, de vulnerabilidad, de situaciones de negligencias parentales, cosas que est\u00e1n siempre en conjunto con situaciones como el tr\u00e1fico de drogas, consumo de drogas y adem\u00e1s el hecho de que los adolescentes normalmente se ven obnubilados por la existencia de tel\u00e9fonos celulares u otro tipo de recompensas frente a acciones que, en principio, por su edad, puede que no contemplen o no consideren como riesgosos. Sin embargo, efectivamente, todas esas conductas actualmente est\u00e1n sancionadas por la ley y hay que perseguirlas\u201d.<\/p>\n<p style=\"text-align: justify;\">Este caso de explotaci\u00f3n sexual infantil cont\u00f3 con el apoyo del Servicio de Protecci\u00f3n Especializada de la Ni\u00f1ez y la Adolescencia y el Programa Mi Abogado. Esta \u00faltima entidad tambi\u00e9n particip\u00f3 como querellante en el juicio oral.<\/p>\n<p style=\"text-align: justify;\">Asimismo, la Unidad de Atenci\u00f3n a V\u00edctimas y Testigos de la Fiscal\u00eda Regional tambi\u00e9n tuvo una participaci\u00f3n destacada, facilitando la declaraci\u00f3n anticipada de una de las adolescentes y el acompa\u00f1amiento de otra durante la audiencia de juicio oral, efectuando contenci\u00f3n, protecci\u00f3n y apoyo.<\/p>\n<\/div><\/section><\/div><div  style='height:50px' class='hr hr-invisible   avia-builder-el-6  el_after_av_one_full  el_before_av_social_share '><span class='hr-inner ' ><span class='hr-inner-style'><\/span><\/span><\/div><\/p>\n<div  class='av-social-sharing-box  avia-builder-el-7  el_after_av_hr  el_before_av_hr  '><div class='av-share-box'><h5 class='av-share-link-description av-no-toc '>Compartir esta noticia<\/h5><ul class='av-share-box-list noLightbox'><li class='av-share-link av-social-link-facebook' ><a target=\"_blank\" aria-label=\"Compartir en Facebook\" href='https:\/\/www.facebook.com\/sharer.php?u=https:\/\/radiorevelacionfm.cl\/?p=66327&#038;t=Fiscal%C3%ADa%20logra%20condena%20para%20tres%20imputados%20en%20caso%20de%20explotaci%C3%B3n%20sexual%20infantil%20y%20microtr%C3%A1fico%20descubierto%20el%20a%C3%B1o%20pasado%20en%20Coyhaique' aria-hidden='false' data-av_icon='\ue8f3' data-av_iconfont='entypo-fontello' title='' data-avia-related-tooltip='Compartir en Facebook' rel=\"noopener\"><span class='avia_hidden_link_text'>Compartir en Facebook<\/span><\/a><\/li><li class='av-share-link av-social-link-twitter' ><a target=\"_blank\" aria-label=\"Compartir en Twitter\" href='https:\/\/twitter.com\/share?text=Fiscal%C3%ADa%20logra%20condena%20para%20tres%20imputados%20en%20caso%20de%20explotaci%C3%B3n%20sexual%20infantil%20y%20microtr%C3%A1fico%20descubierto%20el%20a%C3%B1o%20pasado%20en%20Coyhaique&#038;url=https:\/\/radiorevelacionfm.cl\/?p=66327' aria-hidden='false' data-av_icon='\ue8f1' data-av_iconfont='entypo-fontello' title='' data-avia-related-tooltip='Compartir en Twitter' rel=\"noopener\"><span class='avia_hidden_link_text'>Compartir en Twitter<\/span><\/a><\/li><li class='av-share-link av-social-link-whatsapp' ><a target=\"_blank\" aria-label=\"Compartir en Whatsapp\" href='https:\/\/api.whatsapp.com\/send?text=https:\/\/radiorevelacionfm.cl\/?p=66327' aria-hidden='false' data-av_icon='\uf232' data-av_iconfont='entypo-fontello' title='' data-avia-related-tooltip='Compartir en Whatsapp' rel=\"noopener\"><span class='avia_hidden_link_text'>Compartir en Whatsapp<\/span><\/a><\/li><li class='av-share-link av-social-link-linkedin' ><a target=\"_blank\" aria-label=\"Compartir en LinkedIn\" href='https:\/\/linkedin.com\/shareArticle?mini=true&#038;title=Fiscal%C3%ADa%20logra%20condena%20para%20tres%20imputados%20en%20caso%20de%20explotaci%C3%B3n%20sexual%20infantil%20y%20microtr%C3%A1fico%20descubierto%20el%20a%C3%B1o%20pasado%20en%20Coyhaique&#038;url=https:\/\/radiorevelacionfm.cl\/?p=66327' aria-hidden='false' data-av_icon='\ue8fc' data-av_iconfont='entypo-fontello' title='' data-avia-related-tooltip='Compartir en LinkedIn' rel=\"noopener\"><span class='avia_hidden_link_text'>Compartir en LinkedIn<\/span><\/a><\/li><li class='av-share-link av-social-link-mail' ><a  aria-label=\"Compartir por correo\" href='mailto:?subject=Fiscal%C3%ADa%20logra%20condena%20para%20tres%20imputados%20en%20caso%20de%20explotaci%C3%B3n%20sexual%20infantil%20y%20microtr%C3%A1fico%20descubierto%20el%20a%C3%B1o%20pasado%20en%20Coyhaique&#038;body=https:\/\/radiorevelacionfm.cl\/?p=66327' aria-hidden='false' data-av_icon='\ue805' data-av_iconfont='entypo-fontello' title='' data-avia-related-tooltip='Compartir por correo'><span class='avia_hidden_link_text'>Compartir por correo<\/span><\/a><\/li><\/ul><\/div><\/div>\n<div  style='height:50px' class='hr hr-invisible   avia-builder-el-8  el_after_av_social_share  el_before_av_comments_list '><span class='hr-inner ' ><span class='hr-inner-style'><\/span><\/span><\/div>\n<div  class='av-buildercomment  av-blog-meta-html-info-disabled av-blog-meta-tag-disabled  '><\/div>\n","protected":false},"excerpt":{"rendered":"","protected":false},"author":1,"featured_media":66328,"comment_status":"closed","ping_status":"closed","sticky":false,"template":"","format":"standard","meta":{"footnotes":""},"categories":[55],"tags":[],"class_list":["post-66327","post","type-post","status-publish","format-standard","has-post-thumbnail","hentry","category-justicia"],"jetpack_featured_media_url":"https:\/\/radiorevelacionfm.cl\/wp-content\/uploads\/2026\/04\/fiscalia-frontis4-1_optimized.jpg","_links":{"self":[{"href":"https:\/\/radiorevelacionfm.cl\/index.php?rest_route=\/wp\/v2\/posts\/66327","targetHints":{"allow":["GET"]}}],"collection":[{"href":"https:\/\/radiorevelacionfm.cl\/index.php?rest_route=\/wp\/v2\/posts"}],"about":[{"href":"https:\/\/radiorevelacionfm.cl\/index.php?rest_route=\/wp\/v2\/types\/post"}],"author":[{"embeddable":true,"href":"https:\/\/radiorevelacionfm.cl\/index.php?rest_route=\/wp\/v2\/users\/1"}],"replies":[{"embeddable":true,"href":"https:\/\/radiorevelacionfm.cl\/index.php?rest_route=%2Fwp%2Fv2%2Fcomments&post=66327"}],"version-history":[{"count":2,"href":"https:\/\/radiorevelacionfm.cl\/index.php?rest_route=\/wp\/v2\/posts\/66327\/revisions"}],"predecessor-version":[{"id":66330,"href":"https:\/\/radiorevelacionfm.cl\/index.php?rest_route=\/wp\/v2\/posts\/66327\/revisions\/66330"}],"wp:featuredmedia":[{"embeddable":true,"href":"https:\/\/radiorevelacionfm.cl\/index.php?rest_route=\/wp\/v2\/media\/66328"}],"wp:attachment":[{"href":"https:\/\/radiorevelacionfm.cl\/index.php?rest_route=%2Fwp%2Fv2%2Fmedia&parent=66327"}],"wp:term":[{"taxonomy":"category","embeddable":true,"href":"https:\/\/radiorevelacionfm.cl\/index.php?rest_route=%2Fwp%2Fv2%2Fcategories&post=66327"},{"taxonomy":"post_tag","embeddable":true,"href":"https:\/\/radiorevelacionfm.cl\/index.php?rest_route=%2Fwp%2Fv2%2Ftags&post=66327"}],"curies":[{"name":"wp","href":"https:\/\/api.w.org\/{rel}","templated":true}]}}