{"id":66323,"date":"2026-04-21T11:17:54","date_gmt":"2026-04-21T14:17:54","guid":{"rendered":"https:\/\/radiorevelacionfm.cl\/?p=66323"},"modified":"2026-04-21T11:17:54","modified_gmt":"2026-04-21T14:17:54","slug":"realizaran-trabajos-de-mantenimiento-para-reforzar-la-red-electrica-en-chile-chico","status":"publish","type":"post","link":"https:\/\/radiorevelacionfm.cl\/?p=66323","title":{"rendered":"Realizar\u00e1n trabajos de mantenimiento para reforzar la red el\u00e9ctrica en Chile Chico"},"content":{"rendered":"<div class=\"flex_column av_one_full  flex_column_div av-zero-column-padding first  avia-builder-el-0  el_before_av_one_full  avia-builder-el-first  \" style='border-radius:0px; '><div  class='avia-image-container  av-styling-    avia-builder-el-1  avia-builder-el-no-sibling  avia-align-center '  itemprop=\"image\" itemscope=\"itemscope\" itemtype=\"https:\/\/schema.org\/ImageObject\"  ><div class='avia-image-container-inner'><div class='avia-image-overlay-wrap'><img decoding=\"async\" class='wp-image-50767 avia-img-lazy-loading-not-50767 avia_image' src=\"https:\/\/radiorevelacionfm.cl\/wp-content\/uploads\/2025\/02\/edelaysen_desconexion-programada-1_optimized.jpeg\" alt='' title='edelaysen_desconexi\u00f3n-programada-(1)_optimized' height=\"600\" width=\"1039\"  itemprop=\"thumbnailUrl\" srcset=\"https:\/\/radiorevelacionfm.cl\/wp-content\/uploads\/2025\/02\/edelaysen_desconexion-programada-1_optimized.jpeg 1039w, https:\/\/radiorevelacionfm.cl\/wp-content\/uploads\/2025\/02\/edelaysen_desconexion-programada-1_optimized-300x173.jpeg 300w, https:\/\/radiorevelacionfm.cl\/wp-content\/uploads\/2025\/02\/edelaysen_desconexion-programada-1_optimized-1030x595.jpeg 1030w, https:\/\/radiorevelacionfm.cl\/wp-content\/uploads\/2025\/02\/edelaysen_desconexion-programada-1_optimized-768x444.jpeg 768w, https:\/\/radiorevelacionfm.cl\/wp-content\/uploads\/2025\/02\/edelaysen_desconexion-programada-1_optimized-705x407.jpeg 705w, https:\/\/radiorevelacionfm.cl\/wp-content\/uploads\/2025\/02\/edelaysen_desconexion-programada-1_optimized-450x260.jpeg 450w, https:\/\/radiorevelacionfm.cl\/wp-content\/uploads\/2025\/02\/edelaysen_desconexion-programada-1_optimized-600x346.jpeg 600w\" sizes=\"(max-width: 1039px) 100vw, 1039px\" \/><\/div><\/div><\/div><\/div><div class=\"flex_column av_one_full  flex_column_div av-zero-column-padding first  avia-builder-el-2  el_after_av_one_full  el_before_av_one_full  column-top-margin\" style='border-radius:0px; '><section class=\"av_textblock_section \"  itemscope=\"itemscope\" itemtype=\"https:\/\/schema.org\/BlogPosting\" itemprop=\"blogPost\" ><div class='avia_textblock  '   itemprop=\"text\" ><p style=\"text-align: center;\"><strong><span style=\"font-size: 18pt;\">Realizar\u00e1n trabajos de mantenimiento para reforzar la red el\u00e9ctrica en Chile Chico<\/span><\/strong><\/p>\n<div id=\"gtx-trans\" style=\"position: absolute; left: -50px; top: 4.31534px;\">\n<div class=\"gtx-trans-icon\"><\/div>\n<\/div>\n<\/div><\/section><\/div><div class=\"flex_column av_one_full  flex_column_div av-zero-column-padding first  avia-builder-el-4  el_after_av_one_full  el_before_av_hr  column-top-margin\" style='border-radius:0px; '><section class=\"av_textblock_section \"  itemscope=\"itemscope\" itemtype=\"https:\/\/schema.org\/BlogPosting\" itemprop=\"blogPost\" ><div class='avia_textblock  '   itemprop=\"text\" ><p style=\"text-align: justify;\">Las faenas est\u00e1n programadas para desarrollarse este mi\u00e9rcoles 22 de abril entre las 09:00 y las 15:00 horas, en el sector de Callej\u00f3n Vel\u00e1zquez, con el objetivo de robustecer alimentadores y seguir mejorando la calidad del suministro el\u00e9ctrico en la comuna.<\/p>\n<p style=\"text-align: justify;\">Como parte de su plan de fortalecimiento de la red el\u00e9ctrica en la regi\u00f3n, Edelaysen ejecutar\u00e1 este mi\u00e9rcoles 22 de abril trabajos de mantenimiento estrat\u00e9gico en el sector de Callej\u00f3n Vel\u00e1zquez, en la comuna de Chile Chico.<\/p>\n<p style=\"text-align: justify;\">En tal sentido, las faenas se llevar\u00e1n a cabo entre las 09:00 y las 15:00 horas y estar\u00e1n orientadas a robustecer los alimentadores el\u00e9ctricos del sector, una labor clave para continuar avanzando en un sistema m\u00e1s confiable, seguro y preparado para responder de mejor manera a los requerimientos de la comunidad.<\/p>\n<p style=\"text-align: justify;\">Para ello, Mar\u00eda de los \u00c1ngeles Gajardo, jefa de Servicio al Cliente de Edelaysen destac\u00f3 \u201cEste mantenimiento nos permitir\u00e1 seguir fortaleciendo la red el\u00e9ctrica en Chile Chico, mediante trabajos que apuntan directamente a robustecer nuestros alimentadores y mejorar la calidad del suministro para nuestros clientes. Como empresa, seguimos avanzando en acciones concretas que nos permiten contar con una infraestructura m\u00e1s resiliente y un mejor servicio para la comunidad\u201d.<\/p>\n<p style=\"text-align: justify;\">Estas acciones forman parte del trabajo permanente que desarrolla Edelaysen para mejorar la calidad del suministro el\u00e9ctrico, a trav\u00e9s de intervenciones programadas que permiten fortalecer la infraestructura y dar mayor continuidad al servicio para los vecinos de la comuna.<\/p>\n<p style=\"text-align: justify;\">Asimismo, desde la el\u00e9ctrica comentaron que, ante dudas y consultas de los clientes, Edelaysen mantiene disponibles sus canales de atenci\u00f3n a trav\u00e9s de oficina virtual en su sitio web <a href=\"http:\/\/www.edelaysen.cl\">www.edelaysen.cl<\/a> , l\u00ednea gratuita al 800 600 803, cuenta X @Edelaysen y Facebook @Edelaysen.<\/p>\n<\/div><\/section><\/div><div  style='height:50px' class='hr hr-invisible   avia-builder-el-6  el_after_av_one_full  el_before_av_social_share '><span class='hr-inner ' ><span class='hr-inner-style'><\/span><\/span><\/div><\/p>\n<div  class='av-social-sharing-box  avia-builder-el-7  el_after_av_hr  el_before_av_hr  '><div class='av-share-box'><h5 class='av-share-link-description av-no-toc '>Compartir esta noticia<\/h5><ul class='av-share-box-list noLightbox'><li class='av-share-link av-social-link-facebook' ><a target=\"_blank\" aria-label=\"Compartir en Facebook\" href='https:\/\/www.facebook.com\/sharer.php?u=https:\/\/radiorevelacionfm.cl\/?p=66323&#038;t=Realizar%C3%A1n%20trabajos%20de%20mantenimiento%20para%20reforzar%20la%20red%20el%C3%A9ctrica%20en%20Chile%20Chico' aria-hidden='false' data-av_icon='\ue8f3' data-av_iconfont='entypo-fontello' title='' data-avia-related-tooltip='Compartir en Facebook' rel=\"noopener\"><span class='avia_hidden_link_text'>Compartir en Facebook<\/span><\/a><\/li><li class='av-share-link av-social-link-twitter' ><a target=\"_blank\" aria-label=\"Compartir en Twitter\" href='https:\/\/twitter.com\/share?text=Realizar%C3%A1n%20trabajos%20de%20mantenimiento%20para%20reforzar%20la%20red%20el%C3%A9ctrica%20en%20Chile%20Chico&#038;url=https:\/\/radiorevelacionfm.cl\/?p=66323' aria-hidden='false' data-av_icon='\ue8f1' data-av_iconfont='entypo-fontello' title='' data-avia-related-tooltip='Compartir en Twitter' rel=\"noopener\"><span class='avia_hidden_link_text'>Compartir en Twitter<\/span><\/a><\/li><li class='av-share-link av-social-link-whatsapp' ><a target=\"_blank\" aria-label=\"Compartir en Whatsapp\" href='https:\/\/api.whatsapp.com\/send?text=https:\/\/radiorevelacionfm.cl\/?p=66323' aria-hidden='false' data-av_icon='\uf232' data-av_iconfont='entypo-fontello' title='' data-avia-related-tooltip='Compartir en Whatsapp' rel=\"noopener\"><span class='avia_hidden_link_text'>Compartir en Whatsapp<\/span><\/a><\/li><li class='av-share-link av-social-link-linkedin' ><a target=\"_blank\" aria-label=\"Compartir en LinkedIn\" href='https:\/\/linkedin.com\/shareArticle?mini=true&#038;title=Realizar%C3%A1n%20trabajos%20de%20mantenimiento%20para%20reforzar%20la%20red%20el%C3%A9ctrica%20en%20Chile%20Chico&#038;url=https:\/\/radiorevelacionfm.cl\/?p=66323' aria-hidden='false' data-av_icon='\ue8fc' data-av_iconfont='entypo-fontello' title='' data-avia-related-tooltip='Compartir en LinkedIn' rel=\"noopener\"><span class='avia_hidden_link_text'>Compartir en LinkedIn<\/span><\/a><\/li><li class='av-share-link av-social-link-mail' ><a  aria-label=\"Compartir por correo\" href='mailto:?subject=Realizar%C3%A1n%20trabajos%20de%20mantenimiento%20para%20reforzar%20la%20red%20el%C3%A9ctrica%20en%20Chile%20Chico&#038;body=https:\/\/radiorevelacionfm.cl\/?p=66323' aria-hidden='false' data-av_icon='\ue805' data-av_iconfont='entypo-fontello' title='' data-avia-related-tooltip='Compartir por correo'><span class='avia_hidden_link_text'>Compartir por correo<\/span><\/a><\/li><\/ul><\/div><\/div>\n<div  style='height:50px' class='hr hr-invisible   avia-builder-el-8  el_after_av_social_share  el_before_av_comments_list '><span class='hr-inner ' ><span class='hr-inner-style'><\/span><\/span><\/div>\n<div  class='av-buildercomment  av-blog-meta-html-info-disabled av-blog-meta-tag-disabled  '><\/div>\n","protected":false},"excerpt":{"rendered":"","protected":false},"author":1,"featured_media":50767,"comment_status":"closed","ping_status":"closed","sticky":false,"template":"","format":"standard","meta":{"footnotes":""},"categories":[38],"tags":[],"class_list":["post-66323","post","type-post","status-publish","format-standard","has-post-thumbnail","hentry","category-regional"],"jetpack_featured_media_url":"https:\/\/radiorevelacionfm.cl\/wp-content\/uploads\/2025\/02\/edelaysen_desconexion-programada-1_optimized.jpeg","_links":{"self":[{"href":"https:\/\/radiorevelacionfm.cl\/index.php?rest_route=\/wp\/v2\/posts\/66323","targetHints":{"allow":["GET"]}}],"collection":[{"href":"https:\/\/radiorevelacionfm.cl\/index.php?rest_route=\/wp\/v2\/posts"}],"about":[{"href":"https:\/\/radiorevelacionfm.cl\/index.php?rest_route=\/wp\/v2\/types\/post"}],"author":[{"embeddable":true,"href":"https:\/\/radiorevelacionfm.cl\/index.php?rest_route=\/wp\/v2\/users\/1"}],"replies":[{"embeddable":true,"href":"https:\/\/radiorevelacionfm.cl\/index.php?rest_route=%2Fwp%2Fv2%2Fcomments&post=66323"}],"version-history":[{"count":2,"href":"https:\/\/radiorevelacionfm.cl\/index.php?rest_route=\/wp\/v2\/posts\/66323\/revisions"}],"predecessor-version":[{"id":66333,"href":"https:\/\/radiorevelacionfm.cl\/index.php?rest_route=\/wp\/v2\/posts\/66323\/revisions\/66333"}],"wp:featuredmedia":[{"embeddable":true,"href":"https:\/\/radiorevelacionfm.cl\/index.php?rest_route=\/wp\/v2\/media\/50767"}],"wp:attachment":[{"href":"https:\/\/radiorevelacionfm.cl\/index.php?rest_route=%2Fwp%2Fv2%2Fmedia&parent=66323"}],"wp:term":[{"taxonomy":"category","embeddable":true,"href":"https:\/\/radiorevelacionfm.cl\/index.php?rest_route=%2Fwp%2Fv2%2Fcategories&post=66323"},{"taxonomy":"post_tag","embeddable":true,"href":"https:\/\/radiorevelacionfm.cl\/index.php?rest_route=%2Fwp%2Fv2%2Ftags&post=66323"}],"curies":[{"name":"wp","href":"https:\/\/api.w.org\/{rel}","templated":true}]}}