{"id":66320,"date":"2026-04-21T12:05:58","date_gmt":"2026-04-21T15:05:58","guid":{"rendered":"https:\/\/radiorevelacionfm.cl\/?p=66320"},"modified":"2026-04-21T12:05:58","modified_gmt":"2026-04-21T15:05:58","slug":"municipio-pone-fin-a-mas-de-10-anos-de-desorden-en-rendiciones-y-evita-perdidas-por-mas-de-546-millones","status":"publish","type":"post","link":"https:\/\/radiorevelacionfm.cl\/?p=66320","title":{"rendered":"Municipio pone fin a m\u00e1s de 10 a\u00f1os de desorden en rendiciones y evita p\u00e9rdidas por m\u00e1s de $546 millones"},"content":{"rendered":"<div class=\"flex_column av_one_full  flex_column_div av-zero-column-padding first  avia-builder-el-0  el_before_av_one_full  avia-builder-el-first  \" style='border-radius:0px; '><div  class='avia-image-container  av-styling-    avia-builder-el-1  avia-builder-el-no-sibling  avia-align-center '  itemprop=\"image\" itemscope=\"itemscope\" itemtype=\"https:\/\/schema.org\/ImageObject\"  ><div class='avia-image-container-inner'><div class='avia-image-overlay-wrap'><img decoding=\"async\" class='wp-image-66321 avia-img-lazy-loading-not-66321 avia_image' src=\"https:\/\/radiorevelacionfm.cl\/wp-content\/uploads\/2026\/04\/Alcalde-ChileChico-1-1.jpeg\" alt='' title='Alcalde ChileChico (1) (1)' height=\"600\" width=\"800\"  itemprop=\"thumbnailUrl\" srcset=\"https:\/\/radiorevelacionfm.cl\/wp-content\/uploads\/2026\/04\/Alcalde-ChileChico-1-1.jpeg 800w, https:\/\/radiorevelacionfm.cl\/wp-content\/uploads\/2026\/04\/Alcalde-ChileChico-1-1-300x225.jpeg 300w, https:\/\/radiorevelacionfm.cl\/wp-content\/uploads\/2026\/04\/Alcalde-ChileChico-1-1-768x576.jpeg 768w, https:\/\/radiorevelacionfm.cl\/wp-content\/uploads\/2026\/04\/Alcalde-ChileChico-1-1-705x529.jpeg 705w, https:\/\/radiorevelacionfm.cl\/wp-content\/uploads\/2026\/04\/Alcalde-ChileChico-1-1-450x338.jpeg 450w, https:\/\/radiorevelacionfm.cl\/wp-content\/uploads\/2026\/04\/Alcalde-ChileChico-1-1-600x450.jpeg 600w\" sizes=\"(max-width: 800px) 100vw, 800px\" \/><\/div><\/div><\/div><\/div>\n<div class=\"flex_column av_one_full  flex_column_div av-zero-column-padding first  avia-builder-el-2  el_after_av_one_full  el_before_av_one_full  column-top-margin\" style='border-radius:0px; '><section class=\"av_textblock_section \"  itemscope=\"itemscope\" itemtype=\"https:\/\/schema.org\/BlogPosting\" itemprop=\"blogPost\" ><div class='avia_textblock  '   itemprop=\"text\" ><p style=\"text-align: center;\"><strong><span style=\"font-size: 18pt;\">Municipio pone fin a m\u00e1s de 10 a\u00f1os de desorden en rendiciones y evita p\u00e9rdidas por m\u00e1s de $546 millones<\/span><\/strong><\/p>\n<div id=\"gtx-trans\" style=\"position: absolute; left: -50px; top: 4.31534px;\">\n<div class=\"gtx-trans-icon\"><\/div>\n<\/div>\n<\/div><\/section><\/div><div class=\"flex_column av_one_full  flex_column_div av-zero-column-padding first  avia-builder-el-4  el_after_av_one_full  el_before_av_hr  column-top-margin\" style='border-radius:0px; '><section class=\"av_textblock_section \"  itemscope=\"itemscope\" itemtype=\"https:\/\/schema.org\/BlogPosting\" itemprop=\"blogPost\" ><div class='avia_textblock  '   itemprop=\"text\" ><p style=\"text-align: justify;\">En una reciente presentaci\u00f3n realizada por el Departamento de Rendiciones de la Ilustre Municipalidad de Chile Chico, y por encargo del alcalde, se expusieron los avances en la regularizaci\u00f3n de proyectos de larga data, evidenciando un importante control del riesgo financiero y jur\u00eddico que afectaba a la instituci\u00f3n.<\/p>\n<p style=\"text-align: justify;\">Hasta el a\u00f1o 2025, el municipio enfrentaba una situaci\u00f3n cr\u00edtica derivada de proyectos con arrastre desde 2011, lo que generaba una alta exposici\u00f3n a reintegros de recursos p\u00fablicos y eventuales sanciones administrativas. Este escenario implicaba un riesgo real para el patrimonio municipal, afectando directamente la capacidad de inversi\u00f3n futura y el desarrollo de la comuna.<\/p>\n<p style=\"text-align: justify;\">Frente a este contexto, se implement\u00f3 una estrategia t\u00e9cnica especializada que permiti\u00f3 abordar de manera sistem\u00e1tica la subsanaci\u00f3n de 26 proyectos financiados por el Gobierno Regional de Ays\u00e9n (GORE) y la Subsecretar\u00eda de Desarrollo Regional y Administrativo (SUBDERE), con un monto total transferido superior a los $1.487 millones .<\/p>\n<p style=\"text-align: justify;\">El proceso consider\u00f3 una reconstrucci\u00f3n documental hist\u00f3rica, interpretaci\u00f3n de convenios, aplicaci\u00f3n de normativa vigente en rendiciones, coordinaci\u00f3n interdepartamental, conciliaciones bancarias por proyecto y regularizaci\u00f3n de observaciones, permitiendo recuperar la trazabilidad financiera y validar gastos previamente cuestionados.<\/p>\n<p style=\"text-align: justify;\">Como resultado, se logr\u00f3 reducir significativamente el monto solicitado de reintegro desde $670.952.621 a $124.488.005, generando un ahorro directo para el municipio de $546.464.616 . Asimismo, se subsanaron observaciones por $466.650.065, eliminando una amenaza concreta de p\u00e9rdida patrimonial, y se validaron adicionalmente $92.102.026 que no hab\u00edan sido declarados en administraciones anteriores.<\/p>\n<p style=\"text-align: justify;\">Este trabajo no solo permiti\u00f3 proteger los recursos municipales, sino tambi\u00e9n restablecer la confianza institucional ante los organismos financiadores, lo que se ha traducido en la reactivaci\u00f3n de nuevas transferencias y la posibilidad de postular a futuros proyectos de inversi\u00f3n .<\/p>\n<p style=\"text-align: justify;\">Desde el municipio destacaron que esta gesti\u00f3n evita escenarios complejos como juicios de cuentas, restituciones masivas de recursos, observaciones reiteradas y la p\u00e9rdida de financiamiento futuro, consolidando una nueva etapa de control financiero y responsabilidad administrativa.<\/p>\n<p style=\"text-align: justify;\">Finalmente, se subray\u00f3 que la rendici\u00f3n de cuentas no es solo un proceso administrativo, sino una herramienta clave para resguardar el patrimonio p\u00fablico y garantizar el desarrollo sostenible de la comuna, fortaleciendo la gobernanza financiera municipal.<\/p>\n<\/div><\/section><\/div><\/p>\n<div  style='height:50px' class='hr hr-invisible   avia-builder-el-6  el_after_av_one_full  el_before_av_social_share '><span class='hr-inner ' ><span class='hr-inner-style'><\/span><\/span><\/div>\n<div  class='av-social-sharing-box  avia-builder-el-7  el_after_av_hr  el_before_av_hr  '><div class='av-share-box'><h5 class='av-share-link-description av-no-toc '>Compartir esta noticia<\/h5><ul class='av-share-box-list noLightbox'><li class='av-share-link av-social-link-facebook' ><a target=\"_blank\" aria-label=\"Compartir en Facebook\" href='https:\/\/www.facebook.com\/sharer.php?u=https:\/\/radiorevelacionfm.cl\/?p=66320&#038;t=Municipio%20pone%20fin%20a%20m%C3%A1s%20de%2010%20a%C3%B1os%20de%20desorden%20en%20rendiciones%20y%20evita%20p%C3%A9rdidas%20por%20m%C3%A1s%20de%20%24546%20millones' aria-hidden='false' data-av_icon='\ue8f3' data-av_iconfont='entypo-fontello' title='' data-avia-related-tooltip='Compartir en Facebook' rel=\"noopener\"><span class='avia_hidden_link_text'>Compartir en Facebook<\/span><\/a><\/li><li class='av-share-link av-social-link-twitter' ><a target=\"_blank\" aria-label=\"Compartir en Twitter\" href='https:\/\/twitter.com\/share?text=Municipio%20pone%20fin%20a%20m%C3%A1s%20de%2010%20a%C3%B1os%20de%20desorden%20en%20rendiciones%20y%20evita%20p%C3%A9rdidas%20por%20m%C3%A1s%20de%20%24546%20millones&#038;url=https:\/\/radiorevelacionfm.cl\/?p=66320' aria-hidden='false' data-av_icon='\ue8f1' data-av_iconfont='entypo-fontello' title='' data-avia-related-tooltip='Compartir en Twitter' rel=\"noopener\"><span class='avia_hidden_link_text'>Compartir en Twitter<\/span><\/a><\/li><li class='av-share-link av-social-link-whatsapp' ><a target=\"_blank\" aria-label=\"Compartir en Whatsapp\" href='https:\/\/api.whatsapp.com\/send?text=https:\/\/radiorevelacionfm.cl\/?p=66320' aria-hidden='false' data-av_icon='\uf232' data-av_iconfont='entypo-fontello' title='' data-avia-related-tooltip='Compartir en Whatsapp' rel=\"noopener\"><span class='avia_hidden_link_text'>Compartir en Whatsapp<\/span><\/a><\/li><li class='av-share-link av-social-link-linkedin' ><a target=\"_blank\" aria-label=\"Compartir en LinkedIn\" href='https:\/\/linkedin.com\/shareArticle?mini=true&#038;title=Municipio%20pone%20fin%20a%20m%C3%A1s%20de%2010%20a%C3%B1os%20de%20desorden%20en%20rendiciones%20y%20evita%20p%C3%A9rdidas%20por%20m%C3%A1s%20de%20%24546%20millones&#038;url=https:\/\/radiorevelacionfm.cl\/?p=66320' aria-hidden='false' data-av_icon='\ue8fc' data-av_iconfont='entypo-fontello' title='' data-avia-related-tooltip='Compartir en LinkedIn' rel=\"noopener\"><span class='avia_hidden_link_text'>Compartir en LinkedIn<\/span><\/a><\/li><li class='av-share-link av-social-link-mail' ><a  aria-label=\"Compartir por correo\" href='mailto:?subject=Municipio%20pone%20fin%20a%20m%C3%A1s%20de%2010%20a%C3%B1os%20de%20desorden%20en%20rendiciones%20y%20evita%20p%C3%A9rdidas%20por%20m%C3%A1s%20de%20%24546%20millones&#038;body=https:\/\/radiorevelacionfm.cl\/?p=66320' aria-hidden='false' data-av_icon='\ue805' data-av_iconfont='entypo-fontello' title='' data-avia-related-tooltip='Compartir por correo'><span class='avia_hidden_link_text'>Compartir por correo<\/span><\/a><\/li><\/ul><\/div><\/div>\n<div  style='height:50px' class='hr hr-invisible   avia-builder-el-8  el_after_av_social_share  el_before_av_comments_list '><span class='hr-inner ' ><span class='hr-inner-style'><\/span><\/span><\/div>\n<div  class='av-buildercomment  av-blog-meta-html-info-disabled av-blog-meta-tag-disabled  '><\/div>\n","protected":false},"excerpt":{"rendered":"","protected":false},"author":1,"featured_media":66321,"comment_status":"closed","ping_status":"closed","sticky":false,"template":"","format":"standard","meta":{"footnotes":""},"categories":[38],"tags":[],"class_list":["post-66320","post","type-post","status-publish","format-standard","has-post-thumbnail","hentry","category-regional"],"jetpack_featured_media_url":"https:\/\/radiorevelacionfm.cl\/wp-content\/uploads\/2026\/04\/Alcalde-ChileChico-1-1.jpeg","_links":{"self":[{"href":"https:\/\/radiorevelacionfm.cl\/index.php?rest_route=\/wp\/v2\/posts\/66320","targetHints":{"allow":["GET"]}}],"collection":[{"href":"https:\/\/radiorevelacionfm.cl\/index.php?rest_route=\/wp\/v2\/posts"}],"about":[{"href":"https:\/\/radiorevelacionfm.cl\/index.php?rest_route=\/wp\/v2\/types\/post"}],"author":[{"embeddable":true,"href":"https:\/\/radiorevelacionfm.cl\/index.php?rest_route=\/wp\/v2\/users\/1"}],"replies":[{"embeddable":true,"href":"https:\/\/radiorevelacionfm.cl\/index.php?rest_route=%2Fwp%2Fv2%2Fcomments&post=66320"}],"version-history":[{"count":3,"href":"https:\/\/radiorevelacionfm.cl\/index.php?rest_route=\/wp\/v2\/posts\/66320\/revisions"}],"predecessor-version":[{"id":66341,"href":"https:\/\/radiorevelacionfm.cl\/index.php?rest_route=\/wp\/v2\/posts\/66320\/revisions\/66341"}],"wp:featuredmedia":[{"embeddable":true,"href":"https:\/\/radiorevelacionfm.cl\/index.php?rest_route=\/wp\/v2\/media\/66321"}],"wp:attachment":[{"href":"https:\/\/radiorevelacionfm.cl\/index.php?rest_route=%2Fwp%2Fv2%2Fmedia&parent=66320"}],"wp:term":[{"taxonomy":"category","embeddable":true,"href":"https:\/\/radiorevelacionfm.cl\/index.php?rest_route=%2Fwp%2Fv2%2Fcategories&post=66320"},{"taxonomy":"post_tag","embeddable":true,"href":"https:\/\/radiorevelacionfm.cl\/index.php?rest_route=%2Fwp%2Fv2%2Ftags&post=66320"}],"curies":[{"name":"wp","href":"https:\/\/api.w.org\/{rel}","templated":true}]}}