{"id":6631,"date":"2021-07-25T17:02:16","date_gmt":"2021-07-25T20:02:16","guid":{"rendered":"https:\/\/radiorevelacionfm.cl\/?p=6631"},"modified":"2021-07-25T17:02:16","modified_gmt":"2021-07-25T20:02:16","slug":"turismo-y-ordenamiento-territorial-abordo-alcalde-roncagliolo-en-nutrida-agenda-regional","status":"publish","type":"post","link":"https:\/\/radiorevelacionfm.cl\/?p=6631","title":{"rendered":"Turismo y ordenamiento territorial abord\u00f3 Alcalde Roncagliolo en nutrida agenda regional"},"content":{"rendered":"<div class=\"flex_column av_one_full  flex_column_div av-zero-column-padding first  avia-builder-el-0  el_before_av_one_full  avia-builder-el-first  \" style='border-radius:0px; '><div  class='avia-image-container  av-styling-    avia-builder-el-1  avia-builder-el-no-sibling  avia-align-center '  itemprop=\"image\" itemscope=\"itemscope\" itemtype=\"https:\/\/schema.org\/ImageObject\"  ><div class='avia-image-container-inner'><div class='avia-image-overlay-wrap'><img decoding=\"async\" class='wp-image-6632 avia-img-lazy-loading-not-6632 avia_image' src=\"https:\/\/radiorevelacionfm.cl\/wp-content\/uploads\/2021\/07\/REUNIONES-COYH4-1.jpeg\" alt='' title='REUNIONES COYH4 (1)' height=\"600\" width=\"888\"  itemprop=\"thumbnailUrl\" srcset=\"https:\/\/radiorevelacionfm.cl\/wp-content\/uploads\/2021\/07\/REUNIONES-COYH4-1.jpeg 888w, https:\/\/radiorevelacionfm.cl\/wp-content\/uploads\/2021\/07\/REUNIONES-COYH4-1-300x203.jpeg 300w, https:\/\/radiorevelacionfm.cl\/wp-content\/uploads\/2021\/07\/REUNIONES-COYH4-1-768x519.jpeg 768w, https:\/\/radiorevelacionfm.cl\/wp-content\/uploads\/2021\/07\/REUNIONES-COYH4-1-705x476.jpeg 705w, https:\/\/radiorevelacionfm.cl\/wp-content\/uploads\/2021\/07\/REUNIONES-COYH4-1-600x405.jpeg 600w\" sizes=\"(max-width: 888px) 100vw, 888px\" \/><\/div><\/div><\/div><\/div><div class=\"flex_column av_one_full  flex_column_div av-zero-column-padding first  avia-builder-el-2  el_after_av_one_full  el_before_av_one_full  column-top-margin\" style='border-radius:0px; '><section class=\"av_textblock_section \"  itemscope=\"itemscope\" itemtype=\"https:\/\/schema.org\/BlogPosting\" itemprop=\"blogPost\" ><div class='avia_textblock  '   itemprop=\"text\" ><p style=\"text-align: center;\"><strong><span style=\"font-size: 18pt;\">Turismo y ordenamiento territorial abord\u00f3 Alcalde Roncagliolo en nutrida agenda regional<\/span><\/strong><\/p>\n<div id=\"gtx-trans\" style=\"position: absolute; left: -50px; top: 4.31534px;\">\n<div class=\"gtx-trans-icon\"><\/div>\n<\/div>\n<\/div><\/section><\/div><div class=\"flex_column av_one_full  flex_column_div av-zero-column-padding first  avia-builder-el-4  el_after_av_one_full  el_before_av_hr  column-top-margin\" style='border-radius:0px; '><section class=\"av_textblock_section \"  itemscope=\"itemscope\" itemtype=\"https:\/\/schema.org\/BlogPosting\" itemprop=\"blogPost\" ><div class='avia_textblock  '   itemprop=\"text\" ><p style=\"text-align: justify;\">Una nutrida agenda de reuniones realiz\u00f3 en la capital regional, el Alcalde Francisco Roncagliolo Lepio, tendientes a avanzar en materias de ordenamiento territorial, turismo, fortalecer el tema productivo con miras a la reactivaci\u00f3n econ\u00f3mica para la comuna de Cisnes, entre otros puntos.<\/p>\n<p style=\"text-align: justify;\">Uno de los primeros encuentros se llev\u00f3 a cabo en el Gobierno Regional con la Divisi\u00f3n de Planificaci\u00f3n y Desarrollo, a cargo de Francisco Lara, con la finalidad de solicitar apoyo para que se inicie durante el presente a\u00f1o el Plan Marco de Desarrollo Territorial Palena &#8211; Queulat. As\u00ed lo se\u00f1al\u00f3 el Alcalde Roncagliolo.<\/p>\n<p style=\"text-align: justify;\">\u201cPara nosotros como comuna es muy importante trabajar en forma mancomunada con distintos servicios que brindan apoyo a los desaf\u00edos que vamos llevando adelante. Es por eso que, es importante conversar con DIPLADE del Gobierno Regional, para poder definir estrategias de levantamiento definitivas. Hemos estado trabajando con el PMDT del litoral, en el cual levantamos muchas iniciativas y proyectos que queremos llevar adelante y hoy d\u00eda estamos buscando que ese mismo programa se pueda replicar en la zona norte de nuestra comuna, en la cuenca del Palena \u2013 Queulat, para levantar la oferta publica que necesitamos dentro de los pr\u00f3ximos a\u00f1os\u201d.<\/p>\n<p style=\"text-align: justify;\">Otra reuni\u00f3n importante fue junto al director regional de Corfo, Omar Mu\u00f1oz y el gerente del PER Turismo Ays\u00e9n Rolf Traeger, con el objetivo de trabajar de manera coordinada diversas acciones que potencien la actividad tur\u00edstica y que fortalezcan las capacidades del recurso humano asociado a los gu\u00edas de turismo, a\u00f1adi\u00f3 el Alcalde de la comuna de Cisnes.<\/p>\n<p style=\"text-align: justify;\">\u201cCon CORFO estamos trabajando en distintos tipos de incentivos a trav\u00e9s del PER Turismo sobre todo, buscando el posicionamiento como comuna de Cisnes como Puerta de entrada norte a la regi\u00f3n de Ays\u00e9n y es relevante que a trav\u00e9s de esa herramienta podamos canalizar recursos que nos permitan ordenar tur\u00edsticamente nuestra zona, fortalecer herramientas e incentivos que tenemos hoy en d\u00eda, para que nuestra gente pueda seguir optando a distintos beneficios. Esperamos que eso se vea reflejado en un trabajo de muy corto plazo, con beneficios directos y que sustenten los sistemas productivos que hoy d\u00eda nosotros tenemos\u201d.<\/p>\n<p style=\"text-align: justify;\">El turismo es un eje principal en el desarrollo econ\u00f3mico de la comuna de Cisnes, por ello, el Alcalde Francisco Roncagliolo, est\u00e1 permanentemente realizando gestiones para fortalecer a\u00fan m\u00e1s esta \u00e1rea productiva. En ello, la zona de inter\u00e9s tur\u00edstico, ZOIT, ha sido muy importante junto al permanente trabajo con Sernatur, coment\u00f3 el edil.<\/p>\n<p style=\"text-align: justify;\">\u201cCon Sernatur tenemos una estrategia de apoyo al Turismo, estamos trabajando con la ZOIT, que es la zona de inter\u00e9s tur\u00edstico en la comuna. Tambi\u00e9n estamos viendo c\u00f3mo articular el fortalecimiento en esta temporada tur\u00edstica que viene, a trav\u00e9s de apoyo de informadores tur\u00edsticos y estamos llevando adelante las primeras instancias de ordenamiento tur\u00edstico dentro de nuestra comuna. Por lo mismo, el trabajo colaborativo y coordinado que podemos llevar en conjunto es tremendamente importante para cumplir con los objetivos, no solamente del municipio sino que de todo nuestro sector tur\u00edstico comunal\u201d.<\/p>\n<p style=\"text-align: justify;\">Fueron reuniones muy productivas en las que el Alcalde Francisco Roncagliolo particip\u00f3 junto a la encargada de fomento productivo de la Municipalidad de Cisnes, Lorena Lehnebach.<\/p>\n<\/div><\/section><\/div><div  style='height:50px' class='hr hr-invisible   avia-builder-el-6  el_after_av_one_full  el_before_av_social_share '><span class='hr-inner ' ><span class='hr-inner-style'><\/span><\/span><\/div><\/p>\n<div  class='av-social-sharing-box  avia-builder-el-7  el_after_av_hr  el_before_av_hr  '><div class='av-share-box'><h5 class='av-share-link-description av-no-toc '>Compartir esta noticia<\/h5><ul class='av-share-box-list noLightbox'><li class='av-share-link av-social-link-facebook' ><a target=\"_blank\" aria-label=\"Compartir en Facebook\" href='https:\/\/www.facebook.com\/sharer.php?u=https:\/\/radiorevelacionfm.cl\/?p=6631&#038;t=Turismo%20y%20ordenamiento%20territorial%20abord%C3%B3%20Alcalde%20Roncagliolo%20en%20nutrida%20agenda%20regional' aria-hidden='false' data-av_icon='\ue8f3' data-av_iconfont='entypo-fontello' title='' data-avia-related-tooltip='Compartir en Facebook' rel=\"noopener\"><span class='avia_hidden_link_text'>Compartir en Facebook<\/span><\/a><\/li><li class='av-share-link av-social-link-twitter' ><a target=\"_blank\" aria-label=\"Compartir en Twitter\" href='https:\/\/twitter.com\/share?text=Turismo%20y%20ordenamiento%20territorial%20abord%C3%B3%20Alcalde%20Roncagliolo%20en%20nutrida%20agenda%20regional&#038;url=https:\/\/radiorevelacionfm.cl\/?p=6631' aria-hidden='false' data-av_icon='\ue8f1' data-av_iconfont='entypo-fontello' title='' data-avia-related-tooltip='Compartir en Twitter' rel=\"noopener\"><span class='avia_hidden_link_text'>Compartir en Twitter<\/span><\/a><\/li><li class='av-share-link av-social-link-whatsapp' ><a target=\"_blank\" aria-label=\"Compartir en Whatsapp\" href='https:\/\/api.whatsapp.com\/send?text=https:\/\/radiorevelacionfm.cl\/?p=6631' aria-hidden='false' data-av_icon='\uf232' data-av_iconfont='entypo-fontello' title='' data-avia-related-tooltip='Compartir en Whatsapp' rel=\"noopener\"><span class='avia_hidden_link_text'>Compartir en Whatsapp<\/span><\/a><\/li><li class='av-share-link av-social-link-linkedin' ><a target=\"_blank\" aria-label=\"Compartir en LinkedIn\" href='https:\/\/linkedin.com\/shareArticle?mini=true&#038;title=Turismo%20y%20ordenamiento%20territorial%20abord%C3%B3%20Alcalde%20Roncagliolo%20en%20nutrida%20agenda%20regional&#038;url=https:\/\/radiorevelacionfm.cl\/?p=6631' aria-hidden='false' data-av_icon='\ue8fc' data-av_iconfont='entypo-fontello' title='' data-avia-related-tooltip='Compartir en LinkedIn' rel=\"noopener\"><span class='avia_hidden_link_text'>Compartir en LinkedIn<\/span><\/a><\/li><li class='av-share-link av-social-link-mail' ><a  aria-label=\"Compartir por correo\" href='mailto:?subject=Turismo%20y%20ordenamiento%20territorial%20abord%C3%B3%20Alcalde%20Roncagliolo%20en%20nutrida%20agenda%20regional&#038;body=https:\/\/radiorevelacionfm.cl\/?p=6631' aria-hidden='false' data-av_icon='\ue805' data-av_iconfont='entypo-fontello' title='' data-avia-related-tooltip='Compartir por correo'><span class='avia_hidden_link_text'>Compartir por correo<\/span><\/a><\/li><\/ul><\/div><\/div>\n<div  style='height:50px' class='hr hr-invisible   avia-builder-el-8  el_after_av_social_share  el_before_av_comments_list '><span class='hr-inner ' ><span class='hr-inner-style'><\/span><\/span><\/div>\n<div  class='av-buildercomment  av-blog-meta-html-info-disabled av-blog-meta-tag-disabled  '><\/div>\n","protected":false},"excerpt":{"rendered":"","protected":false},"author":1,"featured_media":6632,"comment_status":"open","ping_status":"open","sticky":false,"template":"","format":"standard","meta":{"footnotes":""},"categories":[38],"tags":[],"class_list":["post-6631","post","type-post","status-publish","format-standard","has-post-thumbnail","hentry","category-regional"],"jetpack_featured_media_url":"https:\/\/radiorevelacionfm.cl\/wp-content\/uploads\/2021\/07\/REUNIONES-COYH4-1.jpeg","_links":{"self":[{"href":"https:\/\/radiorevelacionfm.cl\/index.php?rest_route=\/wp\/v2\/posts\/6631","targetHints":{"allow":["GET"]}}],"collection":[{"href":"https:\/\/radiorevelacionfm.cl\/index.php?rest_route=\/wp\/v2\/posts"}],"about":[{"href":"https:\/\/radiorevelacionfm.cl\/index.php?rest_route=\/wp\/v2\/types\/post"}],"author":[{"embeddable":true,"href":"https:\/\/radiorevelacionfm.cl\/index.php?rest_route=\/wp\/v2\/users\/1"}],"replies":[{"embeddable":true,"href":"https:\/\/radiorevelacionfm.cl\/index.php?rest_route=%2Fwp%2Fv2%2Fcomments&post=6631"}],"version-history":[{"count":1,"href":"https:\/\/radiorevelacionfm.cl\/index.php?rest_route=\/wp\/v2\/posts\/6631\/revisions"}],"predecessor-version":[{"id":6633,"href":"https:\/\/radiorevelacionfm.cl\/index.php?rest_route=\/wp\/v2\/posts\/6631\/revisions\/6633"}],"wp:featuredmedia":[{"embeddable":true,"href":"https:\/\/radiorevelacionfm.cl\/index.php?rest_route=\/wp\/v2\/media\/6632"}],"wp:attachment":[{"href":"https:\/\/radiorevelacionfm.cl\/index.php?rest_route=%2Fwp%2Fv2%2Fmedia&parent=6631"}],"wp:term":[{"taxonomy":"category","embeddable":true,"href":"https:\/\/radiorevelacionfm.cl\/index.php?rest_route=%2Fwp%2Fv2%2Fcategories&post=6631"},{"taxonomy":"post_tag","embeddable":true,"href":"https:\/\/radiorevelacionfm.cl\/index.php?rest_route=%2Fwp%2Fv2%2Ftags&post=6631"}],"curies":[{"name":"wp","href":"https:\/\/api.w.org\/{rel}","templated":true}]}}