{"id":66300,"date":"2026-04-21T20:36:32","date_gmt":"2026-04-21T23:36:32","guid":{"rendered":"https:\/\/radiorevelacionfm.cl\/?p=66300"},"modified":"2026-04-21T20:36:32","modified_gmt":"2026-04-21T23:36:32","slug":"desde-julio-las-cuentas-de-luz-en-aysen-bajaran-un-14-gracias-al-acople-tarifario","status":"publish","type":"post","link":"https:\/\/radiorevelacionfm.cl\/?p=66300","title":{"rendered":"Desde julio las cuentas de luz en Ays\u00e9n bajar\u00e1n un 14% gracias al acople tarifario"},"content":{"rendered":"<div class=\"flex_column av_one_full  flex_column_div av-zero-column-padding first  avia-builder-el-0  el_before_av_one_full  avia-builder-el-first  \" style='border-radius:0px; '><div  class='avia-image-container  av-styling-    avia-builder-el-1  avia-builder-el-no-sibling  avia-align-center '  itemprop=\"image\" itemscope=\"itemscope\" itemtype=\"https:\/\/schema.org\/ImageObject\"  ><div class='avia-image-container-inner'><div class='avia-image-overlay-wrap'><img decoding=\"async\" class='wp-image-66301 avia-img-lazy-loading-not-66301 avia_image' src=\"https:\/\/radiorevelacionfm.cl\/wp-content\/uploads\/2026\/04\/Cuenta-de-Luz_Referencial-1-1.jpg\" alt='' title='Cuenta de Luz_Referencial (1) (1)' height=\"600\" width=\"1002\"  itemprop=\"thumbnailUrl\" srcset=\"https:\/\/radiorevelacionfm.cl\/wp-content\/uploads\/2026\/04\/Cuenta-de-Luz_Referencial-1-1.jpg 1002w, https:\/\/radiorevelacionfm.cl\/wp-content\/uploads\/2026\/04\/Cuenta-de-Luz_Referencial-1-1-300x180.jpg 300w, https:\/\/radiorevelacionfm.cl\/wp-content\/uploads\/2026\/04\/Cuenta-de-Luz_Referencial-1-1-768x460.jpg 768w, https:\/\/radiorevelacionfm.cl\/wp-content\/uploads\/2026\/04\/Cuenta-de-Luz_Referencial-1-1-705x422.jpg 705w, https:\/\/radiorevelacionfm.cl\/wp-content\/uploads\/2026\/04\/Cuenta-de-Luz_Referencial-1-1-450x269.jpg 450w, https:\/\/radiorevelacionfm.cl\/wp-content\/uploads\/2026\/04\/Cuenta-de-Luz_Referencial-1-1-600x359.jpg 600w\" sizes=\"(max-width: 1002px) 100vw, 1002px\" \/><\/div><\/div><\/div><\/div><div class=\"flex_column av_one_full  flex_column_div av-zero-column-padding first  avia-builder-el-2  el_after_av_one_full  el_before_av_one_full  column-top-margin\" style='border-radius:0px; '><section class=\"av_textblock_section \"  itemscope=\"itemscope\" itemtype=\"https:\/\/schema.org\/BlogPosting\" itemprop=\"blogPost\" ><div class='avia_textblock  '   itemprop=\"text\" ><p style=\"text-align: center;\"><strong><span style=\"font-size: 18pt;\">Desde julio las cuentas de luz en Ays\u00e9n bajar\u00e1n un 14% gracias al acople tarifario<\/span><\/strong><\/p>\n<div id=\"gtx-trans\" style=\"position: absolute; left: -50px; top: 4.31534px;\">\n<div class=\"gtx-trans-icon\"><\/div>\n<\/div>\n<\/div><\/section><\/div><div class=\"flex_column av_one_full  flex_column_div av-zero-column-padding first  avia-builder-el-4  el_after_av_one_full  el_before_av_hr  column-top-margin\" style='border-radius:0px; '><section class=\"av_textblock_section \"  itemscope=\"itemscope\" itemtype=\"https:\/\/schema.org\/BlogPosting\" itemprop=\"blogPost\" ><div class='avia_textblock  '   itemprop=\"text\" ><p style=\"text-align: justify;\">Desde julio, los Sistemas Medianos de dicha regi\u00f3n, entrar\u00e1n al r\u00e9gimen tarifario del Sistema El\u00e9ctrico Nacional, cambio que disminuir\u00e1 valor de cuentas de clientes no residenciales en esa zona del pa\u00eds seg\u00fan informe preliminar de la CNE.<\/p>\n<p style=\"text-align: justify;\">Buenas noticias entreg\u00f3 la Ministra de Energ\u00eda, Ximena Rinc\u00f3n, junto a la Delegada Presidencial Regional de Ays\u00e9n, Luz Mar\u00eda Vicu\u00f1a, tras una reuni\u00f3n que se realiz\u00f3 en oficinas de la cartera.<\/p>\n<p style=\"text-align: justify;\">En la cita la secretaria de Estado y la autoridad regional dieron a conocer la implementaci\u00f3n del acople tarifario para Ays\u00e9n, herramienta que integra los Precios de Nudo (PNP) de esa parte del pa\u00eds a los del Sistema El\u00e9ctrico Nacional (SEN). Esta modificaci\u00f3n fue ratificada por la Comisi\u00f3n Nacional de Energ\u00eda (CNE) en la publicaci\u00f3n public\u00f3 del Informe T\u00e9cnico Preliminar, documento base para el proceso de fijaci\u00f3n de las tarifas el\u00e9ctricas que regir\u00e1n durante el segundo semestre.<\/p>\n<p style=\"text-align: justify;\">Sobre este cambio que beneficia a los usuarios regulados no residenciales en la regi\u00f3n del sur que se traducir\u00e1 en un baja en sus cuentas de luz de 14,4%, la ministra Rinc\u00f3n se\u00f1al\u00f3 que este tipo de noticias son un ejemplo de avance territorial.<\/p>\n<p style=\"text-align: justify;\">\u201cA partir de julio de este a\u00f1o, los sistemas medianos, vale decir, las PYMEs entran al sistema del pa\u00eds para el cobro de la cuenta de la luz. Es muy importante esta noticia, y era la preocupaci\u00f3n de la delegada regional, del gobernador, adem\u00e1s del senador Calisto y los diputados de la regi\u00f3n. Si este ajuste no se hac\u00eda, y es un ajuste que se hace ahora para empezar a regir en julio, las cuentas de esta regi\u00f3n seguir\u00edan altas, y con esto van a tender a la baja, porque como regi\u00f3n estaban fuera, y eso significaba quedar muchas veces desacoplados del valor de la cuenta de la luz\u201d, coment\u00f3 la secretaria de Estado.<\/p>\n<p style=\"text-align: justify;\">Por su parte, la Delegada Presidencial Regional, Luz Mar\u00eda Vicu\u00f1a, destac\u00f3 la coordinaci\u00f3n entre el Gobierno Central y el Gobierno Regional como un elemento clave para avanzar en las prioridades del territorio. \u201cPara los distintos gremios, como de comerciantes, industriales, del turismo, este \u00abacople tarifario\u00bb es una excelente noticia, se\u00f1al\u00f3.<\/p>\n<\/div><\/section><\/div><div  style='height:50px' class='hr hr-invisible   avia-builder-el-6  el_after_av_one_full  el_before_av_social_share '><span class='hr-inner ' ><span class='hr-inner-style'><\/span><\/span><\/div><\/p>\n<div  class='av-social-sharing-box  avia-builder-el-7  el_after_av_hr  el_before_av_hr  '><div class='av-share-box'><h5 class='av-share-link-description av-no-toc '>Compartir esta noticia<\/h5><ul class='av-share-box-list noLightbox'><li class='av-share-link av-social-link-facebook' ><a target=\"_blank\" aria-label=\"Compartir en Facebook\" href='https:\/\/www.facebook.com\/sharer.php?u=https:\/\/radiorevelacionfm.cl\/?p=66300&#038;t=Desde%20julio%20las%20cuentas%20de%20luz%20en%20Ays%C3%A9n%20bajar%C3%A1n%20un%2014%25%20gracias%20al%20acople%20tarifario' aria-hidden='false' data-av_icon='\ue8f3' data-av_iconfont='entypo-fontello' title='' data-avia-related-tooltip='Compartir en Facebook' rel=\"noopener\"><span class='avia_hidden_link_text'>Compartir en Facebook<\/span><\/a><\/li><li class='av-share-link av-social-link-twitter' ><a target=\"_blank\" aria-label=\"Compartir en Twitter\" href='https:\/\/twitter.com\/share?text=Desde%20julio%20las%20cuentas%20de%20luz%20en%20Ays%C3%A9n%20bajar%C3%A1n%20un%2014%25%20gracias%20al%20acople%20tarifario&#038;url=https:\/\/radiorevelacionfm.cl\/?p=66300' aria-hidden='false' data-av_icon='\ue8f1' data-av_iconfont='entypo-fontello' title='' data-avia-related-tooltip='Compartir en Twitter' rel=\"noopener\"><span class='avia_hidden_link_text'>Compartir en Twitter<\/span><\/a><\/li><li class='av-share-link av-social-link-whatsapp' ><a target=\"_blank\" aria-label=\"Compartir en Whatsapp\" href='https:\/\/api.whatsapp.com\/send?text=https:\/\/radiorevelacionfm.cl\/?p=66300' aria-hidden='false' data-av_icon='\uf232' data-av_iconfont='entypo-fontello' title='' data-avia-related-tooltip='Compartir en Whatsapp' rel=\"noopener\"><span class='avia_hidden_link_text'>Compartir en Whatsapp<\/span><\/a><\/li><li class='av-share-link av-social-link-linkedin' ><a target=\"_blank\" aria-label=\"Compartir en LinkedIn\" href='https:\/\/linkedin.com\/shareArticle?mini=true&#038;title=Desde%20julio%20las%20cuentas%20de%20luz%20en%20Ays%C3%A9n%20bajar%C3%A1n%20un%2014%25%20gracias%20al%20acople%20tarifario&#038;url=https:\/\/radiorevelacionfm.cl\/?p=66300' aria-hidden='false' data-av_icon='\ue8fc' data-av_iconfont='entypo-fontello' title='' data-avia-related-tooltip='Compartir en LinkedIn' rel=\"noopener\"><span class='avia_hidden_link_text'>Compartir en LinkedIn<\/span><\/a><\/li><li class='av-share-link av-social-link-mail' ><a  aria-label=\"Compartir por correo\" href='mailto:?subject=Desde%20julio%20las%20cuentas%20de%20luz%20en%20Ays%C3%A9n%20bajar%C3%A1n%20un%2014%25%20gracias%20al%20acople%20tarifario&#038;body=https:\/\/radiorevelacionfm.cl\/?p=66300' aria-hidden='false' data-av_icon='\ue805' data-av_iconfont='entypo-fontello' title='' data-avia-related-tooltip='Compartir por correo'><span class='avia_hidden_link_text'>Compartir por correo<\/span><\/a><\/li><\/ul><\/div><\/div>\n<div  style='height:50px' class='hr hr-invisible   avia-builder-el-8  el_after_av_social_share  el_before_av_comments_list '><span class='hr-inner ' ><span class='hr-inner-style'><\/span><\/span><\/div>\n<div  class='av-buildercomment  av-blog-meta-html-info-disabled av-blog-meta-tag-disabled  '><\/div>\n","protected":false},"excerpt":{"rendered":"","protected":false},"author":1,"featured_media":66301,"comment_status":"closed","ping_status":"closed","sticky":false,"template":"","format":"standard","meta":{"footnotes":""},"categories":[38],"tags":[],"class_list":["post-66300","post","type-post","status-publish","format-standard","has-post-thumbnail","hentry","category-regional"],"jetpack_featured_media_url":"https:\/\/radiorevelacionfm.cl\/wp-content\/uploads\/2026\/04\/Cuenta-de-Luz_Referencial-1-1.jpg","_links":{"self":[{"href":"https:\/\/radiorevelacionfm.cl\/index.php?rest_route=\/wp\/v2\/posts\/66300","targetHints":{"allow":["GET"]}}],"collection":[{"href":"https:\/\/radiorevelacionfm.cl\/index.php?rest_route=\/wp\/v2\/posts"}],"about":[{"href":"https:\/\/radiorevelacionfm.cl\/index.php?rest_route=\/wp\/v2\/types\/post"}],"author":[{"embeddable":true,"href":"https:\/\/radiorevelacionfm.cl\/index.php?rest_route=\/wp\/v2\/users\/1"}],"replies":[{"embeddable":true,"href":"https:\/\/radiorevelacionfm.cl\/index.php?rest_route=%2Fwp%2Fv2%2Fcomments&post=66300"}],"version-history":[{"count":2,"href":"https:\/\/radiorevelacionfm.cl\/index.php?rest_route=\/wp\/v2\/posts\/66300\/revisions"}],"predecessor-version":[{"id":66379,"href":"https:\/\/radiorevelacionfm.cl\/index.php?rest_route=\/wp\/v2\/posts\/66300\/revisions\/66379"}],"wp:featuredmedia":[{"embeddable":true,"href":"https:\/\/radiorevelacionfm.cl\/index.php?rest_route=\/wp\/v2\/media\/66301"}],"wp:attachment":[{"href":"https:\/\/radiorevelacionfm.cl\/index.php?rest_route=%2Fwp%2Fv2%2Fmedia&parent=66300"}],"wp:term":[{"taxonomy":"category","embeddable":true,"href":"https:\/\/radiorevelacionfm.cl\/index.php?rest_route=%2Fwp%2Fv2%2Fcategories&post=66300"},{"taxonomy":"post_tag","embeddable":true,"href":"https:\/\/radiorevelacionfm.cl\/index.php?rest_route=%2Fwp%2Fv2%2Ftags&post=66300"}],"curies":[{"name":"wp","href":"https:\/\/api.w.org\/{rel}","templated":true}]}}