{"id":66295,"date":"2026-04-20T17:59:18","date_gmt":"2026-04-20T20:59:18","guid":{"rendered":"https:\/\/radiorevelacionfm.cl\/?p=66295"},"modified":"2026-04-20T17:59:18","modified_gmt":"2026-04-20T20:59:18","slug":"seremi-de-salud-aysen-con-la-alerta-sanitaria-oncologica-podremos-seguir-mejorando-la-atencion-para-cerca-de-cien-pacientes-de-nuestra-region","status":"publish","type":"post","link":"https:\/\/radiorevelacionfm.cl\/?p=66295","title":{"rendered":"Seremi de Salud Ays\u00e9n: \u201cCon la Alerta Sanitaria Oncol\u00f3gica podremos seguir mejorando la atenci\u00f3n para cerca de cien pacientes de nuestra regi\u00f3n\u201d"},"content":{"rendered":"<div class=\"flex_column av_one_full  flex_column_div av-zero-column-padding first  avia-builder-el-0  el_before_av_one_full  avia-builder-el-first  \" style='border-radius:0px; '><div  class='avia-image-container  av-styling-    avia-builder-el-1  avia-builder-el-no-sibling  avia-align-center '  itemprop=\"image\" itemscope=\"itemscope\" itemtype=\"https:\/\/schema.org\/ImageObject\"  ><div class='avia-image-container-inner'><div class='avia-image-overlay-wrap'><img decoding=\"async\" class='wp-image-66296 avia-img-lazy-loading-not-66296 avia_image' src=\"https:\/\/radiorevelacionfm.cl\/wp-content\/uploads\/2026\/04\/equipo-unidad-oncologica-1-1.jpeg\" alt='' title='equipo unidad oncol\u00f3gica (1) (1)' height=\"600\" width=\"870\"  itemprop=\"thumbnailUrl\" srcset=\"https:\/\/radiorevelacionfm.cl\/wp-content\/uploads\/2026\/04\/equipo-unidad-oncologica-1-1.jpeg 870w, https:\/\/radiorevelacionfm.cl\/wp-content\/uploads\/2026\/04\/equipo-unidad-oncologica-1-1-300x207.jpeg 300w, https:\/\/radiorevelacionfm.cl\/wp-content\/uploads\/2026\/04\/equipo-unidad-oncologica-1-1-768x530.jpeg 768w, https:\/\/radiorevelacionfm.cl\/wp-content\/uploads\/2026\/04\/equipo-unidad-oncologica-1-1-705x486.jpeg 705w, https:\/\/radiorevelacionfm.cl\/wp-content\/uploads\/2026\/04\/equipo-unidad-oncologica-1-1-450x310.jpeg 450w, https:\/\/radiorevelacionfm.cl\/wp-content\/uploads\/2026\/04\/equipo-unidad-oncologica-1-1-600x414.jpeg 600w\" sizes=\"(max-width: 870px) 100vw, 870px\" \/><\/div><\/div><\/div><\/div><div class=\"flex_column av_one_full  flex_column_div av-zero-column-padding first  avia-builder-el-2  el_after_av_one_full  el_before_av_one_full  column-top-margin\" style='border-radius:0px; '><section class=\"av_textblock_section \"  itemscope=\"itemscope\" itemtype=\"https:\/\/schema.org\/BlogPosting\" itemprop=\"blogPost\" ><div class='avia_textblock  '   itemprop=\"text\" ><p style=\"text-align: center;\"><strong><span style=\"font-size: 18pt;\">Seremi de Salud Ays\u00e9n: <\/span><span style=\"font-size: 18pt;\">\u201cCon la Alerta Sanitaria Oncol\u00f3gica podremos seguir mejorando la atenci\u00f3n para cerca de cien pacientes de nuestra regi\u00f3n\u201d<\/span><\/strong><\/p>\n<div id=\"gtx-trans\" style=\"position: absolute; left: -50px; top: 4.31534px;\">\n<div class=\"gtx-trans-icon\"><\/div>\n<\/div>\n<\/div><\/section><\/div><div class=\"flex_column av_one_full  flex_column_div av-zero-column-padding first  avia-builder-el-4  el_after_av_one_full  el_before_av_hr  column-top-margin\" style='border-radius:0px; '><section class=\"av_textblock_section \"  itemscope=\"itemscope\" itemtype=\"https:\/\/schema.org\/BlogPosting\" itemprop=\"blogPost\" ><div class='avia_textblock  '   itemprop=\"text\" ><ul>\n<li style=\"text-align: justify;\"><strong><em>La medida administrativa, que ya fue publicada en el Diario Oficial, permitir\u00e1 al Ministerio de Salud contar con facultades extraordinarias para la atenci\u00f3n de los 33 mil pacientes oncol\u00f3gicos que esperan diagn\u00f3stico y\/o tratamiento de c\u00e1ncer.<\/em><\/strong><\/li>\n<\/ul>\n<ul style=\"text-align: justify;\">\n<li><strong><em>Otro aspecto de esta Alerta Oncol\u00f3gica es que durante este mes se dar\u00e1 a conocer el Plan Operativo Nacional de Resoluci\u00f3n de listas de espera oncol\u00f3gica No Ges y Ges de oportunidad oncol\u00f3gica Ges retrasada.<\/em><\/strong><\/li>\n<\/ul>\n<p style=\"text-align: justify;\">Esta semana, la Contralor\u00eda General de la Rep\u00fablica tom\u00f3 raz\u00f3n de la medida administrativa que le permitir\u00e1 al Ministerio de Salud contar con facultades extraordinarias para la atenci\u00f3n de los 33 mil pacientes oncol\u00f3gicos que esperan diagn\u00f3stico y\/o tratamiento. Medida que a nivel regional beneficiar\u00eda directamente a cerca de cien pacientes que se atienden en la red p\u00fablica de salud.<\/p>\n<p style=\"text-align: justify;\">As\u00ed lo manifest\u00f3 el Seremi de Salud, Jorge P\u00e9rez Urra, quien, junto con valorar este anuncio ministerial, entreg\u00f3 m\u00e1s antecedentes al respecto.\u00a0 \u201cEsta Alerta Sanitaria Oncol\u00f3gica, es una gran noticia para nuestro sistema de salud, ya que permitir\u00e1 al Ministerio de Salud entregar una respuesta oportuna a 33 mil pacientes que esperan diagn\u00f3stico y\/o tratamiento de c\u00e1ncer a lo largo de todo el pa\u00eds. Situaci\u00f3n que, en el caso de nuestra regi\u00f3n, nos permitir\u00e1 seguir mejorando la atenci\u00f3n para alrededor de cien pacientes, con acceso a medicamentos o tratamientos cl\u00ednicos para su salud. Tal como lo manifest\u00f3 nuestra ministra May Chomali, con esta medida todos los pacientes oncol\u00f3gicos que tienen garant\u00edas retrasadas o est\u00e1n esperando una consulta o cirug\u00eda oncol\u00f3gica sean contactados e inicien sus etapas de diagn\u00f3stico o de tratamiento\u201d.<\/p>\n<p style=\"text-align: justify;\">Esta Alerta Sanitaria Oncol\u00f3gica, que regir\u00e1 hasta el 30 de septiembre de este a\u00f1o y podr\u00e1 prorrogarse seg\u00fan las condiciones sanitarias, permitir\u00e1 contratar personal en el marco del c\u00f3digo sanitario, adquirir bienes y servicios o el equipamiento que sea necesario para el manejo de la urgencia. Adem\u00e1s de coordinar la distribuci\u00f3n de productos farmac\u00e9uticos y uso de elementos m\u00e9dicos, realizar importaci\u00f3n de medicamentos.\u00a0 Tambi\u00e9n permitir\u00e1 coordinar la distribuci\u00f3n de productos farmac\u00e9uticos y el uso de elementos m\u00e9dicos, as\u00ed como realizar importaci\u00f3n de medicamentos.<\/p>\n<p style=\"text-align: justify;\">Por su parte, la representante de la Red Oncol\u00f3gica del Servicio de Salud Ays\u00e9n, Aracely Leuqu\u00e9n Uribe, se\u00f1al\u00f3 \u201cla alerta sanitaria oncol\u00f3gica permitir\u00e1 al Ministerio de Salud contar con facultades extraordinarias para la atenci\u00f3n de pacientes oncol\u00f3gicos que esperan diagn\u00f3stico o tratamiento. Esta alerta sanitaria no es s\u00f3lo una medida administrativa, esto es un acto de responsabilidad porque el Estado no debe llegar tarde. En Ays\u00e9n, la meta presidencial que se ha establecido es eliminar de la lista de espera oncol\u00f3gica a 100 pacientes con c\u00e1ncer, de los cuales 13 casos corresponden a pacientes no GES y 87 casos con patolog\u00eda GES. Y somos en esa l\u00ednea, una de las regiones de Chile que hasta antes del decreto ya se encontraba muy avanzada en esta meta, producto de un trabajo colaborativo, en equipo, con toda la red asistencial de salud.\u201d<\/p>\n<p style=\"text-align: justify;\">Asimismo, la representante de la Red Oncol\u00f3gica del Servicio de Salud Ays\u00e9n y responsable de la meta presidencial, agradeci\u00f3 la coordinaci\u00f3n del Ministerio de Salud y de la Secretar\u00eda Ministerial en Ays\u00e9n por la visi\u00f3n de urgencia que le han puesto a esta meta presidencial en el marco del decreto que establece crisis sanitaria por c\u00e1ncer, donde seg\u00fan explic\u00f3, desde la red oncol\u00f3gica del Servicio de Salud, semanalmente se entregar\u00e1n reportes de avance para que la comunidad est\u00e9 informada y porque esto es una prioridad para el Servicio de Salud de Ays\u00e9n.<\/p>\n<\/div><\/section><\/div><div  style='height:50px' class='hr hr-invisible   avia-builder-el-6  el_after_av_one_full  el_before_av_social_share '><span class='hr-inner ' ><span class='hr-inner-style'><\/span><\/span><\/div><\/p>\n<div  class='av-social-sharing-box  avia-builder-el-7  el_after_av_hr  el_before_av_hr  '><div class='av-share-box'><h5 class='av-share-link-description av-no-toc '>Compartir esta noticia<\/h5><ul class='av-share-box-list noLightbox'><li class='av-share-link av-social-link-facebook' ><a target=\"_blank\" aria-label=\"Compartir en Facebook\" href='https:\/\/www.facebook.com\/sharer.php?u=https:\/\/radiorevelacionfm.cl\/?p=66295&#038;t=Seremi%20de%20Salud%20Ays%C3%A9n%3A%20%E2%80%9CCon%20la%20Alerta%20Sanitaria%20Oncol%C3%B3gica%20podremos%20seguir%20mejorando%20la%20atenci%C3%B3n%20para%20cerca%20de%20cien%20pacientes%20de%20nuestra%20regi%C3%B3n%E2%80%9D' aria-hidden='false' data-av_icon='\ue8f3' data-av_iconfont='entypo-fontello' title='' data-avia-related-tooltip='Compartir en Facebook' rel=\"noopener\"><span class='avia_hidden_link_text'>Compartir en Facebook<\/span><\/a><\/li><li class='av-share-link av-social-link-twitter' ><a target=\"_blank\" aria-label=\"Compartir en Twitter\" href='https:\/\/twitter.com\/share?text=Seremi%20de%20Salud%20Ays%C3%A9n%3A%20%E2%80%9CCon%20la%20Alerta%20Sanitaria%20Oncol%C3%B3gica%20podremos%20seguir%20mejorando%20la%20atenci%C3%B3n%20para%20cerca%20de%20cien%20pacientes%20de%20nuestra%20regi%C3%B3n%E2%80%9D&#038;url=https:\/\/radiorevelacionfm.cl\/?p=66295' aria-hidden='false' data-av_icon='\ue8f1' data-av_iconfont='entypo-fontello' title='' data-avia-related-tooltip='Compartir en Twitter' rel=\"noopener\"><span class='avia_hidden_link_text'>Compartir en Twitter<\/span><\/a><\/li><li class='av-share-link av-social-link-whatsapp' ><a target=\"_blank\" aria-label=\"Compartir en Whatsapp\" href='https:\/\/api.whatsapp.com\/send?text=https:\/\/radiorevelacionfm.cl\/?p=66295' aria-hidden='false' data-av_icon='\uf232' data-av_iconfont='entypo-fontello' title='' data-avia-related-tooltip='Compartir en Whatsapp' rel=\"noopener\"><span class='avia_hidden_link_text'>Compartir en Whatsapp<\/span><\/a><\/li><li class='av-share-link av-social-link-linkedin' ><a target=\"_blank\" aria-label=\"Compartir en LinkedIn\" href='https:\/\/linkedin.com\/shareArticle?mini=true&#038;title=Seremi%20de%20Salud%20Ays%C3%A9n%3A%20%E2%80%9CCon%20la%20Alerta%20Sanitaria%20Oncol%C3%B3gica%20podremos%20seguir%20mejorando%20la%20atenci%C3%B3n%20para%20cerca%20de%20cien%20pacientes%20de%20nuestra%20regi%C3%B3n%E2%80%9D&#038;url=https:\/\/radiorevelacionfm.cl\/?p=66295' aria-hidden='false' data-av_icon='\ue8fc' data-av_iconfont='entypo-fontello' title='' data-avia-related-tooltip='Compartir en LinkedIn' rel=\"noopener\"><span class='avia_hidden_link_text'>Compartir en LinkedIn<\/span><\/a><\/li><li class='av-share-link av-social-link-mail' ><a  aria-label=\"Compartir por correo\" href='mailto:?subject=Seremi%20de%20Salud%20Ays%C3%A9n%3A%20%E2%80%9CCon%20la%20Alerta%20Sanitaria%20Oncol%C3%B3gica%20podremos%20seguir%20mejorando%20la%20atenci%C3%B3n%20para%20cerca%20de%20cien%20pacientes%20de%20nuestra%20regi%C3%B3n%E2%80%9D&#038;body=https:\/\/radiorevelacionfm.cl\/?p=66295' aria-hidden='false' data-av_icon='\ue805' data-av_iconfont='entypo-fontello' title='' data-avia-related-tooltip='Compartir por correo'><span class='avia_hidden_link_text'>Compartir por correo<\/span><\/a><\/li><\/ul><\/div><\/div>\n<div  style='height:50px' class='hr hr-invisible   avia-builder-el-8  el_after_av_social_share  el_before_av_comments_list '><span class='hr-inner ' ><span class='hr-inner-style'><\/span><\/span><\/div>\n<div  class='av-buildercomment  av-blog-meta-html-info-disabled av-blog-meta-tag-disabled  '><\/div>\n","protected":false},"excerpt":{"rendered":"","protected":false},"author":1,"featured_media":66296,"comment_status":"closed","ping_status":"closed","sticky":false,"template":"","format":"standard","meta":{"footnotes":""},"categories":[46],"tags":[],"class_list":["post-66295","post","type-post","status-publish","format-standard","has-post-thumbnail","hentry","category-salud"],"jetpack_featured_media_url":"https:\/\/radiorevelacionfm.cl\/wp-content\/uploads\/2026\/04\/equipo-unidad-oncologica-1-1.jpeg","_links":{"self":[{"href":"https:\/\/radiorevelacionfm.cl\/index.php?rest_route=\/wp\/v2\/posts\/66295","targetHints":{"allow":["GET"]}}],"collection":[{"href":"https:\/\/radiorevelacionfm.cl\/index.php?rest_route=\/wp\/v2\/posts"}],"about":[{"href":"https:\/\/radiorevelacionfm.cl\/index.php?rest_route=\/wp\/v2\/types\/post"}],"author":[{"embeddable":true,"href":"https:\/\/radiorevelacionfm.cl\/index.php?rest_route=\/wp\/v2\/users\/1"}],"replies":[{"embeddable":true,"href":"https:\/\/radiorevelacionfm.cl\/index.php?rest_route=%2Fwp%2Fv2%2Fcomments&post=66295"}],"version-history":[{"count":2,"href":"https:\/\/radiorevelacionfm.cl\/index.php?rest_route=\/wp\/v2\/posts\/66295\/revisions"}],"predecessor-version":[{"id":66303,"href":"https:\/\/radiorevelacionfm.cl\/index.php?rest_route=\/wp\/v2\/posts\/66295\/revisions\/66303"}],"wp:featuredmedia":[{"embeddable":true,"href":"https:\/\/radiorevelacionfm.cl\/index.php?rest_route=\/wp\/v2\/media\/66296"}],"wp:attachment":[{"href":"https:\/\/radiorevelacionfm.cl\/index.php?rest_route=%2Fwp%2Fv2%2Fmedia&parent=66295"}],"wp:term":[{"taxonomy":"category","embeddable":true,"href":"https:\/\/radiorevelacionfm.cl\/index.php?rest_route=%2Fwp%2Fv2%2Fcategories&post=66295"},{"taxonomy":"post_tag","embeddable":true,"href":"https:\/\/radiorevelacionfm.cl\/index.php?rest_route=%2Fwp%2Fv2%2Ftags&post=66295"}],"curies":[{"name":"wp","href":"https:\/\/api.w.org\/{rel}","templated":true}]}}