{"id":66291,"date":"2026-04-20T13:06:25","date_gmt":"2026-04-20T16:06:25","guid":{"rendered":"https:\/\/radiorevelacionfm.cl\/?p=66291"},"modified":"2026-04-20T13:06:25","modified_gmt":"2026-04-20T16:06:25","slug":"sag-confirma-primer-caso-de-influenza-aviar-altamente-patogena-en-ave-silvestre-en-la-region-de-aysen","status":"publish","type":"post","link":"https:\/\/radiorevelacionfm.cl\/?p=66291","title":{"rendered":"SAG confirma primer caso de influenza aviar altamente pat\u00f3gena en ave silvestre en la Regi\u00f3n de Ays\u00e9n"},"content":{"rendered":"<div class=\"flex_column av_one_full  flex_column_div av-zero-column-padding first  avia-builder-el-0  el_before_av_one_full  avia-builder-el-first  \" style='border-radius:0px; '><div  class='avia-image-container  av-styling-    avia-builder-el-1  avia-builder-el-no-sibling  avia-align-center '  itemprop=\"image\" itemscope=\"itemscope\" itemtype=\"https:\/\/schema.org\/ImageObject\"  ><div class='avia-image-container-inner'><div class='avia-image-overlay-wrap'><img decoding=\"async\" class='wp-image-66292 avia-img-lazy-loading-not-66292 avia_image' src=\"https:\/\/radiorevelacionfm.cl\/wp-content\/uploads\/2026\/04\/caiquen-1-1_optimized.jpg\" alt='' title='caiquen-1-(1)_optimized' height=\"600\" width=\"800\"  itemprop=\"thumbnailUrl\" srcset=\"https:\/\/radiorevelacionfm.cl\/wp-content\/uploads\/2026\/04\/caiquen-1-1_optimized.jpg 800w, https:\/\/radiorevelacionfm.cl\/wp-content\/uploads\/2026\/04\/caiquen-1-1_optimized-300x225.jpg 300w, https:\/\/radiorevelacionfm.cl\/wp-content\/uploads\/2026\/04\/caiquen-1-1_optimized-768x576.jpg 768w, https:\/\/radiorevelacionfm.cl\/wp-content\/uploads\/2026\/04\/caiquen-1-1_optimized-705x529.jpg 705w, https:\/\/radiorevelacionfm.cl\/wp-content\/uploads\/2026\/04\/caiquen-1-1_optimized-450x338.jpg 450w, https:\/\/radiorevelacionfm.cl\/wp-content\/uploads\/2026\/04\/caiquen-1-1_optimized-600x450.jpg 600w\" sizes=\"(max-width: 800px) 100vw, 800px\" \/><\/div><\/div><\/div><\/div><div class=\"flex_column av_one_full  flex_column_div av-zero-column-padding first  avia-builder-el-2  el_after_av_one_full  el_before_av_one_full  column-top-margin\" style='border-radius:0px; '><section class=\"av_textblock_section \"  itemscope=\"itemscope\" itemtype=\"https:\/\/schema.org\/BlogPosting\" itemprop=\"blogPost\" ><div class='avia_textblock  '   itemprop=\"text\" ><p style=\"text-align: center;\"><span style=\"font-size: 18pt;\"><b>SAG confirma primer caso de influenza aviar altamente pat\u00f3gena en ave silvestre en la Regi\u00f3n de Ays\u00e9n<\/b><\/span><\/p>\n<div id=\"gtx-trans\" style=\"position: absolute; left: -50px; top: 4.31534px;\">\n<div class=\"gtx-trans-icon\"><\/div>\n<\/div>\n<\/div><\/section><\/div><div class=\"flex_column av_one_full  flex_column_div av-zero-column-padding first  avia-builder-el-4  el_after_av_one_full  el_before_av_hr  column-top-margin\" style='border-radius:0px; '><section class=\"av_textblock_section \"  itemscope=\"itemscope\" itemtype=\"https:\/\/schema.org\/BlogPosting\" itemprop=\"blogPost\" ><div class='avia_textblock  '   itemprop=\"text\" ><p style=\"text-align: justify;\">El Servicio Agr\u00edcola y Ganadero (SAG) confirm\u00f3 el primer caso de Influenza Aviar Altamente Pat\u00f3gena (IAAP) subtipo H5N1 en la Regi\u00f3n de Ays\u00e9n, detectado en un ejemplar de caiqu\u00e9n en la comuna de Chile Chico.<\/p>\n<p style=\"text-align: justify;\">Tras la confirmaci\u00f3n, realizada por el laboratorio Lo Aguirre del Servicio, se activaron de inmediato los protocolos sanitarios establecidos, intensificado las labores de vigilancia en el \u00e1rea afectada, incluyendo el catastro de aves silvestres y la b\u00fasqueda activa de ejemplares muertos o con sintomatolog\u00eda compatible con IAAP. Asimismo, se mantiene habilitado el sistema de atenci\u00f3n de denuncias ciudadanas ante posibles casos sospechosos.<\/p>\n<p style=\"text-align: justify;\">La influenza aviar altamente pat\u00f3gena es una enfermedad viral que afecta tanto a aves dom\u00e9sticas como silvestres, presenta alta capacidad de propagaci\u00f3n y puede provocar elevada mortalidad en las especies afectadas.<\/p>\n<p style=\"text-align: justify;\">El SAG reitera su llamado a los propietarios de aves a reforzar las medidas de bioseguridad en sus sistemas de crianza. Entre las principales recomendaciones se encuentran mantener a las aves en espacios protegidos, evitar el contacto con aves silvestres y no compartir fuentes de agua ni alimento.<\/p>\n<p style=\"text-align: justify;\">Si observa signos sospechosos \u2014como diarrea, decaimiento, depresi\u00f3n, coloraci\u00f3n azulada en cresta, barbillas o patas, plumaje erizado, descoordinaci\u00f3n o muertes inusuales\u2014, no manipule las aves directamente y realice la denuncia de inmediato al SAG. Los canales son diversos: puede llamar de lunes a viernes, de 9 a 18 horas, a trav\u00e9s del Centro de Atenci\u00f3n Usuaria al tel\u00e9fono 22 345 1100, escribir al mail\u00a0oficina.informaciones@sag.gob.cl. Adem\u00e1s, se ha dispuesto el WhatsApp +56 938663611 dedicado en forma exclusiva a recibir consultas y denuncias sobre influenza aviar, y que atiende de lunes a viernes de 9 a 21 horas y los fines de semana y festivos de 9 a 18 horas.<\/p>\n<p style=\"text-align: justify;\">Finalmente, para mantener informada a la ciudadan\u00eda y favorecer una toma de decisiones basada en antecedentes confiables, el SAG dispuso un visor en l\u00ednea con informaci\u00f3n actualizada sobre la emergencia zoosanitaria, que incluye brotes confirmados, aves afectadas y predios bajo vigilancia, entre otros datos relevantes. Est\u00e1 disponible en\u00a0www.sag.cl\u00a0o directamente en\u00a0<a href=\"https:\/\/bit.ly\/47N7HCn\">https:\/\/bit.ly\/47N7HCn<\/a><\/p>\n<\/div><\/section><\/div><div  style='height:50px' class='hr hr-invisible   avia-builder-el-6  el_after_av_one_full  el_before_av_social_share '><span class='hr-inner ' ><span class='hr-inner-style'><\/span><\/span><\/div><\/p>\n<div  class='av-social-sharing-box  avia-builder-el-7  el_after_av_hr  el_before_av_hr  '><div class='av-share-box'><h5 class='av-share-link-description av-no-toc '>Compartir esta noticia<\/h5><ul class='av-share-box-list noLightbox'><li class='av-share-link av-social-link-facebook' ><a target=\"_blank\" aria-label=\"Compartir en Facebook\" href='https:\/\/www.facebook.com\/sharer.php?u=https:\/\/radiorevelacionfm.cl\/?p=66291&#038;t=SAG%20confirma%20primer%20caso%20de%20influenza%20aviar%20altamente%20pat%C3%B3gena%20en%20ave%20silvestre%20en%20la%20Regi%C3%B3n%20de%20Ays%C3%A9n' aria-hidden='false' data-av_icon='\ue8f3' data-av_iconfont='entypo-fontello' title='' data-avia-related-tooltip='Compartir en Facebook' rel=\"noopener\"><span class='avia_hidden_link_text'>Compartir en Facebook<\/span><\/a><\/li><li class='av-share-link av-social-link-twitter' ><a target=\"_blank\" aria-label=\"Compartir en Twitter\" href='https:\/\/twitter.com\/share?text=SAG%20confirma%20primer%20caso%20de%20influenza%20aviar%20altamente%20pat%C3%B3gena%20en%20ave%20silvestre%20en%20la%20Regi%C3%B3n%20de%20Ays%C3%A9n&#038;url=https:\/\/radiorevelacionfm.cl\/?p=66291' aria-hidden='false' data-av_icon='\ue8f1' data-av_iconfont='entypo-fontello' title='' data-avia-related-tooltip='Compartir en Twitter' rel=\"noopener\"><span class='avia_hidden_link_text'>Compartir en Twitter<\/span><\/a><\/li><li class='av-share-link av-social-link-whatsapp' ><a target=\"_blank\" aria-label=\"Compartir en Whatsapp\" href='https:\/\/api.whatsapp.com\/send?text=https:\/\/radiorevelacionfm.cl\/?p=66291' aria-hidden='false' data-av_icon='\uf232' data-av_iconfont='entypo-fontello' title='' data-avia-related-tooltip='Compartir en Whatsapp' rel=\"noopener\"><span class='avia_hidden_link_text'>Compartir en Whatsapp<\/span><\/a><\/li><li class='av-share-link av-social-link-linkedin' ><a target=\"_blank\" aria-label=\"Compartir en LinkedIn\" href='https:\/\/linkedin.com\/shareArticle?mini=true&#038;title=SAG%20confirma%20primer%20caso%20de%20influenza%20aviar%20altamente%20pat%C3%B3gena%20en%20ave%20silvestre%20en%20la%20Regi%C3%B3n%20de%20Ays%C3%A9n&#038;url=https:\/\/radiorevelacionfm.cl\/?p=66291' aria-hidden='false' data-av_icon='\ue8fc' data-av_iconfont='entypo-fontello' title='' data-avia-related-tooltip='Compartir en LinkedIn' rel=\"noopener\"><span class='avia_hidden_link_text'>Compartir en LinkedIn<\/span><\/a><\/li><li class='av-share-link av-social-link-mail' ><a  aria-label=\"Compartir por correo\" href='mailto:?subject=SAG%20confirma%20primer%20caso%20de%20influenza%20aviar%20altamente%20pat%C3%B3gena%20en%20ave%20silvestre%20en%20la%20Regi%C3%B3n%20de%20Ays%C3%A9n&#038;body=https:\/\/radiorevelacionfm.cl\/?p=66291' aria-hidden='false' data-av_icon='\ue805' data-av_iconfont='entypo-fontello' title='' data-avia-related-tooltip='Compartir por correo'><span class='avia_hidden_link_text'>Compartir por correo<\/span><\/a><\/li><\/ul><\/div><\/div>\n<div  style='height:50px' class='hr hr-invisible   avia-builder-el-8  el_after_av_social_share  el_before_av_comments_list '><span class='hr-inner ' ><span class='hr-inner-style'><\/span><\/span><\/div>\n<div  class='av-buildercomment  av-blog-meta-html-info-disabled av-blog-meta-tag-disabled  '><\/div>\n","protected":false},"excerpt":{"rendered":"","protected":false},"author":1,"featured_media":66292,"comment_status":"closed","ping_status":"closed","sticky":false,"template":"","format":"standard","meta":{"footnotes":""},"categories":[58],"tags":[],"class_list":["post-66291","post","type-post","status-publish","format-standard","has-post-thumbnail","hentry","category-agricultura"],"jetpack_featured_media_url":"https:\/\/radiorevelacionfm.cl\/wp-content\/uploads\/2026\/04\/caiquen-1-1_optimized.jpg","_links":{"self":[{"href":"https:\/\/radiorevelacionfm.cl\/index.php?rest_route=\/wp\/v2\/posts\/66291","targetHints":{"allow":["GET"]}}],"collection":[{"href":"https:\/\/radiorevelacionfm.cl\/index.php?rest_route=\/wp\/v2\/posts"}],"about":[{"href":"https:\/\/radiorevelacionfm.cl\/index.php?rest_route=\/wp\/v2\/types\/post"}],"author":[{"embeddable":true,"href":"https:\/\/radiorevelacionfm.cl\/index.php?rest_route=\/wp\/v2\/users\/1"}],"replies":[{"embeddable":true,"href":"https:\/\/radiorevelacionfm.cl\/index.php?rest_route=%2Fwp%2Fv2%2Fcomments&post=66291"}],"version-history":[{"count":2,"href":"https:\/\/radiorevelacionfm.cl\/index.php?rest_route=\/wp\/v2\/posts\/66291\/revisions"}],"predecessor-version":[{"id":66294,"href":"https:\/\/radiorevelacionfm.cl\/index.php?rest_route=\/wp\/v2\/posts\/66291\/revisions\/66294"}],"wp:featuredmedia":[{"embeddable":true,"href":"https:\/\/radiorevelacionfm.cl\/index.php?rest_route=\/wp\/v2\/media\/66292"}],"wp:attachment":[{"href":"https:\/\/radiorevelacionfm.cl\/index.php?rest_route=%2Fwp%2Fv2%2Fmedia&parent=66291"}],"wp:term":[{"taxonomy":"category","embeddable":true,"href":"https:\/\/radiorevelacionfm.cl\/index.php?rest_route=%2Fwp%2Fv2%2Fcategories&post=66291"},{"taxonomy":"post_tag","embeddable":true,"href":"https:\/\/radiorevelacionfm.cl\/index.php?rest_route=%2Fwp%2Fv2%2Ftags&post=66291"}],"curies":[{"name":"wp","href":"https:\/\/api.w.org\/{rel}","templated":true}]}}