{"id":66288,"date":"2026-04-20T14:59:48","date_gmt":"2026-04-20T17:59:48","guid":{"rendered":"https:\/\/radiorevelacionfm.cl\/?p=66288"},"modified":"2026-04-20T14:59:48","modified_gmt":"2026-04-20T17:59:48","slug":"calisto-por-inicio-de-construccion-de-casas-en-villa-frei-es-un-paso-muy-importante-para-estas-100-familias-y-para-toda-la-localidad","status":"publish","type":"post","link":"https:\/\/radiorevelacionfm.cl\/?p=66288","title":{"rendered":"Calisto por inicio de construcci\u00f3n de casas en Villa Frei: \u201cEs un paso muy importante para estas 100 familias y para toda la localidad\u201d"},"content":{"rendered":"<div class=\"flex_column av_one_full  flex_column_div av-zero-column-padding first  avia-builder-el-0  el_before_av_one_full  avia-builder-el-first  \" style='border-radius:0px; '><div  class='avia-image-container  av-styling-    avia-builder-el-1  avia-builder-el-no-sibling  avia-align-center '  itemprop=\"image\" itemscope=\"itemscope\" itemtype=\"https:\/\/schema.org\/ImageObject\"  ><div class='avia-image-container-inner'><div class='avia-image-overlay-wrap'><img decoding=\"async\" class='wp-image-66289 avia-img-lazy-loading-not-66289 avia_image' src=\"https:\/\/radiorevelacionfm.cl\/wp-content\/uploads\/2026\/04\/foto-reu-vila-frei-1_optimized.jpg\" alt='' title='foto-reu-vila-frei-(1)_optimized' height=\"600\" width=\"1007\"  itemprop=\"thumbnailUrl\" srcset=\"https:\/\/radiorevelacionfm.cl\/wp-content\/uploads\/2026\/04\/foto-reu-vila-frei-1_optimized.jpg 1007w, https:\/\/radiorevelacionfm.cl\/wp-content\/uploads\/2026\/04\/foto-reu-vila-frei-1_optimized-300x179.jpg 300w, https:\/\/radiorevelacionfm.cl\/wp-content\/uploads\/2026\/04\/foto-reu-vila-frei-1_optimized-768x458.jpg 768w, https:\/\/radiorevelacionfm.cl\/wp-content\/uploads\/2026\/04\/foto-reu-vila-frei-1_optimized-705x420.jpg 705w, https:\/\/radiorevelacionfm.cl\/wp-content\/uploads\/2026\/04\/foto-reu-vila-frei-1_optimized-450x268.jpg 450w, https:\/\/radiorevelacionfm.cl\/wp-content\/uploads\/2026\/04\/foto-reu-vila-frei-1_optimized-600x357.jpg 600w\" sizes=\"(max-width: 1007px) 100vw, 1007px\" \/><\/div><\/div><\/div><\/div><div class=\"flex_column av_one_full  flex_column_div av-zero-column-padding first  avia-builder-el-2  el_after_av_one_full  el_before_av_one_full  column-top-margin\" style='border-radius:0px; '><section class=\"av_textblock_section \"  itemscope=\"itemscope\" itemtype=\"https:\/\/schema.org\/BlogPosting\" itemprop=\"blogPost\" ><div class='avia_textblock  '   itemprop=\"text\" ><p style=\"text-align: center;\"><strong><span style=\"font-size: 18pt;\">Senador Calisto por inicio de construcci\u00f3n de casas en Villa Frei: \u201cEs un paso muy importante para estas 100 familias y para toda la localidad\u201d<\/span><\/strong><\/p>\n<div id=\"gtx-trans\" style=\"position: absolute; left: -50px; top: 4.31534px;\">\n<div class=\"gtx-trans-icon\"><\/div>\n<\/div>\n<\/div><\/section><\/div><div class=\"flex_column av_one_full  flex_column_div av-zero-column-padding first  avia-builder-el-4  el_after_av_one_full  el_before_av_hr  column-top-margin\" style='border-radius:0px; '><section class=\"av_textblock_section \"  itemscope=\"itemscope\" itemtype=\"https:\/\/schema.org\/BlogPosting\" itemprop=\"blogPost\" ><div class='avia_textblock  '   itemprop=\"text\" ><p style=\"text-align: justify;\"><strong><em>El proyecto contempla adem\u00e1s la construcci\u00f3n de una planta de tratamiento de aguas que permitir\u00e1 regularizar a otras viviendas construidas en el sector. <\/em><\/strong><\/p>\n<p style=\"text-align: justify;\">El Senador por la Regi\u00f3n de Ays\u00e9n, <strong>Miguel \u00c1ngel Calisto<\/strong>, encabez\u00f3 una reuni\u00f3n clave con las directivas de tres comit\u00e9s de vivienda de la localidad de <strong>Villa Frei<\/strong>: \u00abCamino un Sue\u00f1o\u00bb, \u00abTehuelche\u00bb e \u00abIlusi\u00f3n de Villa Frei\u00bb. En el encuentro, se confirm\u00f3 que las obras de construcci\u00f3n de <strong>100 nuevas viviendas<\/strong> comenzar\u00e1n durante el mes de mayo.<\/p>\n<p style=\"text-align: justify;\">Este avance se produce tras a\u00f1os de gestiones y luego de resolver un nudo cr\u00edtico entre la entidad patrocinante y el Serviu. \u201cHoy tenemos la buena noticia de que ya se dio luz verde respecto del inicio de obra. Logramos resolver un conflicto que es bastante normal en estos proyectos habitacionales y esperamos que las m\u00e1quinas comiencen a trabajar en mayo\u201d, se\u00f1al\u00f3 el parlamentario.<\/p>\n<p style=\"text-align: justify;\">Uno de los aspectos m\u00e1s relevantes del proyecto es que incluye una <strong>planta de tratamiento de aguas servidas<\/strong>. Esta infraestructura no solo beneficiar\u00e1 a las 100 familias de los nuevos comit\u00e9s, sino que dejar\u00e1 instalada la capacidad para conectar a otras <strong>70 casas adicionales<\/strong> que ya existen en la villa.<\/p>\n<p style=\"text-align: justify;\">\u201cEsto va a permitir sanear a Villa Frei respecto del sistema b\u00e1sico sanitario, algo fundamental para esta localidad que es la puerta de entrada a nuestros lagos\u201d, destac\u00f3 Calisto. El senador a\u00f1adi\u00f3 que ya se encuentran coordinando con la Junta de Vecinos y la Municipalidad para trabajar en el proyecto complementario que permita realizar estas conexiones domiciliarias restantes.<\/p>\n<p style=\"text-align: justify;\">Por su parte, <strong>Viviana Rauque<\/strong>, presidenta del Comit\u00e9 \u00abIlusi\u00f3n de Villa Frei\u00bb, expres\u00f3 la satisfacci\u00f3n de la comunidad ante el anuncio tras una larga espera.<\/p>\n<p style=\"text-align: justify;\">\u201cEstamos muy contentos con la reuni\u00f3n. Son tantos a\u00f1os que llevamos esperando y hoy tuvimos buenas noticias. Ya se aprobaron los papeles de la Direcci\u00f3n de Obras Municipales (DOM) y el 15 de mayo deber\u00edamos tener el inicio de obras\u201d, afirm\u00f3 la dirigenta, quien adem\u00e1s agradeci\u00f3 el apoyo constante de Miguel \u00c1ngel Calisto desde su etapa como diputado hasta la actualidad como senador.<\/p>\n<p style=\"text-align: justify;\">Finalmente, el legislador reafirm\u00f3 su compromiso de mantener una fiscalizaci\u00f3n activa durante el desarrollo de las faenas para asegurar que se cumplan los plazos establecidos. Con este hito, se busca no solo cerrar una etapa de incertidumbre para las familias, sino tambi\u00e9n potenciar el desarrollo urbano y sanitario de Villa Frei, consolidando su infraestructura b\u00e1sica de cara al futuro de la localidad.<\/p>\n<\/div><\/section><\/div><div  style='height:50px' class='hr hr-invisible   avia-builder-el-6  el_after_av_one_full  el_before_av_social_share '><span class='hr-inner ' ><span class='hr-inner-style'><\/span><\/span><\/div><\/p>\n<div  class='av-social-sharing-box  avia-builder-el-7  el_after_av_hr  el_before_av_hr  '><div class='av-share-box'><h5 class='av-share-link-description av-no-toc '>Compartir esta noticia<\/h5><ul class='av-share-box-list noLightbox'><li class='av-share-link av-social-link-facebook' ><a target=\"_blank\" aria-label=\"Compartir en Facebook\" href='https:\/\/www.facebook.com\/sharer.php?u=https:\/\/radiorevelacionfm.cl\/?p=66288&#038;t=Calisto%20por%20inicio%20de%20construcci%C3%B3n%20de%20casas%20en%20Villa%20Frei%3A%20%E2%80%9CEs%20un%20paso%20muy%20importante%20para%20estas%20100%20familias%20y%20para%20toda%20la%20localidad%E2%80%9D' aria-hidden='false' data-av_icon='\ue8f3' data-av_iconfont='entypo-fontello' title='' data-avia-related-tooltip='Compartir en Facebook' rel=\"noopener\"><span class='avia_hidden_link_text'>Compartir en Facebook<\/span><\/a><\/li><li class='av-share-link av-social-link-twitter' ><a target=\"_blank\" aria-label=\"Compartir en Twitter\" href='https:\/\/twitter.com\/share?text=Calisto%20por%20inicio%20de%20construcci%C3%B3n%20de%20casas%20en%20Villa%20Frei%3A%20%E2%80%9CEs%20un%20paso%20muy%20importante%20para%20estas%20100%20familias%20y%20para%20toda%20la%20localidad%E2%80%9D&#038;url=https:\/\/radiorevelacionfm.cl\/?p=66288' aria-hidden='false' data-av_icon='\ue8f1' data-av_iconfont='entypo-fontello' title='' data-avia-related-tooltip='Compartir en Twitter' rel=\"noopener\"><span class='avia_hidden_link_text'>Compartir en Twitter<\/span><\/a><\/li><li class='av-share-link av-social-link-whatsapp' ><a target=\"_blank\" aria-label=\"Compartir en Whatsapp\" href='https:\/\/api.whatsapp.com\/send?text=https:\/\/radiorevelacionfm.cl\/?p=66288' aria-hidden='false' data-av_icon='\uf232' data-av_iconfont='entypo-fontello' title='' data-avia-related-tooltip='Compartir en Whatsapp' rel=\"noopener\"><span class='avia_hidden_link_text'>Compartir en Whatsapp<\/span><\/a><\/li><li class='av-share-link av-social-link-linkedin' ><a target=\"_blank\" aria-label=\"Compartir en LinkedIn\" href='https:\/\/linkedin.com\/shareArticle?mini=true&#038;title=Calisto%20por%20inicio%20de%20construcci%C3%B3n%20de%20casas%20en%20Villa%20Frei%3A%20%E2%80%9CEs%20un%20paso%20muy%20importante%20para%20estas%20100%20familias%20y%20para%20toda%20la%20localidad%E2%80%9D&#038;url=https:\/\/radiorevelacionfm.cl\/?p=66288' aria-hidden='false' data-av_icon='\ue8fc' data-av_iconfont='entypo-fontello' title='' data-avia-related-tooltip='Compartir en LinkedIn' rel=\"noopener\"><span class='avia_hidden_link_text'>Compartir en LinkedIn<\/span><\/a><\/li><li class='av-share-link av-social-link-mail' ><a  aria-label=\"Compartir por correo\" href='mailto:?subject=Calisto%20por%20inicio%20de%20construcci%C3%B3n%20de%20casas%20en%20Villa%20Frei%3A%20%E2%80%9CEs%20un%20paso%20muy%20importante%20para%20estas%20100%20familias%20y%20para%20toda%20la%20localidad%E2%80%9D&#038;body=https:\/\/radiorevelacionfm.cl\/?p=66288' aria-hidden='false' data-av_icon='\ue805' data-av_iconfont='entypo-fontello' title='' data-avia-related-tooltip='Compartir por correo'><span class='avia_hidden_link_text'>Compartir por correo<\/span><\/a><\/li><\/ul><\/div><\/div>\n<div  style='height:50px' class='hr hr-invisible   avia-builder-el-8  el_after_av_social_share  el_before_av_comments_list '><span class='hr-inner ' ><span class='hr-inner-style'><\/span><\/span><\/div>\n<div  class='av-buildercomment  av-blog-meta-html-info-disabled av-blog-meta-tag-disabled  '><\/div>\n","protected":false},"excerpt":{"rendered":"","protected":false},"author":1,"featured_media":66289,"comment_status":"closed","ping_status":"closed","sticky":false,"template":"","format":"standard","meta":{"footnotes":""},"categories":[35],"tags":[],"class_list":["post-66288","post","type-post","status-publish","format-standard","has-post-thumbnail","hentry","category-politica"],"jetpack_featured_media_url":"https:\/\/radiorevelacionfm.cl\/wp-content\/uploads\/2026\/04\/foto-reu-vila-frei-1_optimized.jpg","_links":{"self":[{"href":"https:\/\/radiorevelacionfm.cl\/index.php?rest_route=\/wp\/v2\/posts\/66288","targetHints":{"allow":["GET"]}}],"collection":[{"href":"https:\/\/radiorevelacionfm.cl\/index.php?rest_route=\/wp\/v2\/posts"}],"about":[{"href":"https:\/\/radiorevelacionfm.cl\/index.php?rest_route=\/wp\/v2\/types\/post"}],"author":[{"embeddable":true,"href":"https:\/\/radiorevelacionfm.cl\/index.php?rest_route=\/wp\/v2\/users\/1"}],"replies":[{"embeddable":true,"href":"https:\/\/radiorevelacionfm.cl\/index.php?rest_route=%2Fwp%2Fv2%2Fcomments&post=66288"}],"version-history":[{"count":2,"href":"https:\/\/radiorevelacionfm.cl\/index.php?rest_route=\/wp\/v2\/posts\/66288\/revisions"}],"predecessor-version":[{"id":66298,"href":"https:\/\/radiorevelacionfm.cl\/index.php?rest_route=\/wp\/v2\/posts\/66288\/revisions\/66298"}],"wp:featuredmedia":[{"embeddable":true,"href":"https:\/\/radiorevelacionfm.cl\/index.php?rest_route=\/wp\/v2\/media\/66289"}],"wp:attachment":[{"href":"https:\/\/radiorevelacionfm.cl\/index.php?rest_route=%2Fwp%2Fv2%2Fmedia&parent=66288"}],"wp:term":[{"taxonomy":"category","embeddable":true,"href":"https:\/\/radiorevelacionfm.cl\/index.php?rest_route=%2Fwp%2Fv2%2Fcategories&post=66288"},{"taxonomy":"post_tag","embeddable":true,"href":"https:\/\/radiorevelacionfm.cl\/index.php?rest_route=%2Fwp%2Fv2%2Ftags&post=66288"}],"curies":[{"name":"wp","href":"https:\/\/api.w.org\/{rel}","templated":true}]}}