{"id":66284,"date":"2026-04-20T12:14:29","date_gmt":"2026-04-20T15:14:29","guid":{"rendered":"https:\/\/radiorevelacionfm.cl\/?p=66284"},"modified":"2026-04-20T12:14:29","modified_gmt":"2026-04-20T15:14:29","slug":"mejoras-en-cesfam-y-nueva-ambulancia-samu-fortalecen-la-atencion-de-salud-en-la-comuna-de-aysen","status":"publish","type":"post","link":"https:\/\/radiorevelacionfm.cl\/?p=66284","title":{"rendered":"Mejoras en CESFAM y nueva ambulancia SAMU fortalecen la atenci\u00f3n de salud en la comuna de Ays\u00e9n"},"content":{"rendered":"<div class=\"flex_column av_one_full  flex_column_div av-zero-column-padding first  avia-builder-el-0  el_before_av_one_full  avia-builder-el-first  \" style='border-radius:0px; '><div  class='avia-image-container  av-styling-    avia-builder-el-1  avia-builder-el-no-sibling  avia-align-center '  itemprop=\"image\" itemscope=\"itemscope\" itemtype=\"https:\/\/schema.org\/ImageObject\"  ><div class='avia-image-container-inner'><div class='avia-image-overlay-wrap'><img decoding=\"async\" class='wp-image-66285 avia-img-lazy-loading-not-66285 avia_image' src=\"https:\/\/radiorevelacionfm.cl\/wp-content\/uploads\/2026\/04\/IMG_5774.JPG-1-1.jpeg\" alt='' title='IMG_5774.JPG (1) (1)' height=\"795\" width=\"800\"  itemprop=\"thumbnailUrl\" srcset=\"https:\/\/radiorevelacionfm.cl\/wp-content\/uploads\/2026\/04\/IMG_5774.JPG-1-1.jpeg 800w, https:\/\/radiorevelacionfm.cl\/wp-content\/uploads\/2026\/04\/IMG_5774.JPG-1-1-300x298.jpeg 300w, https:\/\/radiorevelacionfm.cl\/wp-content\/uploads\/2026\/04\/IMG_5774.JPG-1-1-80x80.jpeg 80w, https:\/\/radiorevelacionfm.cl\/wp-content\/uploads\/2026\/04\/IMG_5774.JPG-1-1-768x763.jpeg 768w, https:\/\/radiorevelacionfm.cl\/wp-content\/uploads\/2026\/04\/IMG_5774.JPG-1-1-36x36.jpeg 36w, https:\/\/radiorevelacionfm.cl\/wp-content\/uploads\/2026\/04\/IMG_5774.JPG-1-1-180x180.jpeg 180w, https:\/\/radiorevelacionfm.cl\/wp-content\/uploads\/2026\/04\/IMG_5774.JPG-1-1-705x701.jpeg 705w, https:\/\/radiorevelacionfm.cl\/wp-content\/uploads\/2026\/04\/IMG_5774.JPG-1-1-120x120.jpeg 120w, https:\/\/radiorevelacionfm.cl\/wp-content\/uploads\/2026\/04\/IMG_5774.JPG-1-1-450x447.jpeg 450w, https:\/\/radiorevelacionfm.cl\/wp-content\/uploads\/2026\/04\/IMG_5774.JPG-1-1-600x596.jpeg 600w, https:\/\/radiorevelacionfm.cl\/wp-content\/uploads\/2026\/04\/IMG_5774.JPG-1-1-100x100.jpeg 100w\" sizes=\"(max-width: 800px) 100vw, 800px\" \/><\/div><\/div><\/div><\/div><div class=\"flex_column av_one_full  flex_column_div av-zero-column-padding first  avia-builder-el-2  el_after_av_one_full  el_before_av_one_full  column-top-margin\" style='border-radius:0px; '><section class=\"av_textblock_section \"  itemscope=\"itemscope\" itemtype=\"https:\/\/schema.org\/BlogPosting\" itemprop=\"blogPost\" ><div class='avia_textblock  '   itemprop=\"text\" ><p style=\"text-align: center;\"><span style=\"font-size: 18pt;\"><b><span lang=\"ES-MX\">Mejoras en CESFAM y nueva ambulancia SAMU fortalecen la atenci\u00f3n de salud en la comuna de Ays\u00e9n<\/span><\/b><\/span><\/p>\n<div id=\"gtx-trans\" style=\"position: absolute; left: -50px; top: 4.31534px;\">\n<div class=\"gtx-trans-icon\"><\/div>\n<\/div>\n<\/div><\/section><\/div><div class=\"flex_column av_one_full  flex_column_div av-zero-column-padding first  avia-builder-el-4  el_after_av_one_full  el_before_av_hr  column-top-margin\" style='border-radius:0px; '><section class=\"av_textblock_section \"  itemscope=\"itemscope\" itemtype=\"https:\/\/schema.org\/BlogPosting\" itemprop=\"blogPost\" ><div class='avia_textblock  '   itemprop=\"text\" ><p style=\"text-align: justify;\"><em>Las obras benefician directamente a la comunidad local y fortalecen la red asistencial, incluyendo a Puerto Aguirre, Villa Ma\u00f1ihuales y otros dispositivos del territorio.<\/em><\/p>\n<p style=\"text-align: justify;\">En la comuna de Ays\u00e9n, el Servicio de Salud Ays\u00e9n (SSA) concret\u00f3 la entrega de mejoras en infraestructura y equipamiento en el CESFAM de Puerto Ays\u00e9n, junto con la incorporaci\u00f3n de un nuevo m\u00f3vil SAMU para la Base de Puerto Chacabuco, fortaleciendo la capacidad de respuesta de la red asistencial y mejorando la oportunidad de atenci\u00f3n para la comunidad.<\/p>\n<p style=\"text-align: justify;\">La actividad, organizada en conjunto con el equipo del CESFAM, permiti\u00f3 relevar avances en el fortalecimiento de la Atenci\u00f3n Primaria de Salud, con intervenciones que impactan directamente en la calidad de la atenci\u00f3n y en las condiciones en que se entregan las prestaciones a las personas.<\/p>\n<p style=\"text-align: justify;\">Durante la jornada, se destac\u00f3 que las mejoras consideran intervenciones en el CESFAM de Puerto Ays\u00e9n, as\u00ed como en los CECOSF de Ribera Sur y Puerto Chacabuco, adem\u00e1s de establecimientos rurales de Villa Ma\u00f1ihuales, Puerto Aguirre y Caleta Andrade. Estas acciones han permitido contar con espacios m\u00e1s dignos, seguros y funcionales, tanto para las y los usuarios como para los equipos de salud.<\/p>\n<p style=\"text-align: justify;\">A ello se suma la incorporaci\u00f3n de equipamiento cl\u00ednico y tecnol\u00f3gico, fortaleciendo la resolutividad del nivel primario, mejorando la oportunidad de atenci\u00f3n y disminuyendo la necesidad de traslados, un aspecto especialmente relevante en territorios con dispersi\u00f3n geogr\u00e1fica.<\/p>\n<p style=\"text-align: justify;\">En esta misma l\u00ednea, junto a la comunidad de Puerto Chacabuco se realiz\u00f3 la entrega de un nuevo m\u00f3vil para la Base SAMU, financiado por el Ministerio de Salud y operativo desde inicios de este mes. Esta incorporaci\u00f3n refuerza la capacidad de respuesta ante emergencias y el trabajo prehospitalario en el territorio.<\/p>\n<p style=\"text-align: justify;\">\u201cDesde el Servicio de Salud y desde la Direcci\u00f3n de Atenci\u00f3n Primaria estamos muy contentos por la actividad que se llev\u00f3 a cabo junto a las autoridades regionales, como tambi\u00e9n a nuestros dirigentes vecinales, dirigentes gremiales y junto al equipo de salud del CESFAM de Puerto Ays\u00e9n, de poder mostrar las mejoras que se realizaron en nuestros dispositivos de Puerto Ays\u00e9n, en infraestructura en los box de atenci\u00f3n odontol\u00f3gica, en el box de atenci\u00f3n de matrona, como tambi\u00e9n en el SOME y en la farmacia\u201d, expres\u00f3\u00a0 Antonella Trevigno Bravo, directora (s) de la Atenci\u00f3n Primaria del SSA.<\/p>\n<p style=\"text-align: justify;\">Por su parte, la presidenta del Consejo de Desarrollo Local del CESFAM, Pola Bustamante, se\u00f1al\u00f3 que: \u201cLa verdad es que yo tengo que partir por la historia primero y despu\u00e9s ver lo que se ha ido dando en el futuro. Yo soy muy optimista y pienso que este establecimiento de salud tiene grandes proyecciones. Yo sue\u00f1o con que la atenci\u00f3n primaria aqu\u00ed sea un lujo, porque yo creo que nos lo merecemos y tenemos los profesionales para que eso sea as\u00ed\u201d.<\/p>\n<p style=\"text-align: justify;\">Desde la mirada territorial, el director subrogante de Salud Rural del SSA, Sergio Alvarado, destac\u00f3 el alcance de estas mejoras: \u201cDesde la Direcci\u00f3n de Salud Rural seguimos trabajando en la equidad en los territorios, para que tengan las mismas oportunidades de acceso a la salud, tanto en este caso en la posta de Puerto Aguirre como tambi\u00e9n en el CECOSF de Ma\u00f1ihuales, en cuanto a mejor infraestructura y tambi\u00e9n recurso humano asociado. Todo esto permite avanzar en pertinencia territorial, en el acceso a la salud y en el fortalecimiento de la equidad en salud\u201d.<\/p>\n<p style=\"text-align: justify;\">El hito cont\u00f3 con la presencia del delegado Provincial de Ays\u00e9n, Elijio Montecinos; el director del Servicio de Salud Ays\u00e9n, Juan Pablo Bravo Quintana; concejales, consejeros regionales, integrantes del Consejo de Desarrollo Local (CODELO), equipos de salud, gremios, vecinas y vecinos de la comuna.<\/p>\n<p style=\"text-align: justify;\">El acto tambi\u00e9n incorpor\u00f3 un espacio cultural, con la presentaci\u00f3n de la Orquesta Juvenil del Liceo Ra\u00fal Broussain Campino, dirigida por el profesor Claudio \u00c1lvarez, reforzando el v\u00ednculo entre salud, educaci\u00f3n y comunidad.<\/p>\n<p style=\"text-align: justify;\">La actividad concluy\u00f3 con un recorrido por las nuevas instalaciones del CESFAM, encabezado por su director, Joaqu\u00edn Guti\u00e9rrez Hurtado, instancia en la que autoridades y comunidad pudieron conocer en detalle las mejoras implementadas.<\/p>\n<\/div><\/section><\/div><div  style='height:50px' class='hr hr-invisible   avia-builder-el-6  el_after_av_one_full  el_before_av_social_share '><span class='hr-inner ' ><span class='hr-inner-style'><\/span><\/span><\/div><\/p>\n<div  class='av-social-sharing-box  avia-builder-el-7  el_after_av_hr  el_before_av_hr  '><div class='av-share-box'><h5 class='av-share-link-description av-no-toc '>Compartir esta noticia<\/h5><ul class='av-share-box-list noLightbox'><li class='av-share-link av-social-link-facebook' ><a target=\"_blank\" aria-label=\"Compartir en Facebook\" href='https:\/\/www.facebook.com\/sharer.php?u=https:\/\/radiorevelacionfm.cl\/?p=66284&#038;t=Mejoras%20en%20CESFAM%20y%20nueva%20ambulancia%20SAMU%20fortalecen%20la%20atenci%C3%B3n%20de%20salud%20en%20la%20comuna%20de%20Ays%C3%A9n' aria-hidden='false' data-av_icon='\ue8f3' data-av_iconfont='entypo-fontello' title='' data-avia-related-tooltip='Compartir en Facebook' rel=\"noopener\"><span class='avia_hidden_link_text'>Compartir en Facebook<\/span><\/a><\/li><li class='av-share-link av-social-link-twitter' ><a target=\"_blank\" aria-label=\"Compartir en Twitter\" href='https:\/\/twitter.com\/share?text=Mejoras%20en%20CESFAM%20y%20nueva%20ambulancia%20SAMU%20fortalecen%20la%20atenci%C3%B3n%20de%20salud%20en%20la%20comuna%20de%20Ays%C3%A9n&#038;url=https:\/\/radiorevelacionfm.cl\/?p=66284' aria-hidden='false' data-av_icon='\ue8f1' data-av_iconfont='entypo-fontello' title='' data-avia-related-tooltip='Compartir en Twitter' rel=\"noopener\"><span class='avia_hidden_link_text'>Compartir en Twitter<\/span><\/a><\/li><li class='av-share-link av-social-link-whatsapp' ><a target=\"_blank\" aria-label=\"Compartir en Whatsapp\" href='https:\/\/api.whatsapp.com\/send?text=https:\/\/radiorevelacionfm.cl\/?p=66284' aria-hidden='false' data-av_icon='\uf232' data-av_iconfont='entypo-fontello' title='' data-avia-related-tooltip='Compartir en Whatsapp' rel=\"noopener\"><span class='avia_hidden_link_text'>Compartir en Whatsapp<\/span><\/a><\/li><li class='av-share-link av-social-link-linkedin' ><a target=\"_blank\" aria-label=\"Compartir en LinkedIn\" href='https:\/\/linkedin.com\/shareArticle?mini=true&#038;title=Mejoras%20en%20CESFAM%20y%20nueva%20ambulancia%20SAMU%20fortalecen%20la%20atenci%C3%B3n%20de%20salud%20en%20la%20comuna%20de%20Ays%C3%A9n&#038;url=https:\/\/radiorevelacionfm.cl\/?p=66284' aria-hidden='false' data-av_icon='\ue8fc' data-av_iconfont='entypo-fontello' title='' data-avia-related-tooltip='Compartir en LinkedIn' rel=\"noopener\"><span class='avia_hidden_link_text'>Compartir en LinkedIn<\/span><\/a><\/li><li class='av-share-link av-social-link-mail' ><a  aria-label=\"Compartir por correo\" href='mailto:?subject=Mejoras%20en%20CESFAM%20y%20nueva%20ambulancia%20SAMU%20fortalecen%20la%20atenci%C3%B3n%20de%20salud%20en%20la%20comuna%20de%20Ays%C3%A9n&#038;body=https:\/\/radiorevelacionfm.cl\/?p=66284' aria-hidden='false' data-av_icon='\ue805' data-av_iconfont='entypo-fontello' title='' data-avia-related-tooltip='Compartir por correo'><span class='avia_hidden_link_text'>Compartir por correo<\/span><\/a><\/li><\/ul><\/div><\/div>\n<div  style='height:50px' class='hr hr-invisible   avia-builder-el-8  el_after_av_social_share  el_before_av_comments_list '><span class='hr-inner ' ><span class='hr-inner-style'><\/span><\/span><\/div>\n<div  class='av-buildercomment  av-blog-meta-html-info-disabled av-blog-meta-tag-disabled  '><\/div>\n","protected":false},"excerpt":{"rendered":"","protected":false},"author":1,"featured_media":66285,"comment_status":"closed","ping_status":"closed","sticky":false,"template":"","format":"standard","meta":{"footnotes":""},"categories":[46],"tags":[],"class_list":["post-66284","post","type-post","status-publish","format-standard","has-post-thumbnail","hentry","category-salud"],"jetpack_featured_media_url":"https:\/\/radiorevelacionfm.cl\/wp-content\/uploads\/2026\/04\/IMG_5774.JPG-1-1.jpeg","_links":{"self":[{"href":"https:\/\/radiorevelacionfm.cl\/index.php?rest_route=\/wp\/v2\/posts\/66284","targetHints":{"allow":["GET"]}}],"collection":[{"href":"https:\/\/radiorevelacionfm.cl\/index.php?rest_route=\/wp\/v2\/posts"}],"about":[{"href":"https:\/\/radiorevelacionfm.cl\/index.php?rest_route=\/wp\/v2\/types\/post"}],"author":[{"embeddable":true,"href":"https:\/\/radiorevelacionfm.cl\/index.php?rest_route=\/wp\/v2\/users\/1"}],"replies":[{"embeddable":true,"href":"https:\/\/radiorevelacionfm.cl\/index.php?rest_route=%2Fwp%2Fv2%2Fcomments&post=66284"}],"version-history":[{"count":2,"href":"https:\/\/radiorevelacionfm.cl\/index.php?rest_route=\/wp\/v2\/posts\/66284\/revisions"}],"predecessor-version":[{"id":66287,"href":"https:\/\/radiorevelacionfm.cl\/index.php?rest_route=\/wp\/v2\/posts\/66284\/revisions\/66287"}],"wp:featuredmedia":[{"embeddable":true,"href":"https:\/\/radiorevelacionfm.cl\/index.php?rest_route=\/wp\/v2\/media\/66285"}],"wp:attachment":[{"href":"https:\/\/radiorevelacionfm.cl\/index.php?rest_route=%2Fwp%2Fv2%2Fmedia&parent=66284"}],"wp:term":[{"taxonomy":"category","embeddable":true,"href":"https:\/\/radiorevelacionfm.cl\/index.php?rest_route=%2Fwp%2Fv2%2Fcategories&post=66284"},{"taxonomy":"post_tag","embeddable":true,"href":"https:\/\/radiorevelacionfm.cl\/index.php?rest_route=%2Fwp%2Fv2%2Ftags&post=66284"}],"curies":[{"name":"wp","href":"https:\/\/api.w.org\/{rel}","templated":true}]}}