{"id":66257,"date":"2026-04-19T17:04:22","date_gmt":"2026-04-19T20:04:22","guid":{"rendered":"https:\/\/radiorevelacionfm.cl\/?p=66257"},"modified":"2026-04-19T17:04:22","modified_gmt":"2026-04-19T20:04:22","slug":"con-entrega-de-terreno-inicia-la-construccion-del-nuevo-cesfam-de-coyhaique-con-sar-adosado","status":"publish","type":"post","link":"https:\/\/radiorevelacionfm.cl\/?p=66257","title":{"rendered":"Con entrega de terreno, inicia la construcci\u00f3n del nuevo CESFAM de Coyhaique con SAR adosado"},"content":{"rendered":"<div class=\"flex_column av_one_full  flex_column_div av-zero-column-padding first  avia-builder-el-0  el_before_av_one_full  avia-builder-el-first  \" style='border-radius:0px; '><div  class='avia-image-container  av-styling-    avia-builder-el-1  avia-builder-el-no-sibling  avia-align-center '  itemprop=\"image\" itemscope=\"itemscope\" itemtype=\"https:\/\/schema.org\/ImageObject\"  ><div class='avia-image-container-inner'><div class='avia-image-overlay-wrap'><img decoding=\"async\" class='wp-image-66258 avia-img-lazy-loading-not-66258 avia_image' src=\"https:\/\/radiorevelacionfm.cl\/wp-content\/uploads\/2026\/04\/670862353_18085748465622842_4898312406356023846_n-1_optimized-1-1.jpg\" alt='' title='670862353_18085748465622842_4898312406356023846_n-(1)_optimized (1) (1)' height=\"600\" width=\"1232\"  itemprop=\"thumbnailUrl\" srcset=\"https:\/\/radiorevelacionfm.cl\/wp-content\/uploads\/2026\/04\/670862353_18085748465622842_4898312406356023846_n-1_optimized-1-1.jpg 1232w, https:\/\/radiorevelacionfm.cl\/wp-content\/uploads\/2026\/04\/670862353_18085748465622842_4898312406356023846_n-1_optimized-1-1-300x146.jpg 300w, https:\/\/radiorevelacionfm.cl\/wp-content\/uploads\/2026\/04\/670862353_18085748465622842_4898312406356023846_n-1_optimized-1-1-1030x502.jpg 1030w, https:\/\/radiorevelacionfm.cl\/wp-content\/uploads\/2026\/04\/670862353_18085748465622842_4898312406356023846_n-1_optimized-1-1-768x374.jpg 768w, https:\/\/radiorevelacionfm.cl\/wp-content\/uploads\/2026\/04\/670862353_18085748465622842_4898312406356023846_n-1_optimized-1-1-705x343.jpg 705w, https:\/\/radiorevelacionfm.cl\/wp-content\/uploads\/2026\/04\/670862353_18085748465622842_4898312406356023846_n-1_optimized-1-1-450x219.jpg 450w, https:\/\/radiorevelacionfm.cl\/wp-content\/uploads\/2026\/04\/670862353_18085748465622842_4898312406356023846_n-1_optimized-1-1-600x292.jpg 600w\" sizes=\"(max-width: 1232px) 100vw, 1232px\" \/><\/div><\/div><\/div><\/div><div class=\"flex_column av_one_full  flex_column_div av-zero-column-padding first  avia-builder-el-2  el_after_av_one_full  el_before_av_one_full  column-top-margin\" style='border-radius:0px; '><section class=\"av_textblock_section \"  itemscope=\"itemscope\" itemtype=\"https:\/\/schema.org\/BlogPosting\" itemprop=\"blogPost\" ><div class='avia_textblock  '   itemprop=\"text\" ><p style=\"text-align: center;\"><strong><span style=\"font-size: 18pt;\">Con entrega de terreno, inicia la construcci\u00f3n del nuevo CESFAM de Coyhaique con SAR adosado<\/span><\/strong><\/p>\n<div id=\"gtx-trans\" style=\"position: absolute; left: -50px; top: 4.31534px;\">\n<div class=\"gtx-trans-icon\"><\/div>\n<\/div>\n<\/div><\/section><\/div><div class=\"flex_column av_one_full  flex_column_div av-zero-column-padding first  avia-builder-el-4  el_after_av_one_full  el_before_av_hr  column-top-margin\" style='border-radius:0px; '><section class=\"av_textblock_section \"  itemscope=\"itemscope\" itemtype=\"https:\/\/schema.org\/BlogPosting\" itemprop=\"blogPost\" ><div class='avia_textblock  '   itemprop=\"text\" ><p style=\"text-align: justify;\">La iniciativa, forma parte del Convenio de Programaci\u00f3n entre el Ministerio de Salud a trav\u00e9s del Servicio de Salud Ays\u00e9n y el Gobierno Regional, permitir\u00e1 fortalecer la Atenci\u00f3n Primaria y la resolutividad del sistema de salud en la regi\u00f3n.<\/p>\n<p style=\"text-align: justify;\">Con una ceremonia simb\u00f3lica de entrega de terreno, este viernes 17 de abril autoridades regionales dieron inicio a la construcci\u00f3n del nuevo Centro de Salud Familiar (CESFAM) de Coyhaique, que contar\u00e1 con un Servicio de Urgencia de Alta Resolutividad (SAR) adosado, marcando un hito clave para el fortalecimiento de la red de salud en la regi\u00f3n y la mejora en la calidad de atenci\u00f3n para miles de personas.<\/p>\n<p style=\"text-align: justify;\">La iniciativa, impulsada por el Servicio de Salud Ays\u00e9n en conjunto con el Gobierno Regional, contempla una inversi\u00f3n superior a los $22 mil millones por parte del Ministerio de Salud para su ejecuci\u00f3n. A ello se suman m\u00e1s de $151 millones financiados previamente por el Gobierno Regional para el desarrollo de su etapa de dise\u00f1o.<\/p>\n<p style=\"text-align: justify;\">El gobernador regional de Ays\u00e9n, Marcelo Santana Vargas, puso \u00e9nfasis en la importancia de pasar de los compromisos a la concreci\u00f3n, impulsando obras que respondan a necesidades urgentes de la ciudadan\u00eda.<\/p>\n<p style=\"text-align: justify;\">\u201cLa gente quiere sanarse en nuestra regi\u00f3n. No quiere tener que trasladarse hacia otros puntos del pa\u00eds para poder resolver sus problemas; o quiere tener un espacio, cuando necesita una atenci\u00f3n m\u00e9dica que est\u00e9 bajo techo. Hay muchas voluntades, pero tambi\u00e9n necesitamos concretar las cosas. Necesitamos que nuestra gente se sienta escuchada. Cada vez que hablamos de salud, la gente nos dice que esto es tremendamente necesario.<\/p>\n<p style=\"text-align: justify;\">Esto, junto a la Carretera Austral y junto al pr\u00f3ximo Hospital de Coyhaique, que no tenemos que dar por hecho que va a ser en veinte a\u00f1os \u2014tenemos que trabajar para que esto sea lo m\u00e1s pr\u00f3ximo posible\u2014, son cosas que nuestra comunidad est\u00e1 requiriendo, est\u00e1 necesitando y, por eso, es importante lo que hoy d\u00eda estamos viviendo. Tenemos que pasar a la concreci\u00f3n de las cosas. Tenemos que hacer sentir a nuestra comunidad que las cosas est\u00e1n pasando en Ays\u00e9n\u201d, expres\u00f3 el gobernador regional de Ays\u00e9n.<\/p>\n<p style=\"text-align: justify;\">El nuevo CESFAM contar\u00e1 con una infraestructura moderna de m\u00e1s de 3.700 m 2 e incorporar\u00e1 atenci\u00f3n sectorizada, laboratorio cl\u00ednico, servicios de imagenolog\u00eda, laboratorio dental y un centro de rehabilitaci\u00f3n, fortaleciendo significativamente la capacidad resolutiva de la Atenci\u00f3n Primaria.<\/p>\n<p style=\"text-align: justify;\">Desde el \u00e1mbito t\u00e9cnico, el director del Servicio de Salud Ays\u00e9n, Juan Pablo Bravo Quintana, destac\u00f3 el impacto estructural que tendr\u00e1 esta obra para la red asistencial regional, subrayando su car\u00e1cter hist\u00f3rico y su aporte directo a la mejora en la atenci\u00f3n de salud.<\/p>\n<p style=\"text-align: justify;\">\u201cEste es un hecho hist\u00f3rico para la regi\u00f3n y para la salud p\u00fablica de la regi\u00f3n. No hab\u00eda construcciones grandes hace bastante tiempo. Es el mismo lugar, el emplazamiento atr\u00e1s de la PDI. Por qu\u00e9 digo que tambi\u00e9n es un hecho hist\u00f3rico, porque va a beneficiar a toda la salud p\u00fablica. Este CESFAM viene con un adosado, lo que es un dispositivo de urgencia, que nos va a permitir tambi\u00e9n descongestionar el hospital de m\u00e1s alta complejidad. Alrededor de 40 mil atenciones se dan al a\u00f1o de pacientes cuatro a cinco, que son los de menor complejidad y que se podr\u00edan atender en esta \u00e1rea. Entonces nos va a descongestionar, para tener a disposici\u00f3n nuestra urgencia de m\u00e1s complejidad para toda la regi\u00f3n\u201d, explic\u00f3 el director del SSA.<\/p>\n<p style=\"text-align: justify;\">La iniciativa forma parte del Convenio de Programaci\u00f3n 2025\u20132030 entre el Ministerio de Salud, a trav\u00e9s del Servicio de Salud Ays\u00e9n y Gobierno Regional de Ays\u00e9n, que contempla una inversi\u00f3n superior a los $190 mil millones para mejorar la infraestructura, el equipamiento y la capacidad de respuesta del sistema de salud en toda la regi\u00f3n.<\/p>\n<p style=\"text-align: justify;\">De esta manera, este hito se suma a una amplia cartera de inversiones que se est\u00e1n impulsando en la regi\u00f3n, orientadas a reducir brechas, mejorar la cobertura y acercar servicios de calidad a todos los habitantes, especialmente en zonas aisladas.<\/p>\n<p style=\"text-align: justify;\">Por su parte, el alcalde de Coyhaique, Carlos Gatica Villegas, valor\u00f3 el inicio de esta obra como un avance concreto en dignidad y fortalecimiento del sistema de salud, destacando adem\u00e1s el trabajo conjunto entre las distintas instituciones: \u201cHay que agradecer este paso, porque es un paso concreto en mejorar la dignidad de atenci\u00f3n a la familia en cuidar a nuestras familias, pero tambi\u00e9n, en cuidar a quienes cuidan de ellos. Y eso hoy en d\u00eda hay que reconocerlo. Hay que agradecerle, por supuesto, al Gobierno. Hay que agradecerle al Ministerio de Salud. Hay que agradecerle al Gobierno Regional\u201d.<\/p>\n<p style=\"text-align: justify;\">Mientras que la delegada presidencial regional, Luz Mar\u00eda Vicu\u00f1a Figueroa, relev\u00f3 la urgencia de avanzar en esta obra: \u201cHoy d\u00eda estamos celebrando la primera piedra. En 800 d\u00edas tenemos que estar celebrando su inauguraci\u00f3n. Esa es la meta que nos tenemos que poner, porque no podemos seguir esperando. Esto va a aliviar a la mitad de las atenciones que est\u00e1n hoy d\u00eda atendiendo s\u00f3lo en dos centros familiares, dos CESFAM. Alejandro Guti\u00e9rrez y V\u00edctor Dom\u00ednguez Silva atienden a 60 mil personas. Con esto vamos a aliviar a 30 mil m\u00e1s. Es indispensable que logremos nuestros objetivos. Es indispensable que avancemos en salud\u201d.<\/p>\n<p style=\"text-align: justify;\">Desde la sociedad civil, se valor\u00f3 este avance como el resultado de un proceso sostenido de participaci\u00f3n y trabajo conjunto, que hoy comienza a materializarse en beneficio de la comunidad. \u201cUn hito importante hoy d\u00eda, por supuesto, que es un hito importante. Hemos luchado mucho para descongestionar los Cesfames (sic) y tambi\u00e9n el hospital. Hoy d\u00eda estamos felices por nuestra comunidad, porque esto es una tremenda noticia. Hoy d\u00eda se est\u00e1 firmando, porque, yo le dec\u00eda al seremi nuevo; nosotros hemos estado no s\u00e9 cu\u00e1ntas veces all\u00e1 donde est\u00e1 el terreno. Hemos estado en la primera piedra, la segunda piedra y la tercera piedra. Hoy d\u00eda me siento feliz, porque hoy d\u00eda voy a ver concretado lo que toda la comunidad esperaba\u201d, enfatiz\u00f3 durante la ceremonia la dirigente Sandra Vargas.<\/p>\n<p style=\"text-align: justify;\">Este avance no solo representa nueva infraestructura, sino tambi\u00e9n la posibilidad de entregar una atenci\u00f3n m\u00e1s digna, oportuna y cercana para las familias de Coyhaique, dando un paso concreto hacia una regi\u00f3n que avanza con sentido, poniendo a las personas en el centro de su desarrollo.<\/p>\n<\/div><\/section><\/div><div  style='height:50px' class='hr hr-invisible   avia-builder-el-6  el_after_av_one_full  el_before_av_social_share '><span class='hr-inner ' ><span class='hr-inner-style'><\/span><\/span><\/div><\/p>\n<div  class='av-social-sharing-box  avia-builder-el-7  el_after_av_hr  el_before_av_hr  '><div class='av-share-box'><h5 class='av-share-link-description av-no-toc '>Compartir esta noticia<\/h5><ul class='av-share-box-list noLightbox'><li class='av-share-link av-social-link-facebook' ><a target=\"_blank\" aria-label=\"Compartir en Facebook\" href='https:\/\/www.facebook.com\/sharer.php?u=https:\/\/radiorevelacionfm.cl\/?p=66257&#038;t=Con%20entrega%20de%20terreno%2C%20inicia%20la%20construcci%C3%B3n%20del%20nuevo%20CESFAM%20de%20Coyhaique%20con%20SAR%20adosado' aria-hidden='false' data-av_icon='\ue8f3' data-av_iconfont='entypo-fontello' title='' data-avia-related-tooltip='Compartir en Facebook' rel=\"noopener\"><span class='avia_hidden_link_text'>Compartir en Facebook<\/span><\/a><\/li><li class='av-share-link av-social-link-twitter' ><a target=\"_blank\" aria-label=\"Compartir en Twitter\" href='https:\/\/twitter.com\/share?text=Con%20entrega%20de%20terreno%2C%20inicia%20la%20construcci%C3%B3n%20del%20nuevo%20CESFAM%20de%20Coyhaique%20con%20SAR%20adosado&#038;url=https:\/\/radiorevelacionfm.cl\/?p=66257' aria-hidden='false' data-av_icon='\ue8f1' data-av_iconfont='entypo-fontello' title='' data-avia-related-tooltip='Compartir en Twitter' rel=\"noopener\"><span class='avia_hidden_link_text'>Compartir en Twitter<\/span><\/a><\/li><li class='av-share-link av-social-link-whatsapp' ><a target=\"_blank\" aria-label=\"Compartir en Whatsapp\" href='https:\/\/api.whatsapp.com\/send?text=https:\/\/radiorevelacionfm.cl\/?p=66257' aria-hidden='false' data-av_icon='\uf232' data-av_iconfont='entypo-fontello' title='' data-avia-related-tooltip='Compartir en Whatsapp' rel=\"noopener\"><span class='avia_hidden_link_text'>Compartir en Whatsapp<\/span><\/a><\/li><li class='av-share-link av-social-link-linkedin' ><a target=\"_blank\" aria-label=\"Compartir en LinkedIn\" href='https:\/\/linkedin.com\/shareArticle?mini=true&#038;title=Con%20entrega%20de%20terreno%2C%20inicia%20la%20construcci%C3%B3n%20del%20nuevo%20CESFAM%20de%20Coyhaique%20con%20SAR%20adosado&#038;url=https:\/\/radiorevelacionfm.cl\/?p=66257' aria-hidden='false' data-av_icon='\ue8fc' data-av_iconfont='entypo-fontello' title='' data-avia-related-tooltip='Compartir en LinkedIn' rel=\"noopener\"><span class='avia_hidden_link_text'>Compartir en LinkedIn<\/span><\/a><\/li><li class='av-share-link av-social-link-mail' ><a  aria-label=\"Compartir por correo\" href='mailto:?subject=Con%20entrega%20de%20terreno%2C%20inicia%20la%20construcci%C3%B3n%20del%20nuevo%20CESFAM%20de%20Coyhaique%20con%20SAR%20adosado&#038;body=https:\/\/radiorevelacionfm.cl\/?p=66257' aria-hidden='false' data-av_icon='\ue805' data-av_iconfont='entypo-fontello' title='' data-avia-related-tooltip='Compartir por correo'><span class='avia_hidden_link_text'>Compartir por correo<\/span><\/a><\/li><\/ul><\/div><\/div>\n<div  style='height:50px' class='hr hr-invisible   avia-builder-el-8  el_after_av_social_share  el_before_av_comments_list '><span class='hr-inner ' ><span class='hr-inner-style'><\/span><\/span><\/div>\n<div  class='av-buildercomment  av-blog-meta-html-info-disabled av-blog-meta-tag-disabled  '><\/div>\n","protected":false},"excerpt":{"rendered":"","protected":false},"author":1,"featured_media":66258,"comment_status":"closed","ping_status":"closed","sticky":false,"template":"","format":"standard","meta":{"footnotes":""},"categories":[38],"tags":[],"class_list":["post-66257","post","type-post","status-publish","format-standard","has-post-thumbnail","hentry","category-regional"],"jetpack_featured_media_url":"https:\/\/radiorevelacionfm.cl\/wp-content\/uploads\/2026\/04\/670862353_18085748465622842_4898312406356023846_n-1_optimized-1-1.jpg","_links":{"self":[{"href":"https:\/\/radiorevelacionfm.cl\/index.php?rest_route=\/wp\/v2\/posts\/66257","targetHints":{"allow":["GET"]}}],"collection":[{"href":"https:\/\/radiorevelacionfm.cl\/index.php?rest_route=\/wp\/v2\/posts"}],"about":[{"href":"https:\/\/radiorevelacionfm.cl\/index.php?rest_route=\/wp\/v2\/types\/post"}],"author":[{"embeddable":true,"href":"https:\/\/radiorevelacionfm.cl\/index.php?rest_route=\/wp\/v2\/users\/1"}],"replies":[{"embeddable":true,"href":"https:\/\/radiorevelacionfm.cl\/index.php?rest_route=%2Fwp%2Fv2%2Fcomments&post=66257"}],"version-history":[{"count":2,"href":"https:\/\/radiorevelacionfm.cl\/index.php?rest_route=\/wp\/v2\/posts\/66257\/revisions"}],"predecessor-version":[{"id":66260,"href":"https:\/\/radiorevelacionfm.cl\/index.php?rest_route=\/wp\/v2\/posts\/66257\/revisions\/66260"}],"wp:featuredmedia":[{"embeddable":true,"href":"https:\/\/radiorevelacionfm.cl\/index.php?rest_route=\/wp\/v2\/media\/66258"}],"wp:attachment":[{"href":"https:\/\/radiorevelacionfm.cl\/index.php?rest_route=%2Fwp%2Fv2%2Fmedia&parent=66257"}],"wp:term":[{"taxonomy":"category","embeddable":true,"href":"https:\/\/radiorevelacionfm.cl\/index.php?rest_route=%2Fwp%2Fv2%2Fcategories&post=66257"},{"taxonomy":"post_tag","embeddable":true,"href":"https:\/\/radiorevelacionfm.cl\/index.php?rest_route=%2Fwp%2Fv2%2Ftags&post=66257"}],"curies":[{"name":"wp","href":"https:\/\/api.w.org\/{rel}","templated":true}]}}