{"id":66254,"date":"2026-04-19T20:32:56","date_gmt":"2026-04-19T23:32:56","guid":{"rendered":"https:\/\/radiorevelacionfm.cl\/?p=66254"},"modified":"2026-04-19T20:35:19","modified_gmt":"2026-04-19T23:35:19","slug":"aysen-activa-gabinete-regional-tras-anuncios-presidenciales-para-coordinar-su-ejecucion","status":"publish","type":"post","link":"https:\/\/radiorevelacionfm.cl\/?p=66254","title":{"rendered":"Ays\u00e9n activa Gabinete Regional tras anuncios presidenciales para coordinar su ejecuci\u00f3n"},"content":{"rendered":"<div class=\"flex_column av_one_full  flex_column_div av-zero-column-padding first  avia-builder-el-0  el_before_av_one_full  avia-builder-el-first  \" style='border-radius:0px; '><div  class='avia-image-container  av-styling-    avia-builder-el-1  avia-builder-el-no-sibling  avia-align-center '  itemprop=\"image\" itemscope=\"itemscope\" itemtype=\"https:\/\/schema.org\/ImageObject\"  ><div class='avia-image-container-inner'><div class='avia-image-overlay-wrap'><img decoding=\"async\" class='wp-image-66255 avia-img-lazy-loading-not-66255 avia_image' src=\"https:\/\/radiorevelacionfm.cl\/wp-content\/uploads\/2026\/04\/gabinete-regional-aysen-1_optimized-1.jpg\" alt='' title='gabinete-regional-ays\u00e9n-(1)_optimized (1)' height=\"600\" width=\"800\"  itemprop=\"thumbnailUrl\" srcset=\"https:\/\/radiorevelacionfm.cl\/wp-content\/uploads\/2026\/04\/gabinete-regional-aysen-1_optimized-1.jpg 800w, https:\/\/radiorevelacionfm.cl\/wp-content\/uploads\/2026\/04\/gabinete-regional-aysen-1_optimized-1-300x225.jpg 300w, https:\/\/radiorevelacionfm.cl\/wp-content\/uploads\/2026\/04\/gabinete-regional-aysen-1_optimized-1-768x576.jpg 768w, https:\/\/radiorevelacionfm.cl\/wp-content\/uploads\/2026\/04\/gabinete-regional-aysen-1_optimized-1-705x529.jpg 705w, https:\/\/radiorevelacionfm.cl\/wp-content\/uploads\/2026\/04\/gabinete-regional-aysen-1_optimized-1-450x338.jpg 450w, https:\/\/radiorevelacionfm.cl\/wp-content\/uploads\/2026\/04\/gabinete-regional-aysen-1_optimized-1-600x450.jpg 600w\" sizes=\"(max-width: 800px) 100vw, 800px\" \/><\/div><\/div><\/div><\/div>\n<div class=\"flex_column av_one_full  flex_column_div av-zero-column-padding first  avia-builder-el-2  el_after_av_one_full  el_before_av_one_full  column-top-margin\" style='border-radius:0px; '><section class=\"av_textblock_section \"  itemscope=\"itemscope\" itemtype=\"https:\/\/schema.org\/BlogPosting\" itemprop=\"blogPost\" ><div class='avia_textblock  '   itemprop=\"text\" ><p style=\"text-align: center;\"><strong><span style=\"font-size: 18pt;\">Ays\u00e9n activa Gabinete Regional tras anuncios presidenciales para coordinar su ejecuci\u00f3n<\/span><\/strong><\/p>\n<div id=\"gtx-trans\" style=\"position: absolute; left: -50px; top: 4.31534px;\">\n<div class=\"gtx-trans-icon\"><\/div>\n<\/div>\n<\/div><\/section><\/div>\n<div class=\"flex_column av_one_full  flex_column_div av-zero-column-padding first  avia-builder-el-4  el_after_av_one_full  el_before_av_hr  column-top-margin\" style='border-radius:0px; '><section class=\"av_textblock_section \"  itemscope=\"itemscope\" itemtype=\"https:\/\/schema.org\/BlogPosting\" itemprop=\"blogPost\" ><div class='avia_textblock  '   itemprop=\"text\" ><p style=\"text-align: justify;\"><em>Autoridades valoraron los anuncios realizados por el Presidente de la Rep\u00fablica Jos\u00e9 Antonio Kast, donde se dieron a conocer los lineamientos del proyecto de Reconstrucci\u00f3n y Desarrollo Econ\u00f3mico y Social, enfocado en impulsar la inversi\u00f3n y el empleo.<\/em><\/p>\n<p style=\"text-align: justify;\">Luego del mensaje presidencial, se desarroll\u00f3 un Gabinete Regional encabezado por la Delegada Presidencial Regional, Luz Mar\u00eda Vicu\u00f1a, con la participaci\u00f3n virtual del Subsecretario del Interior, M\u00e1ximo Pavez, junto a los delegados provinciales, con el objetivo de revisar y coordinar la implementaci\u00f3n en la regi\u00f3n.<\/p>\n<p style=\"text-align: justify;\">El plan contempla cerca de 40 medidas agrupadas en cinco ejes: competitividad tributaria, fortalecimiento del empleo formal, ajustes a la tramitaci\u00f3n ambiental, mayor certeza jur\u00eddica para la inversi\u00f3n y contenci\u00f3n del gasto p\u00fablico, con \u00e9nfasis en destrabar proyectos y agilizar su desarrollo.<\/p>\n<p style=\"text-align: justify;\">El Subsecretario del Interior, M\u00e1ximo Pavez, se\u00f1al\u00f3 que \u201ceste es un plan que apunta a destrabar proyectos, entregar certezas y acelerar procesos que hoy retrasan oportunidades en las regiones, permitiendo avanzar con mayor rapidez en iniciativas que impactan directamente en las personas\u201d.<\/p>\n<p style=\"text-align: justify;\">Por su parte, la Delegada Presidencial Regional, Luz Mar\u00eda Vicu\u00f1a, indic\u00f3 que \u201cnuestra regi\u00f3n necesita avanzar con decisi\u00f3n en materia econ\u00f3mica y social. Este plan va en esa l\u00ednea, con foco en el empleo, la actividad local y el apoyo a quienes emprenden en Ays\u00e9n\u201d.<\/p>\n<p style=\"text-align: justify;\">\u201cLa gran mayor\u00eda de los emprendedores y emprendedoras, especialmente de peque\u00f1as y medianas empresas, podr\u00e1n verse beneficiados, fortaleciendo sus negocios y generando m\u00e1s puestos de trabajo en el territorio\u201d, agreg\u00f3.<\/p>\n<p style=\"text-align: justify;\">En tanto, la Seremi de Gobierno, B\u00e1rbara Ort\u00fazar, se\u00f1al\u00f3 que \u201ceste proyecto entrega incentivos concretos para que empresas de distintos tama\u00f1os inviertan en la regi\u00f3n, fortaleciendo la actividad econ\u00f3mica y la seguridad laboral\u201d.<\/p>\n<p style=\"text-align: justify;\">\u201cCuando la econom\u00eda avanza, se abren m\u00e1s oportunidades para las familias. Aqu\u00ed no se trata de beneficiar a unos pocos, sino de generar condiciones para que el pa\u00eds crezca y las personas vivan mejor\u201d, concluy\u00f3.<\/p>\n<\/div><\/section><\/div><div  style='height:50px' class='hr hr-invisible   avia-builder-el-6  el_after_av_one_full  el_before_av_social_share '><span class='hr-inner ' ><span class='hr-inner-style'><\/span><\/span><\/div><\/p>\n<div  class='av-social-sharing-box  avia-builder-el-7  el_after_av_hr  el_before_av_hr  '><div class='av-share-box'><h5 class='av-share-link-description av-no-toc '>Compartir esta noticia<\/h5><ul class='av-share-box-list noLightbox'><li class='av-share-link av-social-link-facebook' ><a target=\"_blank\" aria-label=\"Compartir en Facebook\" href='https:\/\/www.facebook.com\/sharer.php?u=https:\/\/radiorevelacionfm.cl\/?p=66254&#038;t=Ays%C3%A9n%20activa%20Gabinete%20Regional%20tras%20anuncios%20presidenciales%20para%20coordinar%20su%20ejecuci%C3%B3n' aria-hidden='false' data-av_icon='\ue8f3' data-av_iconfont='entypo-fontello' title='' data-avia-related-tooltip='Compartir en Facebook' rel=\"noopener\"><span class='avia_hidden_link_text'>Compartir en Facebook<\/span><\/a><\/li><li class='av-share-link av-social-link-twitter' ><a target=\"_blank\" aria-label=\"Compartir en Twitter\" href='https:\/\/twitter.com\/share?text=Ays%C3%A9n%20activa%20Gabinete%20Regional%20tras%20anuncios%20presidenciales%20para%20coordinar%20su%20ejecuci%C3%B3n&#038;url=https:\/\/radiorevelacionfm.cl\/?p=66254' aria-hidden='false' data-av_icon='\ue8f1' data-av_iconfont='entypo-fontello' title='' data-avia-related-tooltip='Compartir en Twitter' rel=\"noopener\"><span class='avia_hidden_link_text'>Compartir en Twitter<\/span><\/a><\/li><li class='av-share-link av-social-link-whatsapp' ><a target=\"_blank\" aria-label=\"Compartir en Whatsapp\" href='https:\/\/api.whatsapp.com\/send?text=https:\/\/radiorevelacionfm.cl\/?p=66254' aria-hidden='false' data-av_icon='\uf232' data-av_iconfont='entypo-fontello' title='' data-avia-related-tooltip='Compartir en Whatsapp' rel=\"noopener\"><span class='avia_hidden_link_text'>Compartir en Whatsapp<\/span><\/a><\/li><li class='av-share-link av-social-link-linkedin' ><a target=\"_blank\" aria-label=\"Compartir en LinkedIn\" href='https:\/\/linkedin.com\/shareArticle?mini=true&#038;title=Ays%C3%A9n%20activa%20Gabinete%20Regional%20tras%20anuncios%20presidenciales%20para%20coordinar%20su%20ejecuci%C3%B3n&#038;url=https:\/\/radiorevelacionfm.cl\/?p=66254' aria-hidden='false' data-av_icon='\ue8fc' data-av_iconfont='entypo-fontello' title='' data-avia-related-tooltip='Compartir en LinkedIn' rel=\"noopener\"><span class='avia_hidden_link_text'>Compartir en LinkedIn<\/span><\/a><\/li><li class='av-share-link av-social-link-mail' ><a  aria-label=\"Compartir por correo\" href='mailto:?subject=Ays%C3%A9n%20activa%20Gabinete%20Regional%20tras%20anuncios%20presidenciales%20para%20coordinar%20su%20ejecuci%C3%B3n&#038;body=https:\/\/radiorevelacionfm.cl\/?p=66254' aria-hidden='false' data-av_icon='\ue805' data-av_iconfont='entypo-fontello' title='' data-avia-related-tooltip='Compartir por correo'><span class='avia_hidden_link_text'>Compartir por correo<\/span><\/a><\/li><\/ul><\/div><\/div>\n<div  style='height:50px' class='hr hr-invisible   avia-builder-el-8  el_after_av_social_share  el_before_av_comments_list '><span class='hr-inner ' ><span class='hr-inner-style'><\/span><\/span><\/div>\n<div  class='av-buildercomment  av-blog-meta-html-info-disabled av-blog-meta-tag-disabled  '><\/div>\n","protected":false},"excerpt":{"rendered":"","protected":false},"author":1,"featured_media":66255,"comment_status":"closed","ping_status":"closed","sticky":false,"template":"","format":"standard","meta":{"footnotes":""},"categories":[38],"tags":[],"class_list":["post-66254","post","type-post","status-publish","format-standard","has-post-thumbnail","hentry","category-regional"],"jetpack_featured_media_url":"https:\/\/radiorevelacionfm.cl\/wp-content\/uploads\/2026\/04\/gabinete-regional-aysen-1_optimized-1.jpg","_links":{"self":[{"href":"https:\/\/radiorevelacionfm.cl\/index.php?rest_route=\/wp\/v2\/posts\/66254","targetHints":{"allow":["GET"]}}],"collection":[{"href":"https:\/\/radiorevelacionfm.cl\/index.php?rest_route=\/wp\/v2\/posts"}],"about":[{"href":"https:\/\/radiorevelacionfm.cl\/index.php?rest_route=\/wp\/v2\/types\/post"}],"author":[{"embeddable":true,"href":"https:\/\/radiorevelacionfm.cl\/index.php?rest_route=\/wp\/v2\/users\/1"}],"replies":[{"embeddable":true,"href":"https:\/\/radiorevelacionfm.cl\/index.php?rest_route=%2Fwp%2Fv2%2Fcomments&post=66254"}],"version-history":[{"count":3,"href":"https:\/\/radiorevelacionfm.cl\/index.php?rest_route=\/wp\/v2\/posts\/66254\/revisions"}],"predecessor-version":[{"id":66266,"href":"https:\/\/radiorevelacionfm.cl\/index.php?rest_route=\/wp\/v2\/posts\/66254\/revisions\/66266"}],"wp:featuredmedia":[{"embeddable":true,"href":"https:\/\/radiorevelacionfm.cl\/index.php?rest_route=\/wp\/v2\/media\/66255"}],"wp:attachment":[{"href":"https:\/\/radiorevelacionfm.cl\/index.php?rest_route=%2Fwp%2Fv2%2Fmedia&parent=66254"}],"wp:term":[{"taxonomy":"category","embeddable":true,"href":"https:\/\/radiorevelacionfm.cl\/index.php?rest_route=%2Fwp%2Fv2%2Fcategories&post=66254"},{"taxonomy":"post_tag","embeddable":true,"href":"https:\/\/radiorevelacionfm.cl\/index.php?rest_route=%2Fwp%2Fv2%2Ftags&post=66254"}],"curies":[{"name":"wp","href":"https:\/\/api.w.org\/{rel}","templated":true}]}}