{"id":66251,"date":"2026-04-20T11:02:06","date_gmt":"2026-04-20T14:02:06","guid":{"rendered":"https:\/\/radiorevelacionfm.cl\/?p=66251"},"modified":"2026-04-20T11:02:06","modified_gmt":"2026-04-20T14:02:06","slug":"con-visita-a-servicios-relacionados-a-la-cartera-de-trabajo-y-prevision-social-y-reuniones-en-puerto-aysen-comienza-la-gestion-del-seremi-sebastian-solis-chacano","status":"publish","type":"post","link":"https:\/\/radiorevelacionfm.cl\/?p=66251","title":{"rendered":"Con visita a servicios relacionados a la cartera de Trabajo y Previsi\u00f3n Social y reuniones en Puerto Ays\u00e9n comienza la gesti\u00f3n del Seremi Sebasti\u00e1n Sol\u00eds Chacano"},"content":{"rendered":"<div class=\"flex_column av_one_full  flex_column_div av-zero-column-padding first  avia-builder-el-0  el_before_av_one_full  avia-builder-el-first  \" style='border-radius:0px; '><div  class='avia-image-container  av-styling-    avia-builder-el-1  avia-builder-el-no-sibling  avia-align-center '  itemprop=\"image\" itemscope=\"itemscope\" itemtype=\"https:\/\/schema.org\/ImageObject\"  ><div class='avia-image-container-inner'><div class='avia-image-overlay-wrap'><img decoding=\"async\" class='wp-image-66252 avia-img-lazy-loading-not-66252 avia_image' src=\"https:\/\/radiorevelacionfm.cl\/wp-content\/uploads\/2026\/04\/visita-servicios-y-gestion-terreno_seremitrab_ssolis-1-1_optimized.jpeg\" alt='' title='visita-servicios-y-gestion-terreno_seremitrab_ssolis-(1)-(1)_optimized' height=\"600\" width=\"800\"  itemprop=\"thumbnailUrl\" srcset=\"https:\/\/radiorevelacionfm.cl\/wp-content\/uploads\/2026\/04\/visita-servicios-y-gestion-terreno_seremitrab_ssolis-1-1_optimized.jpeg 800w, https:\/\/radiorevelacionfm.cl\/wp-content\/uploads\/2026\/04\/visita-servicios-y-gestion-terreno_seremitrab_ssolis-1-1_optimized-300x225.jpeg 300w, https:\/\/radiorevelacionfm.cl\/wp-content\/uploads\/2026\/04\/visita-servicios-y-gestion-terreno_seremitrab_ssolis-1-1_optimized-768x576.jpeg 768w, https:\/\/radiorevelacionfm.cl\/wp-content\/uploads\/2026\/04\/visita-servicios-y-gestion-terreno_seremitrab_ssolis-1-1_optimized-705x529.jpeg 705w, https:\/\/radiorevelacionfm.cl\/wp-content\/uploads\/2026\/04\/visita-servicios-y-gestion-terreno_seremitrab_ssolis-1-1_optimized-450x338.jpeg 450w, https:\/\/radiorevelacionfm.cl\/wp-content\/uploads\/2026\/04\/visita-servicios-y-gestion-terreno_seremitrab_ssolis-1-1_optimized-600x450.jpeg 600w\" sizes=\"(max-width: 800px) 100vw, 800px\" \/><\/div><\/div><\/div><\/div><div class=\"flex_column av_one_full  flex_column_div av-zero-column-padding first  avia-builder-el-2  el_after_av_one_full  el_before_av_one_full  column-top-margin\" style='border-radius:0px; '><section class=\"av_textblock_section \"  itemscope=\"itemscope\" itemtype=\"https:\/\/schema.org\/BlogPosting\" itemprop=\"blogPost\" ><div class='avia_textblock  '   itemprop=\"text\" ><p style=\"text-align: center;\"><span style=\"font-size: 18pt;\"><b>Con visita a servicios relacionados a la cartera de Trabajo y Previsi\u00f3n Social y reuniones en Puerto Ays\u00e9n comienza la gesti\u00f3n del Seremi Sebasti\u00e1n Sol\u00eds Chacano<\/b><\/span><\/p>\n<div id=\"gtx-trans\" style=\"position: absolute; left: -50px; top: 4.31534px;\">\n<div class=\"gtx-trans-icon\"><\/div>\n<\/div>\n<\/div><\/section><\/div><div class=\"flex_column av_one_full  flex_column_div av-zero-column-padding first  avia-builder-el-4  el_after_av_one_full  el_before_av_hr  column-top-margin\" style='border-radius:0px; '><section class=\"av_textblock_section \"  itemscope=\"itemscope\" itemtype=\"https:\/\/schema.org\/BlogPosting\" itemprop=\"blogPost\" ><div class='avia_textblock  '   itemprop=\"text\" ><p style=\"font-weight: 400; text-align: justify;\"><em>Reactivaci\u00f3n econ\u00f3mica que impulse el empleo formal, de calidad y con seguridad social son algunos de los focos del Gobierno, centrando la autoridad regional en un trabajo en terreno y di\u00e1logo cercano con trabajadores y empleadores.<\/em><\/p>\n<p style=\"font-weight: 400; text-align: justify;\">Una intensa agenda ha tenido el nuevo Seremi de Trabajo y Previsi\u00f3n Social, Sebasti\u00e1n Sol\u00eds Chacano, desde que asumi\u00f3 como la autoridad del ramo, planteando desde un inicio un foco en el trabajo en terreno, con reuniones con el gabinete sectorial y visita a los servicios relacionados a la cartera para interiorizarse de la labor que se est\u00e1 realizando hasta ahora y c\u00f3mo mejorar ciertas gestiones siguiendo los lineamientos en esta \u00e1rea del Gobierno del Presidente Jos\u00e9 Antonio Kast.<\/p>\n<p style=\"font-weight: 400; text-align: justify;\">\u201cAsumo mi rol como SEREMI del Trabajo y Previsi\u00f3n Social con total responsabilidad. Hemos sido mandatados a realizar un trabajo en terreno, fue por eso que nos reunimos con nuestro gabinete sectorial, que est\u00e1 compuesto por la Direcci\u00f3n del Trabajo; el Servicio de Capacitaci\u00f3n y Empleo, SENCE; el Instituto de Previsi\u00f3n Social, IPS ChileAtiende y el Instituto de Seguridad Laboral, ISL. Tambi\u00e9n nos reunimos con el Observatorio Laboral, quienes manejan los datos tanto econ\u00f3micos como laborales de nuestra regi\u00f3n. Es importante tambi\u00e9n mencionar que nos reunimos con las autoridades de la Provincia de Ays\u00e9n, con el CFT Estatal y con algunas empresas del sector, porque es importante conocer cu\u00e1l es la actividad de la industria de la Provincia de Ays\u00e9n en este minuto. Esta y otras actividades que realizaremos tanto con gremios, sindicatos, la CUT, entre otros, es relevante porque nos da tambi\u00e9n una agenda a desarrollar en los pr\u00f3ximos meses\u201d, afirm\u00f3 Sol\u00eds Chacano.<\/p>\n<p style=\"font-weight: 400; text-align: justify;\">Oriundo de Coyhaique, Sebasti\u00e1n Sol\u00eds es ingeniero comercial y administrador de Empresas de Turismo, posee amplia experiencia en el sector privado y en emprendimiento, fue director del Centro de Desarrollo de Negocios Coyhaique y jefe del \u00e1rea de finanzas de INACAP, adem\u00e1s de desempe\u00f1arse en otros trabajos fuera de la Regi\u00f3n de Ays\u00e9n y del pa\u00eds. Hasta asumir el cargo se desempe\u00f1aba como funcionario de la Divisi\u00f3n de Planificaci\u00f3n y Desarrollo del Gobierno Regional de Ays\u00e9n.<\/p>\n<p style=\"font-weight: 400; text-align: justify;\">Tal como mencion\u00f3 el Ministro de Trabajo y Previsi\u00f3n Social, Tom\u00e1s Rau Binder, habr\u00e1 revisiones a ciertos temas que la cartera ha impulsado, pero no se busca una refundaci\u00f3n, donde se centrar\u00e1 la gesti\u00f3n en la reactivaci\u00f3n econ\u00f3mica y generaci\u00f3n de empleo, dado el momento cr\u00edtico en empleo nacional, donde las cifras de desempleo, seg\u00fan el INE, est\u00e1n sobre el 8% por ya 38 meses consecutivos, siendo las excepciones las regiones de Ays\u00e9n y Los Lagos.<\/p>\n<p style=\"font-weight: 400; text-align: justify;\">Sobre los temas que impulsar\u00e1 la cartera, el Seremi Sebasti\u00e1n Sol\u00eds, destac\u00f3, \u201cComo Seremi del Trabajo y Previsi\u00f3n social, durante estos meses tenemos varios desaf\u00edos. Uno es abordar la ley de las 40 horas, con la cual desde el 26 de abril pasar\u00e1 de 44 a 42 horas de jornada laboral semanal. Tambi\u00e9n est\u00e1 la implementaci\u00f3n de la Reforma de Pensiones, un tema muy importante, junto con las capacitaciones que realiza Sence y la Direcci\u00f3n del Trabajo y adem\u00e1s, por supuesto, el plan de reactivaci\u00f3n y desarrollo econ\u00f3mico. \u00bfPor qu\u00e9 es importante? Porque hay beneficios tributarios, porque hay que reactivar la econom\u00eda, hay que estar ah\u00ed presente con las empresas y con los trabajadores, por lo tanto, las materias que tenemos y los desaf\u00edos que vienen por delante son fundamentales para el desarrollo, tanto de nuestro pa\u00eds como de nuestra regi\u00f3n\u201d, sostuvo.<\/p>\n<p style=\"font-weight: 400; text-align: justify;\">\u201cComo Seremi de Trabajo y Previsi\u00f3n Social, asumo el compromiso de una gesti\u00f3n en terreno, articulando el trabajo con los servicios de la cartera para fortalecer el di\u00e1logo. Ser un puente entre trabajadores, empresas, sindicatos y gremios, promoviendo la reactivaci\u00f3n econ\u00f3mica y la generaci\u00f3n de empleos de calidad con seguridad social, siempre con el prop\u00f3sito de mejorar la calidad de vida de las y los habitantes de la Regi\u00f3n de Ays\u00e9n\u00bb, concluy\u00f3 el Seremi Sebasti\u00e1n Sol\u00eds.<\/p>\n<p style=\"font-weight: 400; text-align: justify;\">En las pr\u00f3ximas semanas, en la agenda de la autoridad est\u00e1 reunirse con sindicatos, CUT y gremios, adem\u00e1s de ministerios relacionados a su labor, incluyendo reuniones con el Ministro Tom\u00e1s Rau y los Subsecretarios Gustavo Rosende de Trabajo y Elisa Cabez\u00f3n de Previsi\u00f3n Social, coordinando ya para este viernes 24 de abril una capacitaci\u00f3n junto a la Direcci\u00f3n del Trabajo y C\u00e1mara de Comercio, Servicios, Industrias y Turismo de Coyhaique, sobre la ley de 40 horas y los avances en su implementaci\u00f3n.<\/p>\n<\/div><\/section><\/div><div  style='height:50px' class='hr hr-invisible   avia-builder-el-6  el_after_av_one_full  el_before_av_social_share '><span class='hr-inner ' ><span class='hr-inner-style'><\/span><\/span><\/div><\/p>\n<div  class='av-social-sharing-box  avia-builder-el-7  el_after_av_hr  el_before_av_hr  '><div class='av-share-box'><h5 class='av-share-link-description av-no-toc '>Compartir esta noticia<\/h5><ul class='av-share-box-list noLightbox'><li class='av-share-link av-social-link-facebook' ><a target=\"_blank\" aria-label=\"Compartir en Facebook\" href='https:\/\/www.facebook.com\/sharer.php?u=https:\/\/radiorevelacionfm.cl\/?p=66251&#038;t=Con%20visita%20a%20servicios%20relacionados%20a%20la%20cartera%20de%20Trabajo%20y%20Previsi%C3%B3n%20Social%20y%20reuniones%20en%20Puerto%20Ays%C3%A9n%20comienza%20la%20gesti%C3%B3n%20del%20Seremi%20Sebasti%C3%A1n%20Sol%C3%ADs%20Chacano' aria-hidden='false' data-av_icon='\ue8f3' data-av_iconfont='entypo-fontello' title='' data-avia-related-tooltip='Compartir en Facebook' rel=\"noopener\"><span class='avia_hidden_link_text'>Compartir en Facebook<\/span><\/a><\/li><li class='av-share-link av-social-link-twitter' ><a target=\"_blank\" aria-label=\"Compartir en Twitter\" href='https:\/\/twitter.com\/share?text=Con%20visita%20a%20servicios%20relacionados%20a%20la%20cartera%20de%20Trabajo%20y%20Previsi%C3%B3n%20Social%20y%20reuniones%20en%20Puerto%20Ays%C3%A9n%20comienza%20la%20gesti%C3%B3n%20del%20Seremi%20Sebasti%C3%A1n%20Sol%C3%ADs%20Chacano&#038;url=https:\/\/radiorevelacionfm.cl\/?p=66251' aria-hidden='false' data-av_icon='\ue8f1' data-av_iconfont='entypo-fontello' title='' data-avia-related-tooltip='Compartir en Twitter' rel=\"noopener\"><span class='avia_hidden_link_text'>Compartir en Twitter<\/span><\/a><\/li><li class='av-share-link av-social-link-whatsapp' ><a target=\"_blank\" aria-label=\"Compartir en Whatsapp\" href='https:\/\/api.whatsapp.com\/send?text=https:\/\/radiorevelacionfm.cl\/?p=66251' aria-hidden='false' data-av_icon='\uf232' data-av_iconfont='entypo-fontello' title='' data-avia-related-tooltip='Compartir en Whatsapp' rel=\"noopener\"><span class='avia_hidden_link_text'>Compartir en Whatsapp<\/span><\/a><\/li><li class='av-share-link av-social-link-linkedin' ><a target=\"_blank\" aria-label=\"Compartir en LinkedIn\" href='https:\/\/linkedin.com\/shareArticle?mini=true&#038;title=Con%20visita%20a%20servicios%20relacionados%20a%20la%20cartera%20de%20Trabajo%20y%20Previsi%C3%B3n%20Social%20y%20reuniones%20en%20Puerto%20Ays%C3%A9n%20comienza%20la%20gesti%C3%B3n%20del%20Seremi%20Sebasti%C3%A1n%20Sol%C3%ADs%20Chacano&#038;url=https:\/\/radiorevelacionfm.cl\/?p=66251' aria-hidden='false' data-av_icon='\ue8fc' data-av_iconfont='entypo-fontello' title='' data-avia-related-tooltip='Compartir en LinkedIn' rel=\"noopener\"><span class='avia_hidden_link_text'>Compartir en LinkedIn<\/span><\/a><\/li><li class='av-share-link av-social-link-mail' ><a  aria-label=\"Compartir por correo\" href='mailto:?subject=Con%20visita%20a%20servicios%20relacionados%20a%20la%20cartera%20de%20Trabajo%20y%20Previsi%C3%B3n%20Social%20y%20reuniones%20en%20Puerto%20Ays%C3%A9n%20comienza%20la%20gesti%C3%B3n%20del%20Seremi%20Sebasti%C3%A1n%20Sol%C3%ADs%20Chacano&#038;body=https:\/\/radiorevelacionfm.cl\/?p=66251' aria-hidden='false' data-av_icon='\ue805' data-av_iconfont='entypo-fontello' title='' data-avia-related-tooltip='Compartir por correo'><span class='avia_hidden_link_text'>Compartir por correo<\/span><\/a><\/li><\/ul><\/div><\/div>\n<div  style='height:50px' class='hr hr-invisible   avia-builder-el-8  el_after_av_social_share  el_before_av_comments_list '><span class='hr-inner ' ><span class='hr-inner-style'><\/span><\/span><\/div>\n<div  class='av-buildercomment  av-blog-meta-html-info-disabled av-blog-meta-tag-disabled  '><\/div>\n","protected":false},"excerpt":{"rendered":"","protected":false},"author":1,"featured_media":66252,"comment_status":"closed","ping_status":"closed","sticky":false,"template":"","format":"standard","meta":{"footnotes":""},"categories":[56],"tags":[],"class_list":["post-66251","post","type-post","status-publish","format-standard","has-post-thumbnail","hentry","category-trabajo"],"jetpack_featured_media_url":"https:\/\/radiorevelacionfm.cl\/wp-content\/uploads\/2026\/04\/visita-servicios-y-gestion-terreno_seremitrab_ssolis-1-1_optimized.jpeg","_links":{"self":[{"href":"https:\/\/radiorevelacionfm.cl\/index.php?rest_route=\/wp\/v2\/posts\/66251","targetHints":{"allow":["GET"]}}],"collection":[{"href":"https:\/\/radiorevelacionfm.cl\/index.php?rest_route=\/wp\/v2\/posts"}],"about":[{"href":"https:\/\/radiorevelacionfm.cl\/index.php?rest_route=\/wp\/v2\/types\/post"}],"author":[{"embeddable":true,"href":"https:\/\/radiorevelacionfm.cl\/index.php?rest_route=\/wp\/v2\/users\/1"}],"replies":[{"embeddable":true,"href":"https:\/\/radiorevelacionfm.cl\/index.php?rest_route=%2Fwp%2Fv2%2Fcomments&post=66251"}],"version-history":[{"count":2,"href":"https:\/\/radiorevelacionfm.cl\/index.php?rest_route=\/wp\/v2\/posts\/66251\/revisions"}],"predecessor-version":[{"id":66271,"href":"https:\/\/radiorevelacionfm.cl\/index.php?rest_route=\/wp\/v2\/posts\/66251\/revisions\/66271"}],"wp:featuredmedia":[{"embeddable":true,"href":"https:\/\/radiorevelacionfm.cl\/index.php?rest_route=\/wp\/v2\/media\/66252"}],"wp:attachment":[{"href":"https:\/\/radiorevelacionfm.cl\/index.php?rest_route=%2Fwp%2Fv2%2Fmedia&parent=66251"}],"wp:term":[{"taxonomy":"category","embeddable":true,"href":"https:\/\/radiorevelacionfm.cl\/index.php?rest_route=%2Fwp%2Fv2%2Fcategories&post=66251"},{"taxonomy":"post_tag","embeddable":true,"href":"https:\/\/radiorevelacionfm.cl\/index.php?rest_route=%2Fwp%2Fv2%2Ftags&post=66251"}],"curies":[{"name":"wp","href":"https:\/\/api.w.org\/{rel}","templated":true}]}}