{"id":66247,"date":"2026-04-19T16:24:18","date_gmt":"2026-04-19T19:24:18","guid":{"rendered":"https:\/\/radiorevelacionfm.cl\/?p=66247"},"modified":"2026-04-19T16:26:40","modified_gmt":"2026-04-19T19:26:40","slug":"equipo-de-kinesiologia-del-hospital-regional-coyhaique-avanza-en-el-tratamiento-integral-de-pacientes-en-neurorrehabilitacion","status":"publish","type":"post","link":"https:\/\/radiorevelacionfm.cl\/?p=66247","title":{"rendered":"Equipo de Kinesiolog\u00eda del Hospital Regional Coyhaique avanza en el tratamiento integral de pacientes en neurorrehabilitaci\u00f3n"},"content":{"rendered":"<div class=\"flex_column av_one_full  flex_column_div av-zero-column-padding first  avia-builder-el-0  el_before_av_one_full  avia-builder-el-first  \" style='border-radius:0px; '><div  class='avia-image-container  av-styling-    avia-builder-el-1  avia-builder-el-no-sibling  avia-align-center '  itemprop=\"image\" itemscope=\"itemscope\" itemtype=\"https:\/\/schema.org\/ImageObject\"  ><div class='avia-image-container-inner'><div class='avia-image-overlay-wrap'><img decoding=\"async\" class='wp-image-66248 avia-img-lazy-loading-not-66248 avia_image' src=\"https:\/\/radiorevelacionfm.cl\/wp-content\/uploads\/2026\/04\/neurorehabilitacion-2-1_optimized.jpg\" alt='' title='neurorehabilitaci\u00f3n-2-(1)_optimized' height=\"600\" width=\"900\"  itemprop=\"thumbnailUrl\" srcset=\"https:\/\/radiorevelacionfm.cl\/wp-content\/uploads\/2026\/04\/neurorehabilitacion-2-1_optimized.jpg 900w, https:\/\/radiorevelacionfm.cl\/wp-content\/uploads\/2026\/04\/neurorehabilitacion-2-1_optimized-300x200.jpg 300w, https:\/\/radiorevelacionfm.cl\/wp-content\/uploads\/2026\/04\/neurorehabilitacion-2-1_optimized-768x512.jpg 768w, https:\/\/radiorevelacionfm.cl\/wp-content\/uploads\/2026\/04\/neurorehabilitacion-2-1_optimized-705x470.jpg 705w, https:\/\/radiorevelacionfm.cl\/wp-content\/uploads\/2026\/04\/neurorehabilitacion-2-1_optimized-450x300.jpg 450w, https:\/\/radiorevelacionfm.cl\/wp-content\/uploads\/2026\/04\/neurorehabilitacion-2-1_optimized-600x400.jpg 600w\" sizes=\"(max-width: 900px) 100vw, 900px\" \/><\/div><\/div><\/div><\/div><div class=\"flex_column av_one_full  flex_column_div av-zero-column-padding first  avia-builder-el-2  el_after_av_one_full  el_before_av_one_full  column-top-margin\" style='border-radius:0px; '><section class=\"av_textblock_section \"  itemscope=\"itemscope\" itemtype=\"https:\/\/schema.org\/BlogPosting\" itemprop=\"blogPost\" ><div class='avia_textblock  '   itemprop=\"text\" ><p style=\"text-align: center;\"><strong><span style=\"font-size: 18pt;\">Equipo de Kinesiolog\u00eda del Hospital Regional Coyhaique avanza en el tratamiento integral de pacientes en neurorrehabilitaci\u00f3n<\/span><\/strong><\/p>\n<div id=\"gtx-trans\" style=\"position: absolute; left: -50px; top: 4.31534px;\">\n<div class=\"gtx-trans-icon\"><\/div>\n<\/div>\n<\/div><\/section><\/div><div class=\"flex_column av_one_full  flex_column_div av-zero-column-padding first  avia-builder-el-4  el_after_av_one_full  el_before_av_hr  column-top-margin\" style='border-radius:0px; '><section class=\"av_textblock_section \"  itemscope=\"itemscope\" itemtype=\"https:\/\/schema.org\/BlogPosting\" itemprop=\"blogPost\" ><div class='avia_textblock  '   itemprop=\"text\" ><p>En el verano del a\u00f1o 2025, \u00c1lex Barrientos sufri\u00f3 un grave accidente automovil\u00edstico que lo mantuvo cerca de un mes en coma en la Unidad de Cuidados Intensivos (UCI) del Hospital Regional Coyhaique, sumado a un largo proceso de hospitalizaci\u00f3n.<\/p>\n<p style=\"text-align: justify;\">El joven, de 23 a\u00f1os, qued\u00f3 con una alta dependencia funcional que implic\u00f3 una serie de cambios en su vida, tanto para \u00e9l como su familia, incluyendo adecuar los espacios de su hogar y ser cuidado por su madre 24\/7. Fue en este contexto donde ingres\u00f3 a la Unidad de Kinesiolog\u00eda, iniciando un proceso de neurorrehabilitaci\u00f3n que ya lleva 9 meses, evidenciando importantes avances.<\/p>\n<p style=\"text-align: justify;\">Desde el equipo profesional -liderado por kinesi\u00f3loga y terapeuta ocupacional- explican que, en casos como el de \u00c1lex, el proceso implica m\u00faltiples desaf\u00edos. Al ingreso, el paciente presentaba una alta dependencia funcional, dificultades para mantener el control postural, necesidad de asistencia en todos los cambios de posici\u00f3n, adem\u00e1s de dolor cervical y rigidez asociada a su condici\u00f3n. A partir de all\u00ed, se establecieron objetivos progresivos, equilibrando las expectativas del paciente con las metas terap\u00e9uticas del equipo.<\/p>\n<p style=\"text-align: justify;\">\u201cMe hab\u00edan dicho que \u00e9l ni siquiera se iba a poder parar, entonces es un cambio tremendo desde que me lo dijeron hasta ahora. Porque \u00e9l se para, da pasos, lo hago caminar en casa con el burrito. Hay que ayudarlo bastante porque no se sujeta por s\u00ed solo, pero s\u00ed, ya se puede parar y puede dar pasos, todo con ayuda\u201d, cuenta Natalia Pradines, mam\u00e1 de \u00c1lex.<\/p>\n<p style=\"text-align: justify;\">Es as\u00ed como en el \u00faltimo a\u00f1o, tanto la vida de \u00c1lex como la de su madre ha girado en torno a su rehabilitaci\u00f3n, no s\u00f3lo recibiendo un tratamiento cl\u00ednico, sino tambi\u00e9n contando con el acompa\u00f1amiento del \u00e1rea social del HRC, quienes le facilitaron un catre cl\u00ednico durante los primeros meses tras el alta a su domicilio. Por su parte, en agradecimiento la familia de \u00c1lex don\u00f3 una silla neurol\u00f3gica al Hospital Regional, usada tambi\u00e9n en su primera etapa de recuperaci\u00f3n, creando un c\u00edrculo virtuoso de cooperaci\u00f3n que sin duda beneficiar\u00e1 a m\u00e1s personas.<\/p>\n<p style=\"text-align: justify;\">\u201cNos han ayudado harto, bastante. Como lleg\u00f3 ac\u00e1 y c\u00f3mo est\u00e1 ahora, ha cambiado un mont\u00f3n, le han ayudado much\u00edsimo\u201d, agrega Natalia Pradines.<\/p>\n<p style=\"text-align: justify;\">En ese sentido, la labor articulada entre kinesiolog\u00eda y terapia ocupacional ha permitido consolidar un modelo de atenci\u00f3n continuo e interdisciplinario, donde la rehabilitaci\u00f3n se entiende como un proceso din\u00e1mico que integra dimensiones f\u00edsicas, cognitivas y emocionales. A trav\u00e9s de una atenci\u00f3n integral y personalizada, el equipo acompa\u00f1a a usuarios que han enfrentado diversas condiciones neurol\u00f3gicas, como accidentes cerebrovasculares y traumatismos, promoviendo su recuperaci\u00f3n y la mayor independencia funcional posible.<\/p>\n<p style=\"text-align: justify;\">\u201cHay que buscar un equilibrio entre los objetivos que nosotros quer\u00edamos como profesionales y los objetivos que quieren personalmente. En el caso de \u00c1lex, durante la primera de sesi\u00f3n ingres\u00f3 en silla de ruedas neurol\u00f3gica. No lograba mantenerse sentado sin respaldo, todos los cambios de posici\u00f3n ten\u00edan que ser con asistencia, para estar sentado, acostado y para los giros. \u00c9l ten\u00eda mucho dolor a nivel cervical y adem\u00e1s presentaba una rigidez que es propia de la patolog\u00eda\u201d, relata la terapeuta ocupacional Karla Paillaleve.<\/p>\n<p style=\"text-align: justify;\">En tanto, desde la kinesiolog\u00eda, el trabajo se orienta a potenciar la funcionalidad f\u00edsica mediante intervenciones progresivas y adaptadas a cada persona. As\u00ed lo explica la kinesi\u00f3loga Jimena del R\u00edo: \u201cA veces es dif\u00edcil congeniar los objetivos que tenemos como equipo con la ilusi\u00f3n que tienen los pacientes de recuperar completamente su funci\u00f3n. Con el paso de las semanas y meses, ellos mismos van comprendiendo que este es un proceso largo. En algunos casos se logran alcanzar esos objetivos, pero en otros no, y eso tambi\u00e9n forma parte del proceso. Siempre buscamos lograr la mayor independencia funcional posible dentro de las capacidades de cada persona\u201d.<\/p>\n<p style=\"text-align: justify;\">En ese sentido, las profesionales destacan el rol fundamental del entorno familiar y la importancia de trabajar con actividades significativas para cada paciente, ya que con esto se logra estimular el cerebro para que vuelva a \u201creaprender\u201d movimientos que, como en el caso de \u00c1lex, se han perdido tras el accidente, y donde acciones tan sencillas como volver a hacerle cari\u00f1o a su perro, se han vuelto un verdadero desaf\u00edo terap\u00e9utico.<\/p>\n<p style=\"text-align: justify;\">\u201cAdem\u00e1s de venir a las sesiones de neurorrehabilitaci\u00f3n, es de suma importancia la contenci\u00f3n familiar, la red de apoyo que el usuario pueda tener, para que puedan seguir ejecutando algunos ejercicios y actividades que estamos realizando en las mismas sesiones, replic\u00e1ndolas en el hogar. Sin este apoyo es dif\u00edcil lograr ciertos objetivos. En cambio, cuando la familia est\u00e1 presente, cuando hay red de apoyo, el usuario logra avanzar m\u00e1s r\u00e1pido\u201d.<\/p>\n<p style=\"text-align: justify;\">El trabajo diario contribuye a la recuperaci\u00f3n funcional de los pacientes y entrega contenci\u00f3n, esperanza y herramientas concretas para enfrentar un proceso que, muchas veces, implica reaprender a vivir.<\/p>\n<\/div><\/section><\/div><div  style='height:50px' class='hr hr-invisible   avia-builder-el-6  el_after_av_one_full  el_before_av_social_share '><span class='hr-inner ' ><span class='hr-inner-style'><\/span><\/span><\/div><\/p>\n<div  class='av-social-sharing-box  avia-builder-el-7  el_after_av_hr  el_before_av_hr  '><div class='av-share-box'><h5 class='av-share-link-description av-no-toc '>Compartir esta noticia<\/h5><ul class='av-share-box-list noLightbox'><li class='av-share-link av-social-link-facebook' ><a target=\"_blank\" aria-label=\"Compartir en Facebook\" href='https:\/\/www.facebook.com\/sharer.php?u=https:\/\/radiorevelacionfm.cl\/?p=66247&#038;t=Equipo%20de%20Kinesiolog%C3%ADa%20del%20Hospital%20Regional%20Coyhaique%20avanza%20en%20el%20tratamiento%20integral%20de%20pacientes%20en%20neurorrehabilitaci%C3%B3n' aria-hidden='false' data-av_icon='\ue8f3' data-av_iconfont='entypo-fontello' title='' data-avia-related-tooltip='Compartir en Facebook' rel=\"noopener\"><span class='avia_hidden_link_text'>Compartir en Facebook<\/span><\/a><\/li><li class='av-share-link av-social-link-twitter' ><a target=\"_blank\" aria-label=\"Compartir en Twitter\" href='https:\/\/twitter.com\/share?text=Equipo%20de%20Kinesiolog%C3%ADa%20del%20Hospital%20Regional%20Coyhaique%20avanza%20en%20el%20tratamiento%20integral%20de%20pacientes%20en%20neurorrehabilitaci%C3%B3n&#038;url=https:\/\/radiorevelacionfm.cl\/?p=66247' aria-hidden='false' data-av_icon='\ue8f1' data-av_iconfont='entypo-fontello' title='' data-avia-related-tooltip='Compartir en Twitter' rel=\"noopener\"><span class='avia_hidden_link_text'>Compartir en Twitter<\/span><\/a><\/li><li class='av-share-link av-social-link-whatsapp' ><a target=\"_blank\" aria-label=\"Compartir en Whatsapp\" href='https:\/\/api.whatsapp.com\/send?text=https:\/\/radiorevelacionfm.cl\/?p=66247' aria-hidden='false' data-av_icon='\uf232' data-av_iconfont='entypo-fontello' title='' data-avia-related-tooltip='Compartir en Whatsapp' rel=\"noopener\"><span class='avia_hidden_link_text'>Compartir en Whatsapp<\/span><\/a><\/li><li class='av-share-link av-social-link-linkedin' ><a target=\"_blank\" aria-label=\"Compartir en LinkedIn\" href='https:\/\/linkedin.com\/shareArticle?mini=true&#038;title=Equipo%20de%20Kinesiolog%C3%ADa%20del%20Hospital%20Regional%20Coyhaique%20avanza%20en%20el%20tratamiento%20integral%20de%20pacientes%20en%20neurorrehabilitaci%C3%B3n&#038;url=https:\/\/radiorevelacionfm.cl\/?p=66247' aria-hidden='false' data-av_icon='\ue8fc' data-av_iconfont='entypo-fontello' title='' data-avia-related-tooltip='Compartir en LinkedIn' rel=\"noopener\"><span class='avia_hidden_link_text'>Compartir en LinkedIn<\/span><\/a><\/li><li class='av-share-link av-social-link-mail' ><a  aria-label=\"Compartir por correo\" href='mailto:?subject=Equipo%20de%20Kinesiolog%C3%ADa%20del%20Hospital%20Regional%20Coyhaique%20avanza%20en%20el%20tratamiento%20integral%20de%20pacientes%20en%20neurorrehabilitaci%C3%B3n&#038;body=https:\/\/radiorevelacionfm.cl\/?p=66247' aria-hidden='false' data-av_icon='\ue805' data-av_iconfont='entypo-fontello' title='' data-avia-related-tooltip='Compartir por correo'><span class='avia_hidden_link_text'>Compartir por correo<\/span><\/a><\/li><\/ul><\/div><\/div>\n<div  style='height:50px' class='hr hr-invisible   avia-builder-el-8  el_after_av_social_share  el_before_av_comments_list '><span class='hr-inner ' ><span class='hr-inner-style'><\/span><\/span><\/div>\n<div  class='av-buildercomment  av-blog-meta-html-info-disabled av-blog-meta-tag-disabled  '><\/div>\n","protected":false},"excerpt":{"rendered":"","protected":false},"author":1,"featured_media":66248,"comment_status":"closed","ping_status":"closed","sticky":false,"template":"","format":"standard","meta":{"footnotes":""},"categories":[46],"tags":[],"class_list":["post-66247","post","type-post","status-publish","format-standard","has-post-thumbnail","hentry","category-salud"],"jetpack_featured_media_url":"https:\/\/radiorevelacionfm.cl\/wp-content\/uploads\/2026\/04\/neurorehabilitacion-2-1_optimized.jpg","_links":{"self":[{"href":"https:\/\/radiorevelacionfm.cl\/index.php?rest_route=\/wp\/v2\/posts\/66247","targetHints":{"allow":["GET"]}}],"collection":[{"href":"https:\/\/radiorevelacionfm.cl\/index.php?rest_route=\/wp\/v2\/posts"}],"about":[{"href":"https:\/\/radiorevelacionfm.cl\/index.php?rest_route=\/wp\/v2\/types\/post"}],"author":[{"embeddable":true,"href":"https:\/\/radiorevelacionfm.cl\/index.php?rest_route=\/wp\/v2\/users\/1"}],"replies":[{"embeddable":true,"href":"https:\/\/radiorevelacionfm.cl\/index.php?rest_route=%2Fwp%2Fv2%2Fcomments&post=66247"}],"version-history":[{"count":2,"href":"https:\/\/radiorevelacionfm.cl\/index.php?rest_route=\/wp\/v2\/posts\/66247\/revisions"}],"predecessor-version":[{"id":66250,"href":"https:\/\/radiorevelacionfm.cl\/index.php?rest_route=\/wp\/v2\/posts\/66247\/revisions\/66250"}],"wp:featuredmedia":[{"embeddable":true,"href":"https:\/\/radiorevelacionfm.cl\/index.php?rest_route=\/wp\/v2\/media\/66248"}],"wp:attachment":[{"href":"https:\/\/radiorevelacionfm.cl\/index.php?rest_route=%2Fwp%2Fv2%2Fmedia&parent=66247"}],"wp:term":[{"taxonomy":"category","embeddable":true,"href":"https:\/\/radiorevelacionfm.cl\/index.php?rest_route=%2Fwp%2Fv2%2Fcategories&post=66247"},{"taxonomy":"post_tag","embeddable":true,"href":"https:\/\/radiorevelacionfm.cl\/index.php?rest_route=%2Fwp%2Fv2%2Ftags&post=66247"}],"curies":[{"name":"wp","href":"https:\/\/api.w.org\/{rel}","templated":true}]}}