{"id":66243,"date":"2026-04-19T16:08:12","date_gmt":"2026-04-19T19:08:12","guid":{"rendered":"https:\/\/radiorevelacionfm.cl\/?p=66243"},"modified":"2026-04-19T16:08:12","modified_gmt":"2026-04-19T19:08:12","slug":"operativo-en-comuna-de-aysen-supera-las-200-esterilizaciones-de-animales-de-compania","status":"publish","type":"post","link":"https:\/\/radiorevelacionfm.cl\/?p=66243","title":{"rendered":"Operativo en comuna de Ays\u00e9n supera las 200 esterilizaciones de animales de compa\u00f1\u00eda"},"content":{"rendered":"<div class=\"flex_column av_one_full  flex_column_div av-zero-column-padding first  avia-builder-el-0  el_before_av_one_full  avia-builder-el-first  \" style='border-radius:0px; '><div  class='avia-image-container  av-styling-    avia-builder-el-1  avia-builder-el-no-sibling  avia-align-center '  itemprop=\"image\" itemscope=\"itemscope\" itemtype=\"https:\/\/schema.org\/ImageObject\"  ><div class='avia-image-container-inner'><div class='avia-image-overlay-wrap'><img decoding=\"async\" class='wp-image-66244 avia-img-lazy-loading-not-66244 avia_image' src=\"https:\/\/radiorevelacionfm.cl\/wp-content\/uploads\/2026\/04\/operativo-en-los-torreones-1_optimized-1.jpg\" alt='' title='operativo-en-los-torreones-(1)_optimized (1)' height=\"600\" width=\"900\"  itemprop=\"thumbnailUrl\" srcset=\"https:\/\/radiorevelacionfm.cl\/wp-content\/uploads\/2026\/04\/operativo-en-los-torreones-1_optimized-1.jpg 900w, https:\/\/radiorevelacionfm.cl\/wp-content\/uploads\/2026\/04\/operativo-en-los-torreones-1_optimized-1-300x200.jpg 300w, https:\/\/radiorevelacionfm.cl\/wp-content\/uploads\/2026\/04\/operativo-en-los-torreones-1_optimized-1-768x512.jpg 768w, https:\/\/radiorevelacionfm.cl\/wp-content\/uploads\/2026\/04\/operativo-en-los-torreones-1_optimized-1-705x470.jpg 705w, https:\/\/radiorevelacionfm.cl\/wp-content\/uploads\/2026\/04\/operativo-en-los-torreones-1_optimized-1-450x300.jpg 450w, https:\/\/radiorevelacionfm.cl\/wp-content\/uploads\/2026\/04\/operativo-en-los-torreones-1_optimized-1-600x400.jpg 600w\" sizes=\"(max-width: 900px) 100vw, 900px\" \/><\/div><\/div><\/div><\/div><div class=\"flex_column av_one_full  flex_column_div av-zero-column-padding first  avia-builder-el-2  el_after_av_one_full  el_before_av_one_full  column-top-margin\" style='border-radius:0px; '><section class=\"av_textblock_section \"  itemscope=\"itemscope\" itemtype=\"https:\/\/schema.org\/BlogPosting\" itemprop=\"blogPost\" ><div class='avia_textblock  '   itemprop=\"text\" ><p style=\"text-align: center;\"><strong><span style=\"font-size: 18pt;\">Operativo en comuna de Ays\u00e9n supera las 200 esterilizaciones de animales de compa\u00f1\u00eda <\/span><\/strong><\/p>\n<div id=\"gtx-trans\" style=\"position: absolute; left: -50px; top: 4.31534px;\">\n<div class=\"gtx-trans-icon\"><\/div>\n<\/div>\n<\/div><\/section><\/div><div class=\"flex_column av_one_full  flex_column_div av-zero-column-padding first  avia-builder-el-4  el_after_av_one_full  el_before_av_hr  column-top-margin\" style='border-radius:0px; '><section class=\"av_textblock_section \"  itemscope=\"itemscope\" itemtype=\"https:\/\/schema.org\/BlogPosting\" itemprop=\"blogPost\" ><div class='avia_textblock  '   itemprop=\"text\" ><p style=\"text-align: justify;\">M\u00e1s de 200 intervenciones de esterilizaci\u00f3n a perros y gatos ha realizado la Municipalidad de Ays\u00e9n en el marco de los operativos impulsados por el Programa de Tenencia Responsable de Animales de Compa\u00f1\u00eda (PRLAC), iniciativa que busca controlar la poblaci\u00f3n animal y promover el bienestar de las mascotas en la comuna.<\/p>\n<p style=\"text-align: justify;\">Durante los meses de febrero, marzo y abril, el equipo municipal ha desplegado operativos en distintas localidades, incluyendo Villa Los Torreones, Islas Huichas, Villa Ma\u00f1ihuales y Puerto Chacabuco, alcanzando a la fecha un total de <strong>202 esterilizaciones<\/strong>, lo que representa cerca de la mitad de la meta proyectada de 415 intervenciones para este periodo.<\/p>\n<p style=\"text-align: justify;\">El proceso continuar\u00e1 el pr\u00f3ximo fin de semana, los d\u00edas 25 y 26 de abril, en Puerto Ays\u00e9n, con el objetivo de avanzar hacia el cumplimiento total del programa en m\u00e1s operativos durante el mes de mayo.<\/p>\n<p style=\"text-align: justify;\">Desde el municipio destacaron la alta participaci\u00f3n y compromiso de la comunidad, se\u00f1alando que los cupos disponibles se completaron r\u00e1pidamente, generando incluso listas de espera que se espera abordar en futuros operativos.<\/p>\n<p style=\"text-align: justify;\">La esterilizaci\u00f3n es una medida fundamental para el control reproductivo de las mascotas, ya que contribuye a prevenir el abandono de camadas de animales. Adem\u00e1s, mejora la calidad de vida de los animales: en el caso de las hembras, evita ciclos reproductivos y gestaciones; mientras que en los machos reduce conductas como peleas, deambulaci\u00f3n en busca de hembras en celo y el riesgo de accidentes o agresiones.<\/p>\n<p style=\"text-align: justify;\">Desde el programa tambi\u00e9n informaron que, hasta ahora, no se han registrado complicaciones postoperatorias relevantes, salvo en casos donde no se han seguido adecuadamente las indicaciones m\u00e9dicas. Por ello, recalcaron la importancia de que los tutores cumplan con los cuidados posteriores a la cirug\u00eda y consideren que estas intervenciones est\u00e1n dirigidas a animales desde los 4 meses de edad.<\/p>\n<p style=\"text-align: justify;\">La m\u00e9dica veterinaria municipal, Ang\u00e9lica Hidalgo, valor\u00f3 el compromiso de la comunidad, \u201cqueremos agradecer a los tutores por la preocupaci\u00f3n en realizar el control reproductivo de sus mascotas. Este tipo de acciones es una responsabilidad compartida, y el municipio, a trav\u00e9s de financiamiento externo, busca apoyar a la comunidad en este proceso. La esterilizaci\u00f3n es una forma concreta de resguardar la salud y bienestar de nuestros animales\u201d.<\/p>\n<p style=\"text-align: justify;\">En cuanto a los pr\u00f3ximos operativos en Puerto Ays\u00e9n, se inform\u00f3 que se dar\u00e1 prioridad a hembras, tanto caninas como felinas, debido a que son las que generan camadas, lo que incide directamente en el aumento de la poblaci\u00f3n animal y en los casos de abandono.<\/p>\n<p style=\"text-align: justify;\">Con estas acciones, la Municipalidad de Ays\u00e9n reafirma su compromiso con la tenencia responsable, promoviendo el cuidado, la protecci\u00f3n y el bienestar de los animales de compa\u00f1\u00eda en toda la comuna.<\/p>\n<\/div><\/section><\/div><div  style='height:50px' class='hr hr-invisible   avia-builder-el-6  el_after_av_one_full  el_before_av_social_share '><span class='hr-inner ' ><span class='hr-inner-style'><\/span><\/span><\/div><\/p>\n<div  class='av-social-sharing-box  avia-builder-el-7  el_after_av_hr  el_before_av_hr  '><div class='av-share-box'><h5 class='av-share-link-description av-no-toc '>Compartir esta noticia<\/h5><ul class='av-share-box-list noLightbox'><li class='av-share-link av-social-link-facebook' ><a target=\"_blank\" aria-label=\"Compartir en Facebook\" href='https:\/\/www.facebook.com\/sharer.php?u=https:\/\/radiorevelacionfm.cl\/?p=66243&#038;t=Operativo%20en%20comuna%20de%20Ays%C3%A9n%20supera%20las%20200%20esterilizaciones%20de%20animales%20de%20compa%C3%B1%C3%ADa' aria-hidden='false' data-av_icon='\ue8f3' data-av_iconfont='entypo-fontello' title='' data-avia-related-tooltip='Compartir en Facebook' rel=\"noopener\"><span class='avia_hidden_link_text'>Compartir en Facebook<\/span><\/a><\/li><li class='av-share-link av-social-link-twitter' ><a target=\"_blank\" aria-label=\"Compartir en Twitter\" href='https:\/\/twitter.com\/share?text=Operativo%20en%20comuna%20de%20Ays%C3%A9n%20supera%20las%20200%20esterilizaciones%20de%20animales%20de%20compa%C3%B1%C3%ADa&#038;url=https:\/\/radiorevelacionfm.cl\/?p=66243' aria-hidden='false' data-av_icon='\ue8f1' data-av_iconfont='entypo-fontello' title='' data-avia-related-tooltip='Compartir en Twitter' rel=\"noopener\"><span class='avia_hidden_link_text'>Compartir en Twitter<\/span><\/a><\/li><li class='av-share-link av-social-link-whatsapp' ><a target=\"_blank\" aria-label=\"Compartir en Whatsapp\" href='https:\/\/api.whatsapp.com\/send?text=https:\/\/radiorevelacionfm.cl\/?p=66243' aria-hidden='false' data-av_icon='\uf232' data-av_iconfont='entypo-fontello' title='' data-avia-related-tooltip='Compartir en Whatsapp' rel=\"noopener\"><span class='avia_hidden_link_text'>Compartir en Whatsapp<\/span><\/a><\/li><li class='av-share-link av-social-link-linkedin' ><a target=\"_blank\" aria-label=\"Compartir en LinkedIn\" href='https:\/\/linkedin.com\/shareArticle?mini=true&#038;title=Operativo%20en%20comuna%20de%20Ays%C3%A9n%20supera%20las%20200%20esterilizaciones%20de%20animales%20de%20compa%C3%B1%C3%ADa&#038;url=https:\/\/radiorevelacionfm.cl\/?p=66243' aria-hidden='false' data-av_icon='\ue8fc' data-av_iconfont='entypo-fontello' title='' data-avia-related-tooltip='Compartir en LinkedIn' rel=\"noopener\"><span class='avia_hidden_link_text'>Compartir en LinkedIn<\/span><\/a><\/li><li class='av-share-link av-social-link-mail' ><a  aria-label=\"Compartir por correo\" href='mailto:?subject=Operativo%20en%20comuna%20de%20Ays%C3%A9n%20supera%20las%20200%20esterilizaciones%20de%20animales%20de%20compa%C3%B1%C3%ADa&#038;body=https:\/\/radiorevelacionfm.cl\/?p=66243' aria-hidden='false' data-av_icon='\ue805' data-av_iconfont='entypo-fontello' title='' data-avia-related-tooltip='Compartir por correo'><span class='avia_hidden_link_text'>Compartir por correo<\/span><\/a><\/li><\/ul><\/div><\/div>\n<div  style='height:50px' class='hr hr-invisible   avia-builder-el-8  el_after_av_social_share  el_before_av_comments_list '><span class='hr-inner ' ><span class='hr-inner-style'><\/span><\/span><\/div>\n<div  class='av-buildercomment  av-blog-meta-html-info-disabled av-blog-meta-tag-disabled  '><\/div>\n","protected":false},"excerpt":{"rendered":"","protected":false},"author":1,"featured_media":66244,"comment_status":"closed","ping_status":"closed","sticky":false,"template":"","format":"standard","meta":{"footnotes":""},"categories":[38],"tags":[],"class_list":["post-66243","post","type-post","status-publish","format-standard","has-post-thumbnail","hentry","category-regional"],"jetpack_featured_media_url":"https:\/\/radiorevelacionfm.cl\/wp-content\/uploads\/2026\/04\/operativo-en-los-torreones-1_optimized-1.jpg","_links":{"self":[{"href":"https:\/\/radiorevelacionfm.cl\/index.php?rest_route=\/wp\/v2\/posts\/66243","targetHints":{"allow":["GET"]}}],"collection":[{"href":"https:\/\/radiorevelacionfm.cl\/index.php?rest_route=\/wp\/v2\/posts"}],"about":[{"href":"https:\/\/radiorevelacionfm.cl\/index.php?rest_route=\/wp\/v2\/types\/post"}],"author":[{"embeddable":true,"href":"https:\/\/radiorevelacionfm.cl\/index.php?rest_route=\/wp\/v2\/users\/1"}],"replies":[{"embeddable":true,"href":"https:\/\/radiorevelacionfm.cl\/index.php?rest_route=%2Fwp%2Fv2%2Fcomments&post=66243"}],"version-history":[{"count":2,"href":"https:\/\/radiorevelacionfm.cl\/index.php?rest_route=\/wp\/v2\/posts\/66243\/revisions"}],"predecessor-version":[{"id":66246,"href":"https:\/\/radiorevelacionfm.cl\/index.php?rest_route=\/wp\/v2\/posts\/66243\/revisions\/66246"}],"wp:featuredmedia":[{"embeddable":true,"href":"https:\/\/radiorevelacionfm.cl\/index.php?rest_route=\/wp\/v2\/media\/66244"}],"wp:attachment":[{"href":"https:\/\/radiorevelacionfm.cl\/index.php?rest_route=%2Fwp%2Fv2%2Fmedia&parent=66243"}],"wp:term":[{"taxonomy":"category","embeddable":true,"href":"https:\/\/radiorevelacionfm.cl\/index.php?rest_route=%2Fwp%2Fv2%2Fcategories&post=66243"},{"taxonomy":"post_tag","embeddable":true,"href":"https:\/\/radiorevelacionfm.cl\/index.php?rest_route=%2Fwp%2Fv2%2Ftags&post=66243"}],"curies":[{"name":"wp","href":"https:\/\/api.w.org\/{rel}","templated":true}]}}