{"id":66239,"date":"2026-04-19T15:57:15","date_gmt":"2026-04-19T18:57:15","guid":{"rendered":"https:\/\/radiorevelacionfm.cl\/?p=66239"},"modified":"2026-04-19T15:57:15","modified_gmt":"2026-04-19T18:57:15","slug":"chile-chico-se-une-al-desafio-vitivinicola-austral-y-apuestan-por-denominacion-de-origen-en-la-patagonia","status":"publish","type":"post","link":"https:\/\/radiorevelacionfm.cl\/?p=66239","title":{"rendered":"Chile Chico se une al desaf\u00edo vitivin\u00edcola austral y apuestan por Denominaci\u00f3n de Origen en la Patagonia"},"content":{"rendered":"<div class=\"flex_column av_one_full  flex_column_div av-zero-column-padding first  avia-builder-el-0  el_before_av_one_full  avia-builder-el-first  \" style='border-radius:0px; '><div  class='avia-image-container  av-styling-    avia-builder-el-1  avia-builder-el-no-sibling  avia-align-center '  itemprop=\"image\" itemscope=\"itemscope\" itemtype=\"https:\/\/schema.org\/ImageObject\"  ><div class='avia-image-container-inner'><div class='avia-image-overlay-wrap'><img decoding=\"async\" class='wp-image-66240 avia-img-lazy-loading-not-66240 avia_image' src=\"https:\/\/radiorevelacionfm.cl\/wp-content\/uploads\/2026\/04\/dia-de-campo-02-1_optimized-1-1_optimized-1.jpg\" alt='' title='d\u00eda-de-campo-02-(1)_optimized-(1)-(1)_optimized (1)' height=\"600\" width=\"962\"  itemprop=\"thumbnailUrl\" srcset=\"https:\/\/radiorevelacionfm.cl\/wp-content\/uploads\/2026\/04\/dia-de-campo-02-1_optimized-1-1_optimized-1.jpg 962w, https:\/\/radiorevelacionfm.cl\/wp-content\/uploads\/2026\/04\/dia-de-campo-02-1_optimized-1-1_optimized-1-300x187.jpg 300w, https:\/\/radiorevelacionfm.cl\/wp-content\/uploads\/2026\/04\/dia-de-campo-02-1_optimized-1-1_optimized-1-768x479.jpg 768w, https:\/\/radiorevelacionfm.cl\/wp-content\/uploads\/2026\/04\/dia-de-campo-02-1_optimized-1-1_optimized-1-705x440.jpg 705w, https:\/\/radiorevelacionfm.cl\/wp-content\/uploads\/2026\/04\/dia-de-campo-02-1_optimized-1-1_optimized-1-450x281.jpg 450w, https:\/\/radiorevelacionfm.cl\/wp-content\/uploads\/2026\/04\/dia-de-campo-02-1_optimized-1-1_optimized-1-600x374.jpg 600w\" sizes=\"(max-width: 962px) 100vw, 962px\" \/><\/div><\/div><\/div><\/div><div class=\"flex_column av_one_full  flex_column_div av-zero-column-padding first  avia-builder-el-2  el_after_av_one_full  el_before_av_one_full  column-top-margin\" style='border-radius:0px; '><section class=\"av_textblock_section \"  itemscope=\"itemscope\" itemtype=\"https:\/\/schema.org\/BlogPosting\" itemprop=\"blogPost\" ><div class='avia_textblock  '   itemprop=\"text\" ><p style=\"text-align: center;\"><strong><span style=\"font-size: 18pt;\">Chile Chico se une al desaf\u00edo vitivin\u00edcola austral y apuestan por Denominaci\u00f3n de Origen en la Patagonia<\/span><\/strong><\/p>\n<div id=\"gtx-trans\" style=\"position: absolute; left: -50px; top: 4.31534px;\">\n<div class=\"gtx-trans-icon\"><\/div>\n<\/div>\n<\/div><\/section><\/div><div class=\"flex_column av_one_full  flex_column_div av-zero-column-padding first  avia-builder-el-4  el_after_av_one_full  el_before_av_hr  column-top-margin\" style='border-radius:0px; '><section class=\"av_textblock_section \"  itemscope=\"itemscope\" itemtype=\"https:\/\/schema.org\/BlogPosting\" itemprop=\"blogPost\" ><div class='avia_textblock  '   itemprop=\"text\" ><p style=\"text-align: justify;\"><em>Productores, cient\u00edficos y autoridades analizaron el potencial de los vinos patag\u00f3nicos en una jornada que combin\u00f3 teor\u00eda y pr\u00e1ctica, desde la zonificaci\u00f3n vit\u00edcola hasta el control de heladas y aves.<\/em><\/p>\n<p style=\"text-align: justify;\">Con el objetivo de impulsar la vitivinicultura en la zona m\u00e1s austral del pa\u00eds, el pasado mi\u00e9rcoles 15 de abril se realiz\u00f3 en Chile Chico: el seminario \u201cHacia la Denominaci\u00f3n de Origen de la Vitivinicultura en la Patagonia Ays\u00e9n\u201d. La convocatoria reuni\u00f3 a agricultores, investigadores y autoridades regionales en torno a una meta com\u00fan: agregar valor territorial con vinos de identidad propia.<\/p>\n<p style=\"text-align: justify;\">El encuentro, coordinado por INIA Tamel Aike en conjunto con la Municipalidad de Chile Chico y financiado por el Gobierno Regional de Ays\u00e9n, abord\u00f3 diversas tem\u00e1ticas que van desde la experiencia productiva en climas fr\u00edos hasta los requisitos normativos necesarios para la obtenci\u00f3n de una Denominaci\u00f3n de Origen para la producci\u00f3n viticultora.<\/p>\n<p style=\"text-align: justify;\">El investigador de INIA Tamel Aike, Diego Arribillaga, abri\u00f3 las exposiciones con la charla \u201cAmpliando las fronteras de la vitivinicultura nacional\u201d, destacando la adaptaci\u00f3n de la vid a las condiciones extremas de la Patagonia. Luego, el doctor Gast\u00f3n Guti\u00e9rrez Gamboa, de INIA Raihu\u00e9n (Maule), present\u00f3 las bases cient\u00edficas para la zonificaci\u00f3n vitivin\u00edcola, mientras que el profesional del SAG, Joaqu\u00edn Almarza, explic\u00f3 los pasos formales para solicitar una Denominaci\u00f3n de Origen en Chile.<\/p>\n<p style=\"text-align: justify;\">El subsecretario de Agricultura, Francesco Venezian, expres\u00f3 que con esto se inicia un camino importante para la regi\u00f3n. \u201cTener en Ays\u00e9n una denominaci\u00f3n de origen propia ser\u00e1 un paso significativo para todo el esfuerzo de los productores de este aislado sector del pa\u00eds, que sin duda suma un factor de diferenciaci\u00f3n que alienta la competitividad del sector y de las capacidades vitivin\u00edcolas de la regi\u00f3n\u201d, afirm\u00f3 el subsecretario.<\/p>\n<p style=\"text-align: justify;\">Por su parte, el seremi de Agricultura, Yordy Cea Espa\u00f1a, afirm\u00f3 que \u201cel trabajo colaborativo del Ministerio de Agricultura a trav\u00e9s de sus servicios, hoy d\u00eda da un paso inicial que es muy importante,\u00a0 la denominaci\u00f3n de origen que va a permitir hacer una diferenciaci\u00f3n productiva respecto de otras localidades y puntos productivos de la vitivinicultura en Chile\u201d.<\/p>\n<p style=\"text-align: justify;\">Asimismo, el alcalde Ariel Keim valor\u00f3 la iniciativa, \u201ccreemos firmemente en el potencial de nuestra comuna para el cultivo y producci\u00f3n de vino. Esto abre nuevas oportunidades para nuestros agricultores\u201d.<\/p>\n<p style=\"text-align: justify;\">Mar\u00eda P\u00eda Ru\u00edz de Agr\u00edcola Austral Cherry expres\u00f3 la importancia de este camino que toma el sector, \u201dnos llena de orgullo el tener la certeza y la seguridad que el producto que estamos sacando es de excelent\u00edsima calidad y para eso la denominaci\u00f3n de origen viene a reforzar, esta producci\u00f3n y este trabajo. Vamos a iniciar ahora los papeles que se requieren para poder hacer esta solicitud al SAG\u201d.<\/p>\n<p style=\"text-align: justify;\">Desde la Delegaci\u00f3n Presidencial Provincial de General Carrera, el delegado Jorge Abello, agreg\u00f3 que \u201cnos sumamos a esta apuesta de esfuerzo p\u00fablico y privada y, por cierto, que est\u00e1 en la l\u00ednea de lo que el Gobierno espera de fortalecer sus actividades productivas, fortalecer y dinamizar la econom\u00eda\u201d.<\/p>\n<p style=\"text-align: justify;\">En el marco de estas iniciativas que ponen en el centro la diversificaci\u00f3n productiva, ligada\u00a0 al actividad vitivin\u00edcola durante la tarde los participantes se trasladaron a la Oficina T\u00e9cnica de INIA, donde se desarroll\u00f3 un D\u00eda de Campo organizado en el contexto del proyecto \u201cManejo sostenible y eficiente, integrando t\u00e9cnicas de protecci\u00f3n contra heladas y aves\u201d, apoyado por la Fundaci\u00f3n para la Innovaci\u00f3n Agraria (FIA).<\/p>\n<p style=\"text-align: justify;\">En la instancia, los asistentes recorrieron una unidad demostrativa, donde pudieron observar en terreno el manejo del cultivo, el uso eficiente del agua y la implementaci\u00f3n de barreras f\u00edsicas para la protecci\u00f3n contra zorzales.<\/p>\n<p style=\"text-align: justify;\">As\u00ed, con una alta participaci\u00f3n y un ambiente colaborativo entre ciencia, Estado y productores, Chile Chico dio un paso concreto hacia la consolidaci\u00f3n de su identidad vitivin\u00edcola. La combinaci\u00f3n de seminario t\u00e9cnico y experiencia en terreno dej\u00f3 una conclusi\u00f3n clara: la Patagonia no solo puede producir vinos de calidad, sino que est\u00e1 en condiciones de aspirar a un sello de origen propio. El desaf\u00edo ahora es seguir trabajando para que la Denominaci\u00f3n de Origen pase del papel a las botellas.<\/p>\n<\/div><\/section><\/div><div  style='height:50px' class='hr hr-invisible   avia-builder-el-6  el_after_av_one_full  el_before_av_social_share '><span class='hr-inner ' ><span class='hr-inner-style'><\/span><\/span><\/div><\/p>\n<div  class='av-social-sharing-box  avia-builder-el-7  el_after_av_hr  el_before_av_hr  '><div class='av-share-box'><h5 class='av-share-link-description av-no-toc '>Compartir esta noticia<\/h5><ul class='av-share-box-list noLightbox'><li class='av-share-link av-social-link-facebook' ><a target=\"_blank\" aria-label=\"Compartir en Facebook\" href='https:\/\/www.facebook.com\/sharer.php?u=https:\/\/radiorevelacionfm.cl\/?p=66239&#038;t=Chile%20Chico%20se%20une%20al%20desaf%C3%ADo%20vitivin%C3%ADcola%20austral%20y%20apuestan%20por%20Denominaci%C3%B3n%20de%20Origen%20en%20la%20Patagonia' aria-hidden='false' data-av_icon='\ue8f3' data-av_iconfont='entypo-fontello' title='' data-avia-related-tooltip='Compartir en Facebook' rel=\"noopener\"><span class='avia_hidden_link_text'>Compartir en Facebook<\/span><\/a><\/li><li class='av-share-link av-social-link-twitter' ><a target=\"_blank\" aria-label=\"Compartir en Twitter\" href='https:\/\/twitter.com\/share?text=Chile%20Chico%20se%20une%20al%20desaf%C3%ADo%20vitivin%C3%ADcola%20austral%20y%20apuestan%20por%20Denominaci%C3%B3n%20de%20Origen%20en%20la%20Patagonia&#038;url=https:\/\/radiorevelacionfm.cl\/?p=66239' aria-hidden='false' data-av_icon='\ue8f1' data-av_iconfont='entypo-fontello' title='' data-avia-related-tooltip='Compartir en Twitter' rel=\"noopener\"><span class='avia_hidden_link_text'>Compartir en Twitter<\/span><\/a><\/li><li class='av-share-link av-social-link-whatsapp' ><a target=\"_blank\" aria-label=\"Compartir en Whatsapp\" href='https:\/\/api.whatsapp.com\/send?text=https:\/\/radiorevelacionfm.cl\/?p=66239' aria-hidden='false' data-av_icon='\uf232' data-av_iconfont='entypo-fontello' title='' data-avia-related-tooltip='Compartir en Whatsapp' rel=\"noopener\"><span class='avia_hidden_link_text'>Compartir en Whatsapp<\/span><\/a><\/li><li class='av-share-link av-social-link-linkedin' ><a target=\"_blank\" aria-label=\"Compartir en LinkedIn\" href='https:\/\/linkedin.com\/shareArticle?mini=true&#038;title=Chile%20Chico%20se%20une%20al%20desaf%C3%ADo%20vitivin%C3%ADcola%20austral%20y%20apuestan%20por%20Denominaci%C3%B3n%20de%20Origen%20en%20la%20Patagonia&#038;url=https:\/\/radiorevelacionfm.cl\/?p=66239' aria-hidden='false' data-av_icon='\ue8fc' data-av_iconfont='entypo-fontello' title='' data-avia-related-tooltip='Compartir en LinkedIn' rel=\"noopener\"><span class='avia_hidden_link_text'>Compartir en LinkedIn<\/span><\/a><\/li><li class='av-share-link av-social-link-mail' ><a  aria-label=\"Compartir por correo\" href='mailto:?subject=Chile%20Chico%20se%20une%20al%20desaf%C3%ADo%20vitivin%C3%ADcola%20austral%20y%20apuestan%20por%20Denominaci%C3%B3n%20de%20Origen%20en%20la%20Patagonia&#038;body=https:\/\/radiorevelacionfm.cl\/?p=66239' aria-hidden='false' data-av_icon='\ue805' data-av_iconfont='entypo-fontello' title='' data-avia-related-tooltip='Compartir por correo'><span class='avia_hidden_link_text'>Compartir por correo<\/span><\/a><\/li><\/ul><\/div><\/div>\n<div  style='height:50px' class='hr hr-invisible   avia-builder-el-8  el_after_av_social_share  el_before_av_comments_list '><span class='hr-inner ' ><span class='hr-inner-style'><\/span><\/span><\/div>\n<div  class='av-buildercomment  av-blog-meta-html-info-disabled av-blog-meta-tag-disabled  '><\/div>\n","protected":false},"excerpt":{"rendered":"","protected":false},"author":1,"featured_media":66240,"comment_status":"closed","ping_status":"closed","sticky":false,"template":"","format":"standard","meta":{"footnotes":""},"categories":[38],"tags":[],"class_list":["post-66239","post","type-post","status-publish","format-standard","has-post-thumbnail","hentry","category-regional"],"jetpack_featured_media_url":"https:\/\/radiorevelacionfm.cl\/wp-content\/uploads\/2026\/04\/dia-de-campo-02-1_optimized-1-1_optimized-1.jpg","_links":{"self":[{"href":"https:\/\/radiorevelacionfm.cl\/index.php?rest_route=\/wp\/v2\/posts\/66239","targetHints":{"allow":["GET"]}}],"collection":[{"href":"https:\/\/radiorevelacionfm.cl\/index.php?rest_route=\/wp\/v2\/posts"}],"about":[{"href":"https:\/\/radiorevelacionfm.cl\/index.php?rest_route=\/wp\/v2\/types\/post"}],"author":[{"embeddable":true,"href":"https:\/\/radiorevelacionfm.cl\/index.php?rest_route=\/wp\/v2\/users\/1"}],"replies":[{"embeddable":true,"href":"https:\/\/radiorevelacionfm.cl\/index.php?rest_route=%2Fwp%2Fv2%2Fcomments&post=66239"}],"version-history":[{"count":2,"href":"https:\/\/radiorevelacionfm.cl\/index.php?rest_route=\/wp\/v2\/posts\/66239\/revisions"}],"predecessor-version":[{"id":66242,"href":"https:\/\/radiorevelacionfm.cl\/index.php?rest_route=\/wp\/v2\/posts\/66239\/revisions\/66242"}],"wp:featuredmedia":[{"embeddable":true,"href":"https:\/\/radiorevelacionfm.cl\/index.php?rest_route=\/wp\/v2\/media\/66240"}],"wp:attachment":[{"href":"https:\/\/radiorevelacionfm.cl\/index.php?rest_route=%2Fwp%2Fv2%2Fmedia&parent=66239"}],"wp:term":[{"taxonomy":"category","embeddable":true,"href":"https:\/\/radiorevelacionfm.cl\/index.php?rest_route=%2Fwp%2Fv2%2Fcategories&post=66239"},{"taxonomy":"post_tag","embeddable":true,"href":"https:\/\/radiorevelacionfm.cl\/index.php?rest_route=%2Fwp%2Fv2%2Ftags&post=66239"}],"curies":[{"name":"wp","href":"https:\/\/api.w.org\/{rel}","templated":true}]}}