{"id":66226,"date":"2026-04-18T21:06:28","date_gmt":"2026-04-19T00:06:28","guid":{"rendered":"https:\/\/radiorevelacionfm.cl\/?p=66226"},"modified":"2026-04-18T21:06:28","modified_gmt":"2026-04-19T00:06:28","slug":"carabineros-de-aysen-y-la-universidad-austral-lanzan-historico-seminario-para-la-excelencia-policial","status":"publish","type":"post","link":"https:\/\/radiorevelacionfm.cl\/?p=66226","title":{"rendered":"Carabineros de Ays\u00e9n y la Universidad Austral lanzan hist\u00f3rico seminario para la \u00abExcelencia Policial\u00bb"},"content":{"rendered":"<div class=\"flex_column av_one_full  flex_column_div av-zero-column-padding first  avia-builder-el-0  el_before_av_one_full  avia-builder-el-first  \" style='border-radius:0px; '><div  class='avia-image-container  av-styling-    avia-builder-el-1  avia-builder-el-no-sibling  avia-align-center '  itemprop=\"image\" itemscope=\"itemscope\" itemtype=\"https:\/\/schema.org\/ImageObject\"  ><div class='avia-image-container-inner'><div class='avia-image-overlay-wrap'><img decoding=\"async\" class='wp-image-66227 avia-img-lazy-loading-not-66227 avia_image' src=\"https:\/\/radiorevelacionfm.cl\/wp-content\/uploads\/2026\/04\/8b541f0c-0ce6-4a85-830d-a654aed6fab9-1_optimized-1.jpg\" alt='' title='8b541f0c-0ce6-4a85-830d-a654aed6fab9-(1)_optimized (1)' height=\"1200\" width=\"800\"  itemprop=\"thumbnailUrl\" srcset=\"https:\/\/radiorevelacionfm.cl\/wp-content\/uploads\/2026\/04\/8b541f0c-0ce6-4a85-830d-a654aed6fab9-1_optimized-1.jpg 800w, https:\/\/radiorevelacionfm.cl\/wp-content\/uploads\/2026\/04\/8b541f0c-0ce6-4a85-830d-a654aed6fab9-1_optimized-1-200x300.jpg 200w, https:\/\/radiorevelacionfm.cl\/wp-content\/uploads\/2026\/04\/8b541f0c-0ce6-4a85-830d-a654aed6fab9-1_optimized-1-687x1030.jpg 687w, https:\/\/radiorevelacionfm.cl\/wp-content\/uploads\/2026\/04\/8b541f0c-0ce6-4a85-830d-a654aed6fab9-1_optimized-1-768x1152.jpg 768w, https:\/\/radiorevelacionfm.cl\/wp-content\/uploads\/2026\/04\/8b541f0c-0ce6-4a85-830d-a654aed6fab9-1_optimized-1-470x705.jpg 470w, https:\/\/radiorevelacionfm.cl\/wp-content\/uploads\/2026\/04\/8b541f0c-0ce6-4a85-830d-a654aed6fab9-1_optimized-1-450x675.jpg 450w, https:\/\/radiorevelacionfm.cl\/wp-content\/uploads\/2026\/04\/8b541f0c-0ce6-4a85-830d-a654aed6fab9-1_optimized-1-600x900.jpg 600w\" sizes=\"(max-width: 800px) 100vw, 800px\" \/><\/div><\/div><\/div><\/div><div class=\"flex_column av_one_full  flex_column_div av-zero-column-padding first  avia-builder-el-2  el_after_av_one_full  el_before_av_one_full  column-top-margin\" style='border-radius:0px; '><section class=\"av_textblock_section \"  itemscope=\"itemscope\" itemtype=\"https:\/\/schema.org\/BlogPosting\" itemprop=\"blogPost\" ><div class='avia_textblock  '   itemprop=\"text\" ><p style=\"text-align: center;\"><strong><span style=\"font-size: 18pt;\">Carabineros de Ays\u00e9n y la Universidad Austral lanzan hist\u00f3rico seminario para la \u00abExcelencia Policial\u00bb<\/span><\/strong><\/p>\n<div id=\"gtx-trans\" style=\"position: absolute; left: -50px; top: 4.31534px;\">\n<div class=\"gtx-trans-icon\"><\/div>\n<\/div>\n<\/div><\/section><\/div><div class=\"flex_column av_one_full  flex_column_div av-zero-column-padding first  avia-builder-el-4  el_after_av_one_full  el_before_av_hr  column-top-margin\" style='border-radius:0px; '><section class=\"av_textblock_section \"  itemscope=\"itemscope\" itemtype=\"https:\/\/schema.org\/BlogPosting\" itemprop=\"blogPost\" ><div class='avia_textblock  '   itemprop=\"text\" ><ul>\n<li dir=\"ltr\">\n<p dir=\"ltr\" style=\"text-align: justify;\" role=\"presentation\"><em>Se trata del primer encuentro en su tipo desarrollado en la regi\u00f3n de Ays\u00e9n, el cual cuenta con expositores de alto nivel en el \u00e1mbito de la persecuci\u00f3n penal, sumado a una ponencia a cargo de la DEA.<\/em><\/p>\n<\/li>\n<\/ul>\n<p dir=\"ltr\" style=\"text-align: justify;\">Con el objetivo de elevar los est\u00e1ndares operativos y fortalecer la formaci\u00f3n de los funcionarios que inician su carrera, Carabineros de la Regi\u00f3n de Ays\u00e9n dar\u00e1 inicio este lunes al seminario \u00abCapacitaci\u00f3n para la excelencia policial\u00bb, instancia que se desarrollar\u00e1 en el Campus Patagonia de la Universidad Austral de Chile (UACh), y que marca un hito al ser el primer encuentro en su tipo realizado en la zona austral del pa\u00eds.<\/p>\n<p dir=\"ltr\" style=\"text-align: justify;\">El Jefe de Zona de Carabineros Ays\u00e9n, General Eduardo Palma Fuentes, destac\u00f3 que este evento es fruto de una alianza estrat\u00e9gica entre la instituci\u00f3n y la academia, buscando una retroalimentaci\u00f3n integral que involucre a los principales actores del sistema de justicia y seguridad.<\/p>\n<p dir=\"ltr\" style=\"text-align: justify;\"><strong>Alianza multisectorial y ponencia internacional<\/strong><\/p>\n<p dir=\"ltr\" style=\"text-align: justify;\">El seminario contar\u00e1 con un panel de expositores de alto nivel que abordar\u00e1n la labor policial desde diversas perspectivas:<\/p>\n<p dir=\"ltr\" style=\"text-align: justify;\">Durante la jornada el Ministerio P\u00fablico y Defensor\u00eda Penal P\u00fablica analizar\u00e1n la importancia de los procedimientos policiales para asegurar condenas efectivas en juicios penales y revisar\u00e1n \u00e1reas de mejora en el actuar operativo.<\/p>\n<p dir=\"ltr\" style=\"text-align: justify;\">Por su parte la Contralor\u00eda Regional centrar\u00e1 su ponencia en la probidad administrativa y la responsabilidad funcionaria, pilares \u00e9ticos de la labor p\u00fablica.<\/p>\n<p dir=\"ltr\" style=\"text-align: justify;\">Igualmente ser\u00e1 presentada una ponencia por parte de un organismo internacional como es la DEA (Administraci\u00f3n de Control de Drogas de EE.UU.) que ofrecer\u00e1 una charla estrat\u00e9gica sobre el tr\u00e1fico internacional y la seguridad en la ruta fronteriza del cono sur de Am\u00e9rica Latina.<\/p>\n<p dir=\"ltr\" style=\"text-align: justify;\">Asimismo, docentes de la UACh expondr\u00e1n sobre disciplina, gesti\u00f3n del riesgo y la relaci\u00f3n de seguridad con la comunidad.<\/p>\n<p dir=\"ltr\" style=\"text-align: justify;\">\u00abEstamos muy contentos de lo que se va a llevar a cabo. Es una instancia para mejorar procesos y, sobre todo, para la retroalimentaci\u00f3n de nuestros carabineros\u00bb, se\u00f1al\u00f3 el General Palma, quien tambi\u00e9n confirm\u00f3 la participaci\u00f3n de la Polic\u00eda de Investigaciones (PDI) como invitados especiales.<\/p>\n<p dir=\"ltr\" style=\"text-align: justify;\"><strong>Foco en la salud mental y la doctrina<\/strong><\/p>\n<p dir=\"ltr\" style=\"text-align: justify;\">Un punto clave de la jornada ser\u00e1 la intervenci\u00f3n del propio General Eduardo Palma, quien presentar\u00e1 una exposici\u00f3n enfocada en la salud mental, la \u00e9tica y doctrina, componentes considerados fundamentales para el bienestar del personal y el correcto ejercicio de la funci\u00f3n policial en contextos de alta exigencia.<\/p>\n<p dir=\"ltr\" style=\"text-align: justify;\">El programa est\u00e1 especialmente dirigido a carabineros con pocos a\u00f1os de servicio, buscando cimentar o consolidar desde temprano una visi\u00f3n cr\u00edtica y profesional de su rol en la sociedad.<\/p>\n<p dir=\"ltr\" style=\"text-align: justify;\"><strong>Cierre de la jornada<\/strong><\/p>\n<p dir=\"ltr\" style=\"text-align: justify;\">El seminario concluir\u00e1 a las 18:00 horas con una ceremonia oficial que contar\u00e1 con la presencia de diversas autoridades regionales.<\/p>\n<p dir=\"ltr\" style=\"text-align: justify;\">Este encuentro no solo refuerza la preparaci\u00f3n t\u00e9cnica de la fuerza policial en la Patagonia, sino que consolida la cooperaci\u00f3n institucional frente a los nuevos desaf\u00edos de seguridad que enfrenta la regi\u00f3n.<\/p>\n<div class=\"yj6qo\" style=\"text-align: justify;\"><\/div>\n<div class=\"adL\" style=\"text-align: justify;\"><\/div>\n<\/div><\/section><\/div><div  style='height:50px' class='hr hr-invisible   avia-builder-el-6  el_after_av_one_full  el_before_av_social_share '><span class='hr-inner ' ><span class='hr-inner-style'><\/span><\/span><\/div><\/p>\n<div  class='av-social-sharing-box  avia-builder-el-7  el_after_av_hr  el_before_av_hr  '><div class='av-share-box'><h5 class='av-share-link-description av-no-toc '>Compartir esta noticia<\/h5><ul class='av-share-box-list noLightbox'><li class='av-share-link av-social-link-facebook' ><a target=\"_blank\" aria-label=\"Compartir en Facebook\" href='https:\/\/www.facebook.com\/sharer.php?u=https:\/\/radiorevelacionfm.cl\/?p=66226&#038;t=Carabineros%20de%20Ays%C3%A9n%20y%20la%20Universidad%20Austral%20lanzan%20hist%C3%B3rico%20seminario%20para%20la%20%C2%ABExcelencia%20Policial%C2%BB' aria-hidden='false' data-av_icon='\ue8f3' data-av_iconfont='entypo-fontello' title='' data-avia-related-tooltip='Compartir en Facebook' rel=\"noopener\"><span class='avia_hidden_link_text'>Compartir en Facebook<\/span><\/a><\/li><li class='av-share-link av-social-link-twitter' ><a target=\"_blank\" aria-label=\"Compartir en Twitter\" href='https:\/\/twitter.com\/share?text=Carabineros%20de%20Ays%C3%A9n%20y%20la%20Universidad%20Austral%20lanzan%20hist%C3%B3rico%20seminario%20para%20la%20%C2%ABExcelencia%20Policial%C2%BB&#038;url=https:\/\/radiorevelacionfm.cl\/?p=66226' aria-hidden='false' data-av_icon='\ue8f1' data-av_iconfont='entypo-fontello' title='' data-avia-related-tooltip='Compartir en Twitter' rel=\"noopener\"><span class='avia_hidden_link_text'>Compartir en Twitter<\/span><\/a><\/li><li class='av-share-link av-social-link-whatsapp' ><a target=\"_blank\" aria-label=\"Compartir en Whatsapp\" href='https:\/\/api.whatsapp.com\/send?text=https:\/\/radiorevelacionfm.cl\/?p=66226' aria-hidden='false' data-av_icon='\uf232' data-av_iconfont='entypo-fontello' title='' data-avia-related-tooltip='Compartir en Whatsapp' rel=\"noopener\"><span class='avia_hidden_link_text'>Compartir en Whatsapp<\/span><\/a><\/li><li class='av-share-link av-social-link-linkedin' ><a target=\"_blank\" aria-label=\"Compartir en LinkedIn\" href='https:\/\/linkedin.com\/shareArticle?mini=true&#038;title=Carabineros%20de%20Ays%C3%A9n%20y%20la%20Universidad%20Austral%20lanzan%20hist%C3%B3rico%20seminario%20para%20la%20%C2%ABExcelencia%20Policial%C2%BB&#038;url=https:\/\/radiorevelacionfm.cl\/?p=66226' aria-hidden='false' data-av_icon='\ue8fc' data-av_iconfont='entypo-fontello' title='' data-avia-related-tooltip='Compartir en LinkedIn' rel=\"noopener\"><span class='avia_hidden_link_text'>Compartir en LinkedIn<\/span><\/a><\/li><li class='av-share-link av-social-link-mail' ><a  aria-label=\"Compartir por correo\" href='mailto:?subject=Carabineros%20de%20Ays%C3%A9n%20y%20la%20Universidad%20Austral%20lanzan%20hist%C3%B3rico%20seminario%20para%20la%20%C2%ABExcelencia%20Policial%C2%BB&#038;body=https:\/\/radiorevelacionfm.cl\/?p=66226' aria-hidden='false' data-av_icon='\ue805' data-av_iconfont='entypo-fontello' title='' data-avia-related-tooltip='Compartir por correo'><span class='avia_hidden_link_text'>Compartir por correo<\/span><\/a><\/li><\/ul><\/div><\/div>\n<div  style='height:50px' class='hr hr-invisible   avia-builder-el-8  el_after_av_social_share  el_before_av_comments_list '><span class='hr-inner ' ><span class='hr-inner-style'><\/span><\/span><\/div>\n<div  class='av-buildercomment  av-blog-meta-html-info-disabled av-blog-meta-tag-disabled  '><\/div>\n","protected":false},"excerpt":{"rendered":"","protected":false},"author":1,"featured_media":66227,"comment_status":"closed","ping_status":"closed","sticky":false,"template":"","format":"standard","meta":{"footnotes":""},"categories":[38],"tags":[],"class_list":["post-66226","post","type-post","status-publish","format-standard","has-post-thumbnail","hentry","category-regional"],"jetpack_featured_media_url":"https:\/\/radiorevelacionfm.cl\/wp-content\/uploads\/2026\/04\/8b541f0c-0ce6-4a85-830d-a654aed6fab9-1_optimized-1.jpg","_links":{"self":[{"href":"https:\/\/radiorevelacionfm.cl\/index.php?rest_route=\/wp\/v2\/posts\/66226","targetHints":{"allow":["GET"]}}],"collection":[{"href":"https:\/\/radiorevelacionfm.cl\/index.php?rest_route=\/wp\/v2\/posts"}],"about":[{"href":"https:\/\/radiorevelacionfm.cl\/index.php?rest_route=\/wp\/v2\/types\/post"}],"author":[{"embeddable":true,"href":"https:\/\/radiorevelacionfm.cl\/index.php?rest_route=\/wp\/v2\/users\/1"}],"replies":[{"embeddable":true,"href":"https:\/\/radiorevelacionfm.cl\/index.php?rest_route=%2Fwp%2Fv2%2Fcomments&post=66226"}],"version-history":[{"count":2,"href":"https:\/\/radiorevelacionfm.cl\/index.php?rest_route=\/wp\/v2\/posts\/66226\/revisions"}],"predecessor-version":[{"id":66238,"href":"https:\/\/radiorevelacionfm.cl\/index.php?rest_route=\/wp\/v2\/posts\/66226\/revisions\/66238"}],"wp:featuredmedia":[{"embeddable":true,"href":"https:\/\/radiorevelacionfm.cl\/index.php?rest_route=\/wp\/v2\/media\/66227"}],"wp:attachment":[{"href":"https:\/\/radiorevelacionfm.cl\/index.php?rest_route=%2Fwp%2Fv2%2Fmedia&parent=66226"}],"wp:term":[{"taxonomy":"category","embeddable":true,"href":"https:\/\/radiorevelacionfm.cl\/index.php?rest_route=%2Fwp%2Fv2%2Fcategories&post=66226"},{"taxonomy":"post_tag","embeddable":true,"href":"https:\/\/radiorevelacionfm.cl\/index.php?rest_route=%2Fwp%2Fv2%2Ftags&post=66226"}],"curies":[{"name":"wp","href":"https:\/\/api.w.org\/{rel}","templated":true}]}}