{"id":66219,"date":"2026-04-18T12:24:09","date_gmt":"2026-04-18T15:24:09","guid":{"rendered":"https:\/\/radiorevelacionfm.cl\/?p=66219"},"modified":"2026-04-18T12:24:09","modified_gmt":"2026-04-18T15:24:09","slug":"autoridades-inspeccionan-puente-presidente-ibanez-e-informan-avances-en-proyecto-de-conservacion","status":"publish","type":"post","link":"https:\/\/radiorevelacionfm.cl\/?p=66219","title":{"rendered":"Autoridades inspeccionan Puente Presidente Ib\u00e1\u00f1ez e informan avances en proyecto de conservaci\u00f3n"},"content":{"rendered":"<div class=\"flex_column av_one_full  flex_column_div av-zero-column-padding first  avia-builder-el-0  el_before_av_one_full  avia-builder-el-first  \" style='border-radius:0px; '><div  class='avia-image-container  av-styling-    avia-builder-el-1  avia-builder-el-no-sibling  avia-align-center '  itemprop=\"image\" itemscope=\"itemscope\" itemtype=\"https:\/\/schema.org\/ImageObject\"  ><div class='avia-image-container-inner'><div class='avia-image-overlay-wrap'><img decoding=\"async\" class='wp-image-66220 avia-img-lazy-loading-not-66220 avia_image' src=\"https:\/\/radiorevelacionfm.cl\/wp-content\/uploads\/2026\/04\/img_4930-1-1_optimized-1.jpg\" alt='' title='img_4930-(1)-(1)_optimized (1)' height=\"600\" width=\"900\"  itemprop=\"thumbnailUrl\" srcset=\"https:\/\/radiorevelacionfm.cl\/wp-content\/uploads\/2026\/04\/img_4930-1-1_optimized-1.jpg 900w, https:\/\/radiorevelacionfm.cl\/wp-content\/uploads\/2026\/04\/img_4930-1-1_optimized-1-300x200.jpg 300w, https:\/\/radiorevelacionfm.cl\/wp-content\/uploads\/2026\/04\/img_4930-1-1_optimized-1-768x512.jpg 768w, https:\/\/radiorevelacionfm.cl\/wp-content\/uploads\/2026\/04\/img_4930-1-1_optimized-1-705x470.jpg 705w, https:\/\/radiorevelacionfm.cl\/wp-content\/uploads\/2026\/04\/img_4930-1-1_optimized-1-450x300.jpg 450w, https:\/\/radiorevelacionfm.cl\/wp-content\/uploads\/2026\/04\/img_4930-1-1_optimized-1-600x400.jpg 600w\" sizes=\"(max-width: 900px) 100vw, 900px\" \/><\/div><\/div><\/div><\/div><div class=\"flex_column av_one_full  flex_column_div av-zero-column-padding first  avia-builder-el-2  el_after_av_one_full  el_before_av_one_full  column-top-margin\" style='border-radius:0px; '><section class=\"av_textblock_section \"  itemscope=\"itemscope\" itemtype=\"https:\/\/schema.org\/BlogPosting\" itemprop=\"blogPost\" ><div class='avia_textblock  '   itemprop=\"text\" ><p style=\"text-align: center;\"><strong><span style=\"font-size: 18pt;\">Autoridades inspeccionan Puente Presidente Ib\u00e1\u00f1ez e informan avances en proyecto de conservaci\u00f3n<\/span><\/strong><\/p>\n<div id=\"gtx-trans\" style=\"position: absolute; left: -50px; top: 4.31534px;\">\n<div class=\"gtx-trans-icon\"><\/div>\n<\/div>\n<\/div><\/section><\/div><div class=\"flex_column av_one_full  flex_column_div av-zero-column-padding first  avia-builder-el-4  el_after_av_one_full  el_before_av_hr  column-top-margin\" style='border-radius:0px; '><section class=\"av_textblock_section \"  itemscope=\"itemscope\" itemtype=\"https:\/\/schema.org\/BlogPosting\" itemprop=\"blogPost\" ><div class='avia_textblock  '   itemprop=\"text\" ><ul>\n<li style=\"text-align: justify;\"><strong><em>Entre las medidas dispuestas, autoridades informaron que este s\u00e1bado 18 de abril entre las 09:00 y las 12:00 horas, se realizar\u00e1 faena de bacheo en calzada del Puente Presidente Ib\u00e1\u00f1ez, en Puerto Ays\u00e9n.<\/em><\/strong><\/li>\n<\/ul>\n<p style=\"text-align: justify;\">El Secretario Regional Ministerial de Obras P\u00fablicas, Luis Prieto Epuyeo junto al Delegado Presidencial Regional Eligio Montecinos Araya realizaron una inspecci\u00f3n al puente presidente Ib\u00e1\u00f1ez, oportunidad en la que ambas autoridades reafirmaron compromiso de concretar la ejecuci\u00f3n de las obras necesarias para restituir\u00a0 la infraestructura a su condici\u00f3n \u00f3ptima.<\/p>\n<p style=\"text-align: justify;\">Una vez revisado el puente, el Seremi del MOP inform\u00f3 el estado actual del proceso administrativo, se\u00f1alando que la Direcci\u00f3n de Vialidad efectu\u00f3 una convocatoria a las empresas constructoras a participar con propuestas para realizar los trabajos conducentes a mejorar el estado de la infraestructura que present\u00f3 un corte en uno de sus cables, efectuando a la fecha un balance de las gestiones y pr\u00f3ximos pasos a seguir.<\/p>\n<p style=\"text-align: justify;\">\u201cEs menester precisar que la reparaci\u00f3n del puente Ib\u00e1\u00f1ez se encuentra en etapa de reevaluaci\u00f3n, toda vez que la semana pasada se recibi\u00f3 una oferta por parte de las siete empresas que fueron invitadas a participar del trato directo, la cual lleg\u00f3 por sobre el presupuesto estimado para la contrataci\u00f3n de esta obra de reparaci\u00f3n. Se est\u00e1 reevaluando en este momento para ver la posibilidad de adjudicar y si es que no se licitar\u00e1 por al menos 10 d\u00edas, seg\u00fan lo informado por nuestro director regional, Renzo Sanders esta semana en la Comisi\u00f3n de Infraestructura del Gobierno Regional\u201d, afirm\u00f3 Luis Prieto Epuyao.<\/p>\n<p style=\"text-align: justify;\"><strong><u>GESTIONES EN PUENTE PRESIDENTE IB\u00c1\u00d1EZ<\/u><\/strong><\/p>\n<p style=\"text-align: justify;\">Cabe se\u00f1alar que el 03 de diciembre del a\u00f1o 2025 se produjo el corte de uno de los cables principales del puente, espec\u00edficamente el cable N\u00ba08 en el lado sur aguas arriba, y en este contexto, la Direcci\u00f3n de Vialidad en coordinaci\u00f3n con el Ministerio de Transportes y Telecomunicaciones gener\u00f3 una serie de medidas de seguridad entre las que se consider\u00f3 la restricci\u00f3n del paso de veh\u00edculos en la calzada oriente a 5 toneladas. Posteriormente, profesionales del Departamento de Puentes y profesionales de la Direcci\u00f3n Regional de Vialidad visitaron la infraestructura para su diagn\u00f3stico definitivo y generar las iniciativas necesarias para obtener Decreto de emergencia mediante el cual se accionan en forma inmediata y oportuna los recursos para realizar las obras. De esta forma, se trabaj\u00f3 en forma paralela tanto en el Decreto como en el proyecto de conservaci\u00f3n del puente por emergencia. El 23 de enero de este a\u00f1o se dio curso al Decreto; Otra medida realizada fue Instalar un p\u00f3rtico que limitara la altura m\u00e1xima en la entrada y salida del puente con l\u00edmite de 3,2metros de alto; se instal\u00f3 cierre perimetral en el macizo de anclaje; semanalmente se ha realizado monitoreo topogr\u00e1fico de puntos de inter\u00e9s; se efectuaron las coordinaciones con el Concejo de Monumentos Nacionales para el ingreso del proyecto de conservaci\u00f3n el que durante el mes de febrero del 2026 fue finalizado. Durante el mes de marzo 2026 se realiz\u00f3 una campa\u00f1a de sondaje cuya informaci\u00f3n se pondr\u00e1 a disposici\u00f3n de la empresa constructora que realizar\u00e1 las reparaciones por emergencia, se ha continuado con el monitoreo topogr\u00e1fico y la revisi\u00f3n de los otros sectores de anclaje, y se mantiene la restricci\u00f3n a 5 Toneladas lo que hoy es regulado por sem\u00e1foro de obra; tambi\u00e9n, se instalaron hitos verticales que no permitan el acceso vehicular a la pista oriente.<\/p>\n<p style=\"text-align: justify;\">El proyecto de conservaci\u00f3n de la infraestructura, en t\u00e9rminos generales, considera la adici\u00f3n de un cable principal en cada lado de las torres, los que ser\u00e1n anclados en un nuevo punto construido atr\u00e1s del existente y solidario al macizo completo para ambos estribos.<\/p>\n<p style=\"text-align: justify;\">Al finalizar la visita a la infraestructura, las autoridades dispusieron reparar bache en calzada del puente para mejorar la transitabilidad y seguridad del usuario, trabajos que se desarrollar\u00e1n este s\u00e1bado 18 de abril, entre las 09:00 a 12:00 horas. El tr\u00e1nsito se mantendr\u00e1 regulado con los sem\u00e1foros que actualmente est\u00e1n funcionando, y las obras ser\u00e1n canalizados con se\u00f1alizaci\u00f3n vertical, solamente en el punto donde se ejecutaran las labores mencionadas, manteniendo el tr\u00e1nsito diferido.<\/p>\n<\/div><\/section><\/div><div  style='height:50px' class='hr hr-invisible   avia-builder-el-6  el_after_av_one_full  el_before_av_social_share '><span class='hr-inner ' ><span class='hr-inner-style'><\/span><\/span><\/div><\/p>\n<div  class='av-social-sharing-box  avia-builder-el-7  el_after_av_hr  el_before_av_hr  '><div class='av-share-box'><h5 class='av-share-link-description av-no-toc '>Compartir esta noticia<\/h5><ul class='av-share-box-list noLightbox'><li class='av-share-link av-social-link-facebook' ><a target=\"_blank\" aria-label=\"Compartir en Facebook\" href='https:\/\/www.facebook.com\/sharer.php?u=https:\/\/radiorevelacionfm.cl\/?p=66219&#038;t=Autoridades%20inspeccionan%20Puente%20Presidente%20Ib%C3%A1%C3%B1ez%20e%20informan%20avances%20en%20proyecto%20de%20conservaci%C3%B3n' aria-hidden='false' data-av_icon='\ue8f3' data-av_iconfont='entypo-fontello' title='' data-avia-related-tooltip='Compartir en Facebook' rel=\"noopener\"><span class='avia_hidden_link_text'>Compartir en Facebook<\/span><\/a><\/li><li class='av-share-link av-social-link-twitter' ><a target=\"_blank\" aria-label=\"Compartir en Twitter\" href='https:\/\/twitter.com\/share?text=Autoridades%20inspeccionan%20Puente%20Presidente%20Ib%C3%A1%C3%B1ez%20e%20informan%20avances%20en%20proyecto%20de%20conservaci%C3%B3n&#038;url=https:\/\/radiorevelacionfm.cl\/?p=66219' aria-hidden='false' data-av_icon='\ue8f1' data-av_iconfont='entypo-fontello' title='' data-avia-related-tooltip='Compartir en Twitter' rel=\"noopener\"><span class='avia_hidden_link_text'>Compartir en Twitter<\/span><\/a><\/li><li class='av-share-link av-social-link-whatsapp' ><a target=\"_blank\" aria-label=\"Compartir en Whatsapp\" href='https:\/\/api.whatsapp.com\/send?text=https:\/\/radiorevelacionfm.cl\/?p=66219' aria-hidden='false' data-av_icon='\uf232' data-av_iconfont='entypo-fontello' title='' data-avia-related-tooltip='Compartir en Whatsapp' rel=\"noopener\"><span class='avia_hidden_link_text'>Compartir en Whatsapp<\/span><\/a><\/li><li class='av-share-link av-social-link-linkedin' ><a target=\"_blank\" aria-label=\"Compartir en LinkedIn\" href='https:\/\/linkedin.com\/shareArticle?mini=true&#038;title=Autoridades%20inspeccionan%20Puente%20Presidente%20Ib%C3%A1%C3%B1ez%20e%20informan%20avances%20en%20proyecto%20de%20conservaci%C3%B3n&#038;url=https:\/\/radiorevelacionfm.cl\/?p=66219' aria-hidden='false' data-av_icon='\ue8fc' data-av_iconfont='entypo-fontello' title='' data-avia-related-tooltip='Compartir en LinkedIn' rel=\"noopener\"><span class='avia_hidden_link_text'>Compartir en LinkedIn<\/span><\/a><\/li><li class='av-share-link av-social-link-mail' ><a  aria-label=\"Compartir por correo\" href='mailto:?subject=Autoridades%20inspeccionan%20Puente%20Presidente%20Ib%C3%A1%C3%B1ez%20e%20informan%20avances%20en%20proyecto%20de%20conservaci%C3%B3n&#038;body=https:\/\/radiorevelacionfm.cl\/?p=66219' aria-hidden='false' data-av_icon='\ue805' data-av_iconfont='entypo-fontello' title='' data-avia-related-tooltip='Compartir por correo'><span class='avia_hidden_link_text'>Compartir por correo<\/span><\/a><\/li><\/ul><\/div><\/div>\n<div  style='height:50px' class='hr hr-invisible   avia-builder-el-8  el_after_av_social_share  el_before_av_comments_list '><span class='hr-inner ' ><span class='hr-inner-style'><\/span><\/span><\/div>\n<div  class='av-buildercomment  av-blog-meta-html-info-disabled av-blog-meta-tag-disabled  '><\/div>\n","protected":false},"excerpt":{"rendered":"","protected":false},"author":1,"featured_media":66220,"comment_status":"closed","ping_status":"closed","sticky":false,"template":"","format":"standard","meta":{"footnotes":""},"categories":[38],"tags":[],"class_list":["post-66219","post","type-post","status-publish","format-standard","has-post-thumbnail","hentry","category-regional"],"jetpack_featured_media_url":"https:\/\/radiorevelacionfm.cl\/wp-content\/uploads\/2026\/04\/img_4930-1-1_optimized-1.jpg","_links":{"self":[{"href":"https:\/\/radiorevelacionfm.cl\/index.php?rest_route=\/wp\/v2\/posts\/66219","targetHints":{"allow":["GET"]}}],"collection":[{"href":"https:\/\/radiorevelacionfm.cl\/index.php?rest_route=\/wp\/v2\/posts"}],"about":[{"href":"https:\/\/radiorevelacionfm.cl\/index.php?rest_route=\/wp\/v2\/types\/post"}],"author":[{"embeddable":true,"href":"https:\/\/radiorevelacionfm.cl\/index.php?rest_route=\/wp\/v2\/users\/1"}],"replies":[{"embeddable":true,"href":"https:\/\/radiorevelacionfm.cl\/index.php?rest_route=%2Fwp%2Fv2%2Fcomments&post=66219"}],"version-history":[{"count":2,"href":"https:\/\/radiorevelacionfm.cl\/index.php?rest_route=\/wp\/v2\/posts\/66219\/revisions"}],"predecessor-version":[{"id":66223,"href":"https:\/\/radiorevelacionfm.cl\/index.php?rest_route=\/wp\/v2\/posts\/66219\/revisions\/66223"}],"wp:featuredmedia":[{"embeddable":true,"href":"https:\/\/radiorevelacionfm.cl\/index.php?rest_route=\/wp\/v2\/media\/66220"}],"wp:attachment":[{"href":"https:\/\/radiorevelacionfm.cl\/index.php?rest_route=%2Fwp%2Fv2%2Fmedia&parent=66219"}],"wp:term":[{"taxonomy":"category","embeddable":true,"href":"https:\/\/radiorevelacionfm.cl\/index.php?rest_route=%2Fwp%2Fv2%2Fcategories&post=66219"},{"taxonomy":"post_tag","embeddable":true,"href":"https:\/\/radiorevelacionfm.cl\/index.php?rest_route=%2Fwp%2Fv2%2Ftags&post=66219"}],"curies":[{"name":"wp","href":"https:\/\/api.w.org\/{rel}","templated":true}]}}