{"id":66208,"date":"2026-04-17T19:16:55","date_gmt":"2026-04-17T22:16:55","guid":{"rendered":"https:\/\/radiorevelacionfm.cl\/?p=66208"},"modified":"2026-04-17T20:17:07","modified_gmt":"2026-04-17T23:17:07","slug":"confirman-renuncia-de-seremi-de-las-culturas-de-aysen-a-solo-19-dias-de-haber-asumido-el-cargo","status":"publish","type":"post","link":"https:\/\/radiorevelacionfm.cl\/?p=66208","title":{"rendered":"Confirman renuncia de Seremi de las Culturas de Ays\u00e9n a solo 19 d\u00edas de haber asumido el cargo"},"content":{"rendered":"<div class=\"flex_column av_one_full  flex_column_div av-zero-column-padding first  avia-builder-el-0  el_before_av_one_full  avia-builder-el-first  \" style='border-radius:0px; '><div  class='avia-image-container  av-styling-    avia-builder-el-1  avia-builder-el-no-sibling  avia-align-center '  itemprop=\"image\" itemscope=\"itemscope\" itemtype=\"https:\/\/schema.org\/ImageObject\"  ><div class='avia-image-container-inner'><div class='avia-image-overlay-wrap'><img decoding=\"async\" class='wp-image-66215 avia-img-lazy-loading-not-66215 avia_image' src=\"https:\/\/radiorevelacionfm.cl\/wp-content\/uploads\/2026\/04\/ExSeremi-Culturas1-1-1-1-Photoroom-1.jpg\" alt='' title='ExSeremi Culturas1 (1) (1) (1)-Photoroom (1)' height=\"684\" width=\"801\"  itemprop=\"thumbnailUrl\" srcset=\"https:\/\/radiorevelacionfm.cl\/wp-content\/uploads\/2026\/04\/ExSeremi-Culturas1-1-1-1-Photoroom-1.jpg 801w, https:\/\/radiorevelacionfm.cl\/wp-content\/uploads\/2026\/04\/ExSeremi-Culturas1-1-1-1-Photoroom-1-300x256.jpg 300w, https:\/\/radiorevelacionfm.cl\/wp-content\/uploads\/2026\/04\/ExSeremi-Culturas1-1-1-1-Photoroom-1-768x656.jpg 768w, https:\/\/radiorevelacionfm.cl\/wp-content\/uploads\/2026\/04\/ExSeremi-Culturas1-1-1-1-Photoroom-1-705x602.jpg 705w, https:\/\/radiorevelacionfm.cl\/wp-content\/uploads\/2026\/04\/ExSeremi-Culturas1-1-1-1-Photoroom-1-450x384.jpg 450w, https:\/\/radiorevelacionfm.cl\/wp-content\/uploads\/2026\/04\/ExSeremi-Culturas1-1-1-1-Photoroom-1-600x512.jpg 600w\" sizes=\"(max-width: 801px) 100vw, 801px\" \/><\/div><\/div><\/div><\/div>\n<div class=\"flex_column av_one_full  flex_column_div av-zero-column-padding first  avia-builder-el-2  el_after_av_one_full  el_before_av_one_full  column-top-margin\" style='border-radius:0px; '><section class=\"av_textblock_section \"  itemscope=\"itemscope\" itemtype=\"https:\/\/schema.org\/BlogPosting\" itemprop=\"blogPost\" ><div class='avia_textblock  '   itemprop=\"text\" ><p style=\"text-align: center;\"><strong><span style=\"font-size: 18pt;\">Confirman renuncia de Seremi de las Culturas de Ays\u00e9n a solo 19 d\u00edas de haber asumido el cargo<\/span><\/strong><\/p>\n<div id=\"gtx-trans\" style=\"position: absolute; left: -50px; top: 4.31534px;\">\n<div class=\"gtx-trans-icon\"><\/div>\n<\/div>\n<\/div><\/section><\/div>\n<div class=\"flex_column av_one_full  flex_column_div av-zero-column-padding first  avia-builder-el-4  el_after_av_one_full  el_before_av_hr  column-top-margin\" style='border-radius:0px; '><section class=\"av_textblock_section \"  itemscope=\"itemscope\" itemtype=\"https:\/\/schema.org\/BlogPosting\" itemprop=\"blogPost\" ><div class='avia_textblock  '   itemprop=\"text\" ><p style=\"text-align: justify;\"><em>\u00c1ngela Valdebenito Rivadeneira, ingeniera (e) en administraci\u00f3n de empresas y exconcejala de Chile Chico, es la primera baja del gabinete regional. El Gobierno confirm\u00f3 su salida y ya trabaja en una nueva terna para reemplazarla.<\/em><\/p>\n<p style=\"text-align: justify;\">La exseremi de las Culturas, las Artes y el Patrimonio, fue oficialmente anunciada el 30 de marzo de 2026 y hoy deja el cargo, apenas 19 d\u00edas despu\u00e9s de haber asumido.<\/p>\n<p style=\"text-align: justify;\">Desde el Gobierno se habla de una salida por \u00abmotivos personales\u00bb.<\/p>\n<p style=\"text-align: justify;\">La seremi de Gobierno de Ays\u00e9n, B\u00e1rbara Ort\u00fazar, asegur\u00f3 que \u201cen nuestra regi\u00f3n de Ays\u00e9n es la \u00fanica autoridad que ha renunciado, y en este caso es por razones personales\u201d.<\/p>\n<p style=\"text-align: justify;\">La vocera agreg\u00f3 que \u201cen este minuto nos encontramos avocados a la confecci\u00f3n de una nueva terna por parte de la delegaci\u00f3n regional para tener prontamente una nueva seremi y as\u00ed continuar con el trabajo sectorial\u201d, junto con se\u00f1alar que \u201cle damos las gracias a la seremi y le deseamos el mayor de los \u00e9xitos en sus futuros proyectos\u201d.<\/p>\n<p style=\"text-align: justify;\">Pese a la explicaci\u00f3n oficial, en la regi\u00f3n tambi\u00e9n circulan versiones sobre una eventual revisi\u00f3n de antecedentes que habr\u00eda detectado un desajuste entre su experiencia profesional y los requisitos exigidos para el cargo. Hasta ahora, sin embargo, esa hip\u00f3tesis no ha sido confirmada por el Ejecutivo, que mantiene la tesis de la renuncia por motivos personales.<\/p>\n<p style=\"text-align: justify;\">En los \u00faltimos d\u00edas ya se hab\u00edan reportado otras salidas o renuncias de autoridades designadas por el Gobierno, una se\u00f1al que ha instalado dudas sobre los filtros aplicados en la conformaci\u00f3n de equipos territoriales.<\/p>\n<\/div><\/section><\/div><div  style='height:50px' class='hr hr-invisible   avia-builder-el-6  el_after_av_one_full  el_before_av_social_share '><span class='hr-inner ' ><span class='hr-inner-style'><\/span><\/span><\/div><\/p>\n<div  class='av-social-sharing-box  avia-builder-el-7  el_after_av_hr  el_before_av_hr  '><div class='av-share-box'><h5 class='av-share-link-description av-no-toc '>Compartir esta noticia<\/h5><ul class='av-share-box-list noLightbox'><li class='av-share-link av-social-link-facebook' ><a target=\"_blank\" aria-label=\"Compartir en Facebook\" href='https:\/\/www.facebook.com\/sharer.php?u=https:\/\/radiorevelacionfm.cl\/?p=66208&#038;t=Confirman%20renuncia%20de%20Seremi%20de%20las%20Culturas%20de%20Ays%C3%A9n%20a%20solo%2019%20d%C3%ADas%20de%20haber%20asumido%20el%20cargo' aria-hidden='false' data-av_icon='\ue8f3' data-av_iconfont='entypo-fontello' title='' data-avia-related-tooltip='Compartir en Facebook' rel=\"noopener\"><span class='avia_hidden_link_text'>Compartir en Facebook<\/span><\/a><\/li><li class='av-share-link av-social-link-twitter' ><a target=\"_blank\" aria-label=\"Compartir en Twitter\" href='https:\/\/twitter.com\/share?text=Confirman%20renuncia%20de%20Seremi%20de%20las%20Culturas%20de%20Ays%C3%A9n%20a%20solo%2019%20d%C3%ADas%20de%20haber%20asumido%20el%20cargo&#038;url=https:\/\/radiorevelacionfm.cl\/?p=66208' aria-hidden='false' data-av_icon='\ue8f1' data-av_iconfont='entypo-fontello' title='' data-avia-related-tooltip='Compartir en Twitter' rel=\"noopener\"><span class='avia_hidden_link_text'>Compartir en Twitter<\/span><\/a><\/li><li class='av-share-link av-social-link-whatsapp' ><a target=\"_blank\" aria-label=\"Compartir en Whatsapp\" href='https:\/\/api.whatsapp.com\/send?text=https:\/\/radiorevelacionfm.cl\/?p=66208' aria-hidden='false' data-av_icon='\uf232' data-av_iconfont='entypo-fontello' title='' data-avia-related-tooltip='Compartir en Whatsapp' rel=\"noopener\"><span class='avia_hidden_link_text'>Compartir en Whatsapp<\/span><\/a><\/li><li class='av-share-link av-social-link-linkedin' ><a target=\"_blank\" aria-label=\"Compartir en LinkedIn\" href='https:\/\/linkedin.com\/shareArticle?mini=true&#038;title=Confirman%20renuncia%20de%20Seremi%20de%20las%20Culturas%20de%20Ays%C3%A9n%20a%20solo%2019%20d%C3%ADas%20de%20haber%20asumido%20el%20cargo&#038;url=https:\/\/radiorevelacionfm.cl\/?p=66208' aria-hidden='false' data-av_icon='\ue8fc' data-av_iconfont='entypo-fontello' title='' data-avia-related-tooltip='Compartir en LinkedIn' rel=\"noopener\"><span class='avia_hidden_link_text'>Compartir en LinkedIn<\/span><\/a><\/li><li class='av-share-link av-social-link-mail' ><a  aria-label=\"Compartir por correo\" href='mailto:?subject=Confirman%20renuncia%20de%20Seremi%20de%20las%20Culturas%20de%20Ays%C3%A9n%20a%20solo%2019%20d%C3%ADas%20de%20haber%20asumido%20el%20cargo&#038;body=https:\/\/radiorevelacionfm.cl\/?p=66208' aria-hidden='false' data-av_icon='\ue805' data-av_iconfont='entypo-fontello' title='' data-avia-related-tooltip='Compartir por correo'><span class='avia_hidden_link_text'>Compartir por correo<\/span><\/a><\/li><\/ul><\/div><\/div>\n<div  style='height:50px' class='hr hr-invisible   avia-builder-el-8  el_after_av_social_share  el_before_av_comments_list '><span class='hr-inner ' ><span class='hr-inner-style'><\/span><\/span><\/div>\n<div  class='av-buildercomment  av-blog-meta-html-info-disabled av-blog-meta-tag-disabled  '><\/div>\n","protected":false},"excerpt":{"rendered":"","protected":false},"author":1,"featured_media":66215,"comment_status":"closed","ping_status":"closed","sticky":false,"template":"","format":"standard","meta":{"footnotes":""},"categories":[35],"tags":[],"class_list":["post-66208","post","type-post","status-publish","format-standard","has-post-thumbnail","hentry","category-politica"],"jetpack_featured_media_url":"https:\/\/radiorevelacionfm.cl\/wp-content\/uploads\/2026\/04\/ExSeremi-Culturas1-1-1-1-Photoroom-1.jpg","_links":{"self":[{"href":"https:\/\/radiorevelacionfm.cl\/index.php?rest_route=\/wp\/v2\/posts\/66208","targetHints":{"allow":["GET"]}}],"collection":[{"href":"https:\/\/radiorevelacionfm.cl\/index.php?rest_route=\/wp\/v2\/posts"}],"about":[{"href":"https:\/\/radiorevelacionfm.cl\/index.php?rest_route=\/wp\/v2\/types\/post"}],"author":[{"embeddable":true,"href":"https:\/\/radiorevelacionfm.cl\/index.php?rest_route=\/wp\/v2\/users\/1"}],"replies":[{"embeddable":true,"href":"https:\/\/radiorevelacionfm.cl\/index.php?rest_route=%2Fwp%2Fv2%2Fcomments&post=66208"}],"version-history":[{"count":5,"href":"https:\/\/radiorevelacionfm.cl\/index.php?rest_route=\/wp\/v2\/posts\/66208\/revisions"}],"predecessor-version":[{"id":66217,"href":"https:\/\/radiorevelacionfm.cl\/index.php?rest_route=\/wp\/v2\/posts\/66208\/revisions\/66217"}],"wp:featuredmedia":[{"embeddable":true,"href":"https:\/\/radiorevelacionfm.cl\/index.php?rest_route=\/wp\/v2\/media\/66215"}],"wp:attachment":[{"href":"https:\/\/radiorevelacionfm.cl\/index.php?rest_route=%2Fwp%2Fv2%2Fmedia&parent=66208"}],"wp:term":[{"taxonomy":"category","embeddable":true,"href":"https:\/\/radiorevelacionfm.cl\/index.php?rest_route=%2Fwp%2Fv2%2Fcategories&post=66208"},{"taxonomy":"post_tag","embeddable":true,"href":"https:\/\/radiorevelacionfm.cl\/index.php?rest_route=%2Fwp%2Fv2%2Ftags&post=66208"}],"curies":[{"name":"wp","href":"https:\/\/api.w.org\/{rel}","templated":true}]}}