{"id":66205,"date":"2026-04-17T20:37:21","date_gmt":"2026-04-17T23:37:21","guid":{"rendered":"https:\/\/radiorevelacionfm.cl\/?p=66205"},"modified":"2026-04-17T20:37:21","modified_gmt":"2026-04-17T23:37:21","slug":"fiscalia-logra-condena-contra-imputado-que-estafo-a-22-victimas-bajo-la-fachada-de-supuestas-agencias-de-turismo","status":"publish","type":"post","link":"https:\/\/radiorevelacionfm.cl\/?p=66205","title":{"rendered":"Fiscal\u00eda logra condena contra imputado que estaf\u00f3 a 22 v\u00edctimas bajo la fachada de supuestas agencias de turismo"},"content":{"rendered":"<div class=\"flex_column av_one_full  flex_column_div av-zero-column-padding first  avia-builder-el-0  el_before_av_one_full  avia-builder-el-first  \" style='border-radius:0px; '><div  class='avia-image-container  av-styling-    avia-builder-el-1  avia-builder-el-no-sibling  avia-align-center '  itemprop=\"image\" itemscope=\"itemscope\" itemtype=\"https:\/\/schema.org\/ImageObject\"  ><div class='avia-image-container-inner'><div class='avia-image-overlay-wrap'><img decoding=\"async\" class='wp-image-64431 avia-img-lazy-loading-not-64431 avia_image' src=\"https:\/\/radiorevelacionfm.cl\/wp-content\/uploads\/2026\/02\/frontis10-Fiscalia-1-1.jpg\" alt='' title='frontis10 Fiscalia (1) (1)' height=\"600\" width=\"900\"  itemprop=\"thumbnailUrl\" srcset=\"https:\/\/radiorevelacionfm.cl\/wp-content\/uploads\/2026\/02\/frontis10-Fiscalia-1-1.jpg 900w, https:\/\/radiorevelacionfm.cl\/wp-content\/uploads\/2026\/02\/frontis10-Fiscalia-1-1-300x200.jpg 300w, https:\/\/radiorevelacionfm.cl\/wp-content\/uploads\/2026\/02\/frontis10-Fiscalia-1-1-768x512.jpg 768w, https:\/\/radiorevelacionfm.cl\/wp-content\/uploads\/2026\/02\/frontis10-Fiscalia-1-1-705x470.jpg 705w, https:\/\/radiorevelacionfm.cl\/wp-content\/uploads\/2026\/02\/frontis10-Fiscalia-1-1-450x300.jpg 450w, https:\/\/radiorevelacionfm.cl\/wp-content\/uploads\/2026\/02\/frontis10-Fiscalia-1-1-600x400.jpg 600w\" sizes=\"(max-width: 900px) 100vw, 900px\" \/><\/div><\/div><\/div><\/div><div class=\"flex_column av_one_full  flex_column_div av-zero-column-padding first  avia-builder-el-2  el_after_av_one_full  el_before_av_one_full  column-top-margin\" style='border-radius:0px; '><section class=\"av_textblock_section \"  itemscope=\"itemscope\" itemtype=\"https:\/\/schema.org\/BlogPosting\" itemprop=\"blogPost\" ><div class='avia_textblock  '   itemprop=\"text\" ><p style=\"text-align: center;\"><strong><span style=\"font-size: 18pt;\">Fiscal\u00eda logra condena contra imputado que estaf\u00f3 a 22 v\u00edctimas bajo la fachada de supuestas agencias de turismo <\/span><\/strong><\/p>\n<div id=\"gtx-trans\" style=\"position: absolute; left: -50px; top: 4.31534px;\">\n<div class=\"gtx-trans-icon\"><\/div>\n<\/div>\n<\/div><\/section><\/div><div class=\"flex_column av_one_full  flex_column_div av-zero-column-padding first  avia-builder-el-4  el_after_av_one_full  el_before_av_hr  column-top-margin\" style='border-radius:0px; '><section class=\"av_textblock_section \"  itemscope=\"itemscope\" itemtype=\"https:\/\/schema.org\/BlogPosting\" itemprop=\"blogPost\" ><div class='avia_textblock  '   itemprop=\"text\" ><p style=\"text-align: justify;\"><em>El imputado se encuentra en prisi\u00f3n preventiva desde enero del a\u00f1o 2025 y continuar\u00e1 recluido para dar cumplimiento a la condena.\u00a0<\/em><\/p>\n<p style=\"text-align: justify;\">La Unidad SAC (Sistema de An\u00e1lisis Criminal) de la Fiscal\u00eda Regional de Ays\u00e9n, logr\u00f3 una condena en el marco de un Procedimiento Abreviado realizado en el Juzgado de Garant\u00eda de Puerto Ays\u00e9n, donde el imputado de 37 a\u00f1os fue condenado a 3 a\u00f1os y 1 d\u00eda de presidio efectivo, quien fue acusado como autor de estafas reiteradas que afectaron a 22 v\u00edctimas de distintas ciudades del pa\u00eds, hechos ocurrido entre los a\u00f1os 2022 y 2025.<\/p>\n<p style=\"text-align: justify;\">Seg\u00fan explic\u00f3 el Fiscal Adjunto, Jaime Rojas Gatica, se logr\u00f3 acreditar que el imputado utilizando diversas artima\u00f1as, como actuar bajo la fachada de supuestas agencias de turismo como Mi Tour Coyhaique, lograba que las v\u00edctimas le efectuaran pagos por supuestos viajes a diferentes lugares tur\u00edsticos de la Regi\u00f3n de Ays\u00e9n. Estos eran luego cancelados intempestivamente por el imputado arguyendo razones o justificaciones que, seg\u00fan se pudo determinar, eran s\u00f3lo parte del enga\u00f1o.<\/p>\n<p style=\"text-align: justify;\">El imputado, a\u00f1adi\u00f3 el Fiscal Rojas, \u201ccaus\u00f3 un perjuicio a las v\u00edctimas que se tradujo, no solo en el dinero que desembolsaban al imputado, sino que algunas incluso viajaban a la Regi\u00f3n de Ays\u00e9n y estando ac\u00e1 eran notificadas de la cancelaci\u00f3n, debiendo incurrir en nuevos gastos a ra\u00edz del actuar del imputado\u201d.<\/p>\n<p style=\"text-align: justify;\">En este caso, destac\u00f3 el Fiscal, fueron fundamentales las denuncias de las v\u00edctimas quienes aportaron antecedentes que permitieron formular la acusaci\u00f3n y posterior condena.<\/p>\n<p style=\"text-align: justify;\">El imputado se encuentra en prisi\u00f3n preventiva desde enero del a\u00f1o 2025 y continuar\u00e1 recluido para dar cumplimiento a la condena.<\/p>\n<\/div><\/section><\/div><div  style='height:50px' class='hr hr-invisible   avia-builder-el-6  el_after_av_one_full  el_before_av_social_share '><span class='hr-inner ' ><span class='hr-inner-style'><\/span><\/span><\/div><\/p>\n<div  class='av-social-sharing-box  avia-builder-el-7  el_after_av_hr  el_before_av_hr  '><div class='av-share-box'><h5 class='av-share-link-description av-no-toc '>Compartir esta noticia<\/h5><ul class='av-share-box-list noLightbox'><li class='av-share-link av-social-link-facebook' ><a target=\"_blank\" aria-label=\"Compartir en Facebook\" href='https:\/\/www.facebook.com\/sharer.php?u=https:\/\/radiorevelacionfm.cl\/?p=66205&#038;t=Fiscal%C3%ADa%20logra%20condena%20contra%20imputado%20que%20estaf%C3%B3%20a%2022%20v%C3%ADctimas%20bajo%20la%20fachada%20de%20supuestas%20agencias%20de%20turismo' aria-hidden='false' data-av_icon='\ue8f3' data-av_iconfont='entypo-fontello' title='' data-avia-related-tooltip='Compartir en Facebook' rel=\"noopener\"><span class='avia_hidden_link_text'>Compartir en Facebook<\/span><\/a><\/li><li class='av-share-link av-social-link-twitter' ><a target=\"_blank\" aria-label=\"Compartir en Twitter\" href='https:\/\/twitter.com\/share?text=Fiscal%C3%ADa%20logra%20condena%20contra%20imputado%20que%20estaf%C3%B3%20a%2022%20v%C3%ADctimas%20bajo%20la%20fachada%20de%20supuestas%20agencias%20de%20turismo&#038;url=https:\/\/radiorevelacionfm.cl\/?p=66205' aria-hidden='false' data-av_icon='\ue8f1' data-av_iconfont='entypo-fontello' title='' data-avia-related-tooltip='Compartir en Twitter' rel=\"noopener\"><span class='avia_hidden_link_text'>Compartir en Twitter<\/span><\/a><\/li><li class='av-share-link av-social-link-whatsapp' ><a target=\"_blank\" aria-label=\"Compartir en Whatsapp\" href='https:\/\/api.whatsapp.com\/send?text=https:\/\/radiorevelacionfm.cl\/?p=66205' aria-hidden='false' data-av_icon='\uf232' data-av_iconfont='entypo-fontello' title='' data-avia-related-tooltip='Compartir en Whatsapp' rel=\"noopener\"><span class='avia_hidden_link_text'>Compartir en Whatsapp<\/span><\/a><\/li><li class='av-share-link av-social-link-linkedin' ><a target=\"_blank\" aria-label=\"Compartir en LinkedIn\" href='https:\/\/linkedin.com\/shareArticle?mini=true&#038;title=Fiscal%C3%ADa%20logra%20condena%20contra%20imputado%20que%20estaf%C3%B3%20a%2022%20v%C3%ADctimas%20bajo%20la%20fachada%20de%20supuestas%20agencias%20de%20turismo&#038;url=https:\/\/radiorevelacionfm.cl\/?p=66205' aria-hidden='false' data-av_icon='\ue8fc' data-av_iconfont='entypo-fontello' title='' data-avia-related-tooltip='Compartir en LinkedIn' rel=\"noopener\"><span class='avia_hidden_link_text'>Compartir en LinkedIn<\/span><\/a><\/li><li class='av-share-link av-social-link-mail' ><a  aria-label=\"Compartir por correo\" href='mailto:?subject=Fiscal%C3%ADa%20logra%20condena%20contra%20imputado%20que%20estaf%C3%B3%20a%2022%20v%C3%ADctimas%20bajo%20la%20fachada%20de%20supuestas%20agencias%20de%20turismo&#038;body=https:\/\/radiorevelacionfm.cl\/?p=66205' aria-hidden='false' data-av_icon='\ue805' data-av_iconfont='entypo-fontello' title='' data-avia-related-tooltip='Compartir por correo'><span class='avia_hidden_link_text'>Compartir por correo<\/span><\/a><\/li><\/ul><\/div><\/div>\n<div  style='height:50px' class='hr hr-invisible   avia-builder-el-8  el_after_av_social_share  el_before_av_comments_list '><span class='hr-inner ' ><span class='hr-inner-style'><\/span><\/span><\/div>\n<div  class='av-buildercomment  av-blog-meta-html-info-disabled av-blog-meta-tag-disabled  '><\/div>\n","protected":false},"excerpt":{"rendered":"","protected":false},"author":1,"featured_media":64431,"comment_status":"closed","ping_status":"closed","sticky":false,"template":"","format":"standard","meta":{"footnotes":""},"categories":[55],"tags":[],"class_list":["post-66205","post","type-post","status-publish","format-standard","has-post-thumbnail","hentry","category-justicia"],"jetpack_featured_media_url":"https:\/\/radiorevelacionfm.cl\/wp-content\/uploads\/2026\/02\/frontis10-Fiscalia-1-1.jpg","_links":{"self":[{"href":"https:\/\/radiorevelacionfm.cl\/index.php?rest_route=\/wp\/v2\/posts\/66205","targetHints":{"allow":["GET"]}}],"collection":[{"href":"https:\/\/radiorevelacionfm.cl\/index.php?rest_route=\/wp\/v2\/posts"}],"about":[{"href":"https:\/\/radiorevelacionfm.cl\/index.php?rest_route=\/wp\/v2\/types\/post"}],"author":[{"embeddable":true,"href":"https:\/\/radiorevelacionfm.cl\/index.php?rest_route=\/wp\/v2\/users\/1"}],"replies":[{"embeddable":true,"href":"https:\/\/radiorevelacionfm.cl\/index.php?rest_route=%2Fwp%2Fv2%2Fcomments&post=66205"}],"version-history":[{"count":2,"href":"https:\/\/radiorevelacionfm.cl\/index.php?rest_route=\/wp\/v2\/posts\/66205\/revisions"}],"predecessor-version":[{"id":66222,"href":"https:\/\/radiorevelacionfm.cl\/index.php?rest_route=\/wp\/v2\/posts\/66205\/revisions\/66222"}],"wp:featuredmedia":[{"embeddable":true,"href":"https:\/\/radiorevelacionfm.cl\/index.php?rest_route=\/wp\/v2\/media\/64431"}],"wp:attachment":[{"href":"https:\/\/radiorevelacionfm.cl\/index.php?rest_route=%2Fwp%2Fv2%2Fmedia&parent=66205"}],"wp:term":[{"taxonomy":"category","embeddable":true,"href":"https:\/\/radiorevelacionfm.cl\/index.php?rest_route=%2Fwp%2Fv2%2Fcategories&post=66205"},{"taxonomy":"post_tag","embeddable":true,"href":"https:\/\/radiorevelacionfm.cl\/index.php?rest_route=%2Fwp%2Fv2%2Ftags&post=66205"}],"curies":[{"name":"wp","href":"https:\/\/api.w.org\/{rel}","templated":true}]}}