{"id":66198,"date":"2026-04-18T12:36:39","date_gmt":"2026-04-18T15:36:39","guid":{"rendered":"https:\/\/radiorevelacionfm.cl\/?p=66198"},"modified":"2026-04-18T12:36:39","modified_gmt":"2026-04-18T15:36:39","slug":"litoral-de-aysen-define-hoja-de-ruta-con-participacion-territorial","status":"publish","type":"post","link":"https:\/\/radiorevelacionfm.cl\/?p=66198","title":{"rendered":"Litoral de Ays\u00e9n define hoja de ruta con participaci\u00f3n territorial"},"content":{"rendered":"<div class=\"flex_column av_one_full  flex_column_div av-zero-column-padding first  avia-builder-el-0  el_before_av_one_full  avia-builder-el-first  \" style='border-radius:0px; '><div  class='avia-image-container  av-styling-    avia-builder-el-1  avia-builder-el-no-sibling  avia-align-center '  itemprop=\"image\" itemscope=\"itemscope\" itemtype=\"https:\/\/schema.org\/ImageObject\"  ><div class='avia-image-container-inner'><div class='avia-image-overlay-wrap'><img decoding=\"async\" class='wp-image-66199 avia-img-lazy-loading-not-66199 avia_image' src=\"https:\/\/radiorevelacionfm.cl\/wp-content\/uploads\/2026\/04\/5-2026-04-17t165840_optimized.346-1.jpg\" alt='' title='5 - -2026-04-17t165840_optimized.346-(1)' height=\"600\" width=\"1067\"  itemprop=\"thumbnailUrl\" srcset=\"https:\/\/radiorevelacionfm.cl\/wp-content\/uploads\/2026\/04\/5-2026-04-17t165840_optimized.346-1.jpg 1067w, https:\/\/radiorevelacionfm.cl\/wp-content\/uploads\/2026\/04\/5-2026-04-17t165840_optimized.346-1-300x169.jpg 300w, https:\/\/radiorevelacionfm.cl\/wp-content\/uploads\/2026\/04\/5-2026-04-17t165840_optimized.346-1-1030x579.jpg 1030w, https:\/\/radiorevelacionfm.cl\/wp-content\/uploads\/2026\/04\/5-2026-04-17t165840_optimized.346-1-768x432.jpg 768w, https:\/\/radiorevelacionfm.cl\/wp-content\/uploads\/2026\/04\/5-2026-04-17t165840_optimized.346-1-705x396.jpg 705w, https:\/\/radiorevelacionfm.cl\/wp-content\/uploads\/2026\/04\/5-2026-04-17t165840_optimized.346-1-450x253.jpg 450w, https:\/\/radiorevelacionfm.cl\/wp-content\/uploads\/2026\/04\/5-2026-04-17t165840_optimized.346-1-600x337.jpg 600w\" sizes=\"(max-width: 1067px) 100vw, 1067px\" \/><\/div><\/div><\/div><\/div><div class=\"flex_column av_one_full  flex_column_div av-zero-column-padding first  avia-builder-el-2  el_after_av_one_full  el_before_av_one_full  column-top-margin\" style='border-radius:0px; '><section class=\"av_textblock_section \"  itemscope=\"itemscope\" itemtype=\"https:\/\/schema.org\/BlogPosting\" itemprop=\"blogPost\" ><div class='avia_textblock  '   itemprop=\"text\" ><p style=\"text-align: center;\"><strong><span style=\"font-size: 18pt;\"><span lang=\"es-419\">Litoral de Ays\u00e9n define hoja de ruta con participaci\u00f3n territorial<\/span><\/span><\/strong><\/p>\n<div id=\"gtx-trans\" style=\"position: absolute; left: -50px; top: 4.31534px;\">\n<div class=\"gtx-trans-icon\"><\/div>\n<\/div>\n<\/div><\/section><\/div><div class=\"flex_column av_one_full  flex_column_div av-zero-column-padding first  avia-builder-el-4  el_after_av_one_full  el_before_av_hr  column-top-margin\" style='border-radius:0px; '><section class=\"av_textblock_section \"  itemscope=\"itemscope\" itemtype=\"https:\/\/schema.org\/BlogPosting\" itemprop=\"blogPost\" ><div class='avia_textblock  '   itemprop=\"text\" ><p style=\"font-weight: 400; text-align: justify;\"><em>Programa Transforma, una iniciativa Corfo, cierra su primera etapa con acuerdos para el desarrollo productivo sostenible del borde costero.<\/em><\/p>\n<p style=\"font-weight: 400; text-align: justify;\">Con la participaci\u00f3n de actores p\u00fablicos, privados, acad\u00e9micos y comunitarios, el Programa Transforma Litoral Ays\u00e9n, impulsado por Corfo y ejecutado por GEDES, cerr\u00f3 en Puerto Chacabuco su primera etapa participativa, marcando un avance clave en la definici\u00f3n de una hoja de ruta para el desarrollo productivo del borde costero en los pr\u00f3ximos nueve a\u00f1os.<\/p>\n<p style=\"font-weight: 400; text-align: justify;\">El proceso permiti\u00f3 recoger visiones desde distintos sectores \u2014acuicultura, pesca artesanal, turismo y servicios\u2014 con un objetivo com\u00fan: proyectar un desarrollo sostenible del litoral, basado en las realidades del territorio y no en modelos externos.<\/p>\n<p style=\"font-weight: 400; text-align: justify;\">Este hito no solo consolida un diagn\u00f3stico compartido, sino que tambi\u00e9n establece las bases para decisiones futuras que impactar\u00e1n directamente en la calidad de vida de las comunidades costeras, la generaci\u00f3n de empleo y el fortalecimiento de las econom\u00edas locales.<\/p>\n<p style=\"font-weight: 400; text-align: justify;\"><strong>UN PROCESO DESDE EL TERRITORIO<\/strong><\/p>\n<p style=\"font-weight: 400; text-align: justify;\">Uno de los principales logros de esta etapa fue la alta convocatoria y diversidad de actores, incluyendo representantes de zonas aisladas como Tortel, Islas Huichas, Cisnes y Guaitecas.<\/p>\n<p style=\"font-weight: 400; text-align: justify;\">La directora del CIEP, Andrea Foesel, valor\u00f3 el car\u00e1cter de estas instancias, destacando que permiten alinear las pol\u00edticas p\u00fablicas con las necesidades locales. Seg\u00fan explic\u00f3, estos espacios ayudan a que los programas \u201ctengan una bajada efectiva\u201d en el territorio, evitando desconexiones entre el dise\u00f1o central y la realidad regional.<\/p>\n<p style=\"font-weight: 400; text-align: justify;\">Esa mirada fue compartida por distintos sectores. Jaime Guti\u00e9rrez, de CITECMA, se\u00f1al\u00f3 que, pese a las diferencias entre actores, existe coincidencia en los principales desaf\u00edos: brechas en infraestructura, conectividad y condiciones para retener capital humano en la regi\u00f3n. Al mismo tiempo, subray\u00f3 el potencial del litoral como motor de desarrollo.<\/p>\n<p style=\"font-weight: 400; text-align: justify;\"><strong>DESARROLLO PRODUCTIVO CON ENFOQUE SOSTENIBLE<\/strong><\/p>\n<p style=\"font-weight: 400; text-align: justify;\">Uno de los conceptos que cruz\u00f3 la jornada fue el de econom\u00eda azul, entendido como la capacidad de desarrollar actividades productivas en equilibrio con el entorno natural.<\/p>\n<p style=\"font-weight: 400; text-align: justify;\">En esa l\u00ednea, Juan Carlos C\u00e1rdenas, presidente de la Corporaci\u00f3n Ays\u00e9n Patagonia, plante\u00f3 que el desaf\u00edo no es menor: lograr que crecimiento econ\u00f3mico y cuidado ambiental avancen juntos. A su juicio, el desarrollo futuro depender\u00e1 de la capacidad de los actores de \u201cponerse de acuerdo en c\u00f3mo vamos a desarrollar la regi\u00f3n\u201d, resguardando su patrimonio natural.<\/p>\n<p style=\"font-weight: 400; text-align: justify;\">Desde el turismo, tambi\u00e9n se evidenci\u00f3 una oportunidad concreta. El director regional de Sernatur, Claudio Montecinos, destac\u00f3 el crecimiento de actividades como el turismo n\u00e1utico y el avistamiento de cet\u00e1ceos, aunque advirti\u00f3 que su consolidaci\u00f3n requiere resolver brechas en infraestructura.<\/p>\n<p style=\"font-weight: 400; text-align: justify;\">A su vez, desde el \u00e1mbito portuario, Felipe Candia, de EMPORCHA, reforz\u00f3 que el desarrollo econ\u00f3mico regional est\u00e1 estrechamente vinculado al mar, se\u00f1alando la necesidad de avanzar hacia un modelo que distribuya sus beneficios de manera m\u00e1s equitativa en el territorio.<\/p>\n<p style=\"font-weight: 400; text-align: justify;\"><strong>ROL ARTICULADOR Y PR\u00d3XIMOS PASOS<\/strong><\/p>\n<p style=\"font-weight: 400; text-align: justify;\">El director (s) de Corfo Ays\u00e9n, Boris L\u00f3pez Bravo, destac\u00f3 que el proceso permiti\u00f3 avanzar en una visi\u00f3n compartida y en una primera hoja de acciones para abordar las brechas identificadas, valorando la participaci\u00f3n de distintos sectores productivos y territoriales.<\/p>\n<p style=\"font-weight: 400; text-align: justify;\">En la misma l\u00ednea, el seremi de Econom\u00eda, Rodrigo Aguilar, se\u00f1al\u00f3 que el programa busca consolidarse como una herramienta para coordinar esfuerzos y orientar el desarrollo integral del litoral.<\/p>\n<p style=\"font-weight: 400; text-align: justify;\">Como siguiente etapa, se espera que durante el mes de mayo se realice la primera sesi\u00f3n del Comit\u00e9 Ejecutivo (Gobernanza) del programa, y que, en esa instancia, se valide la Hoja de Ruta del Programa Transforma Litoral Ays\u00e9n y la formulaci\u00f3n de la primera etapa de ejecuci\u00f3n.<\/p>\n<\/div><\/section><\/div><div  style='height:50px' class='hr hr-invisible   avia-builder-el-6  el_after_av_one_full  el_before_av_social_share '><span class='hr-inner ' ><span class='hr-inner-style'><\/span><\/span><\/div><\/p>\n<div  class='av-social-sharing-box  avia-builder-el-7  el_after_av_hr  el_before_av_hr  '><div class='av-share-box'><h5 class='av-share-link-description av-no-toc '>Compartir esta noticia<\/h5><ul class='av-share-box-list noLightbox'><li class='av-share-link av-social-link-facebook' ><a target=\"_blank\" aria-label=\"Compartir en Facebook\" href='https:\/\/www.facebook.com\/sharer.php?u=https:\/\/radiorevelacionfm.cl\/?p=66198&#038;t=Litoral%20de%20Ays%C3%A9n%20define%20hoja%20de%20ruta%20con%20participaci%C3%B3n%20territorial' aria-hidden='false' data-av_icon='\ue8f3' data-av_iconfont='entypo-fontello' title='' data-avia-related-tooltip='Compartir en Facebook' rel=\"noopener\"><span class='avia_hidden_link_text'>Compartir en Facebook<\/span><\/a><\/li><li class='av-share-link av-social-link-twitter' ><a target=\"_blank\" aria-label=\"Compartir en Twitter\" href='https:\/\/twitter.com\/share?text=Litoral%20de%20Ays%C3%A9n%20define%20hoja%20de%20ruta%20con%20participaci%C3%B3n%20territorial&#038;url=https:\/\/radiorevelacionfm.cl\/?p=66198' aria-hidden='false' data-av_icon='\ue8f1' data-av_iconfont='entypo-fontello' title='' data-avia-related-tooltip='Compartir en Twitter' rel=\"noopener\"><span class='avia_hidden_link_text'>Compartir en Twitter<\/span><\/a><\/li><li class='av-share-link av-social-link-whatsapp' ><a target=\"_blank\" aria-label=\"Compartir en Whatsapp\" href='https:\/\/api.whatsapp.com\/send?text=https:\/\/radiorevelacionfm.cl\/?p=66198' aria-hidden='false' data-av_icon='\uf232' data-av_iconfont='entypo-fontello' title='' data-avia-related-tooltip='Compartir en Whatsapp' rel=\"noopener\"><span class='avia_hidden_link_text'>Compartir en Whatsapp<\/span><\/a><\/li><li class='av-share-link av-social-link-linkedin' ><a target=\"_blank\" aria-label=\"Compartir en LinkedIn\" href='https:\/\/linkedin.com\/shareArticle?mini=true&#038;title=Litoral%20de%20Ays%C3%A9n%20define%20hoja%20de%20ruta%20con%20participaci%C3%B3n%20territorial&#038;url=https:\/\/radiorevelacionfm.cl\/?p=66198' aria-hidden='false' data-av_icon='\ue8fc' data-av_iconfont='entypo-fontello' title='' data-avia-related-tooltip='Compartir en LinkedIn' rel=\"noopener\"><span class='avia_hidden_link_text'>Compartir en LinkedIn<\/span><\/a><\/li><li class='av-share-link av-social-link-mail' ><a  aria-label=\"Compartir por correo\" href='mailto:?subject=Litoral%20de%20Ays%C3%A9n%20define%20hoja%20de%20ruta%20con%20participaci%C3%B3n%20territorial&#038;body=https:\/\/radiorevelacionfm.cl\/?p=66198' aria-hidden='false' data-av_icon='\ue805' data-av_iconfont='entypo-fontello' title='' data-avia-related-tooltip='Compartir por correo'><span class='avia_hidden_link_text'>Compartir por correo<\/span><\/a><\/li><\/ul><\/div><\/div>\n<div  style='height:50px' class='hr hr-invisible   avia-builder-el-8  el_after_av_social_share  el_before_av_comments_list '><span class='hr-inner ' ><span class='hr-inner-style'><\/span><\/span><\/div>\n<div  class='av-buildercomment  av-blog-meta-html-info-disabled av-blog-meta-tag-disabled  '><\/div>\n","protected":false},"excerpt":{"rendered":"","protected":false},"author":1,"featured_media":66199,"comment_status":"closed","ping_status":"closed","sticky":false,"template":"","format":"standard","meta":{"footnotes":""},"categories":[38],"tags":[],"class_list":["post-66198","post","type-post","status-publish","format-standard","has-post-thumbnail","hentry","category-regional"],"jetpack_featured_media_url":"https:\/\/radiorevelacionfm.cl\/wp-content\/uploads\/2026\/04\/5-2026-04-17t165840_optimized.346-1.jpg","_links":{"self":[{"href":"https:\/\/radiorevelacionfm.cl\/index.php?rest_route=\/wp\/v2\/posts\/66198","targetHints":{"allow":["GET"]}}],"collection":[{"href":"https:\/\/radiorevelacionfm.cl\/index.php?rest_route=\/wp\/v2\/posts"}],"about":[{"href":"https:\/\/radiorevelacionfm.cl\/index.php?rest_route=\/wp\/v2\/types\/post"}],"author":[{"embeddable":true,"href":"https:\/\/radiorevelacionfm.cl\/index.php?rest_route=\/wp\/v2\/users\/1"}],"replies":[{"embeddable":true,"href":"https:\/\/radiorevelacionfm.cl\/index.php?rest_route=%2Fwp%2Fv2%2Fcomments&post=66198"}],"version-history":[{"count":2,"href":"https:\/\/radiorevelacionfm.cl\/index.php?rest_route=\/wp\/v2\/posts\/66198\/revisions"}],"predecessor-version":[{"id":66224,"href":"https:\/\/radiorevelacionfm.cl\/index.php?rest_route=\/wp\/v2\/posts\/66198\/revisions\/66224"}],"wp:featuredmedia":[{"embeddable":true,"href":"https:\/\/radiorevelacionfm.cl\/index.php?rest_route=\/wp\/v2\/media\/66199"}],"wp:attachment":[{"href":"https:\/\/radiorevelacionfm.cl\/index.php?rest_route=%2Fwp%2Fv2%2Fmedia&parent=66198"}],"wp:term":[{"taxonomy":"category","embeddable":true,"href":"https:\/\/radiorevelacionfm.cl\/index.php?rest_route=%2Fwp%2Fv2%2Fcategories&post=66198"},{"taxonomy":"post_tag","embeddable":true,"href":"https:\/\/radiorevelacionfm.cl\/index.php?rest_route=%2Fwp%2Fv2%2Ftags&post=66198"}],"curies":[{"name":"wp","href":"https:\/\/api.w.org\/{rel}","templated":true}]}}