{"id":66191,"date":"2026-04-17T18:24:14","date_gmt":"2026-04-17T21:24:14","guid":{"rendered":"https:\/\/radiorevelacionfm.cl\/?p=66191"},"modified":"2026-04-17T18:24:14","modified_gmt":"2026-04-17T21:24:14","slug":"edelaysen-realizara-trabajos-preventivos-en-el-centro-de-coyhaique-para-reforzar-la-red-de-cara-al-invierno","status":"publish","type":"post","link":"https:\/\/radiorevelacionfm.cl\/?p=66191","title":{"rendered":"Edelaysen realizar\u00e1 trabajos preventivos en el centro de Coyhaique para reforzar la red de cara al invierno"},"content":{"rendered":"<div class=\"flex_column av_one_full  flex_column_div av-zero-column-padding first  avia-builder-el-0  el_before_av_one_full  avia-builder-el-first  \" style='border-radius:0px; '><div  class='avia-image-container  av-styling-    avia-builder-el-1  avia-builder-el-no-sibling  avia-align-center '  itemprop=\"image\" itemscope=\"itemscope\" itemtype=\"https:\/\/schema.org\/ImageObject\"  ><div class='avia-image-container-inner'><div class='avia-image-overlay-wrap'><img decoding=\"async\" class='wp-image-66192 avia-img-lazy-loading-not-66192 avia_image' src=\"https:\/\/radiorevelacionfm.cl\/wp-content\/uploads\/2026\/04\/mantenimiento-1_optimized-1.jpeg\" alt='' title='mantenimiento-(1)_optimized (1)' height=\"600\" width=\"828\"  itemprop=\"thumbnailUrl\" srcset=\"https:\/\/radiorevelacionfm.cl\/wp-content\/uploads\/2026\/04\/mantenimiento-1_optimized-1.jpeg 828w, https:\/\/radiorevelacionfm.cl\/wp-content\/uploads\/2026\/04\/mantenimiento-1_optimized-1-300x217.jpeg 300w, https:\/\/radiorevelacionfm.cl\/wp-content\/uploads\/2026\/04\/mantenimiento-1_optimized-1-768x557.jpeg 768w, https:\/\/radiorevelacionfm.cl\/wp-content\/uploads\/2026\/04\/mantenimiento-1_optimized-1-705x511.jpeg 705w, https:\/\/radiorevelacionfm.cl\/wp-content\/uploads\/2026\/04\/mantenimiento-1_optimized-1-450x326.jpeg 450w, https:\/\/radiorevelacionfm.cl\/wp-content\/uploads\/2026\/04\/mantenimiento-1_optimized-1-600x435.jpeg 600w\" sizes=\"(max-width: 828px) 100vw, 828px\" \/><\/div><\/div><\/div><\/div><div class=\"flex_column av_one_full  flex_column_div av-zero-column-padding first  avia-builder-el-2  el_after_av_one_full  el_before_av_one_full  column-top-margin\" style='border-radius:0px; '><section class=\"av_textblock_section \"  itemscope=\"itemscope\" itemtype=\"https:\/\/schema.org\/BlogPosting\" itemprop=\"blogPost\" ><div class='avia_textblock  '   itemprop=\"text\" ><p style=\"text-align: center;\"><strong><span style=\"font-size: 18pt;\">Edelaysen realizar\u00e1 trabajos preventivos en el centro de Coyhaique para reforzar la red de cara al invierno<\/span><\/strong><\/p>\n<div id=\"gtx-trans\" style=\"position: absolute; left: -50px; top: 4.31534px;\">\n<div class=\"gtx-trans-icon\"><\/div>\n<\/div>\n<\/div><\/section><\/div><div class=\"flex_column av_one_full  flex_column_div av-zero-column-padding first  avia-builder-el-4  el_after_av_one_full  el_before_av_hr  column-top-margin\" style='border-radius:0px; '><section class=\"av_textblock_section \"  itemscope=\"itemscope\" itemtype=\"https:\/\/schema.org\/BlogPosting\" itemprop=\"blogPost\" ><div class='avia_textblock  '   itemprop=\"text\" ><p style=\"text-align: justify;\"><em>Las faenas se ejecutar\u00e1n este s\u00e1bado 18 de abril en el sector comprendido entre las calles Francisco Bilbao y General Parra, por Arturo Prat y Puerto Montt, considerando una menor congesti\u00f3n vehicular.<\/em><\/p>\n<p style=\"text-align: justify;\">Con el prop\u00f3sito de reforzar la infraestructura el\u00e9ctrica y avanzar en su preparaci\u00f3n para la temporada invernal, Edelaysen desarrollar\u00e1 este s\u00e1bado 18 de abril trabajos preventivos en la zona centro de Coyhaique, espec\u00edficamente en el tramo comprendido entre calles Francisco Bilbao y General Parra, por calle Arturo Prat y Puerto Montt.<\/p>\n<p style=\"text-align: justify;\">Estas faenas corresponden a labores de roce preventivo, orientadas a reducir el riesgo de ca\u00edda de ramas y \u00e1rboles sobre las l\u00edneas el\u00e9ctricas, contribuyendo as\u00ed a resguardar la continuidad y seguridad del servicio ante condiciones clim\u00e1ticas propias de los meses de invierno.<\/p>\n<p style=\"text-align: justify;\">Al respecto, la jefa de Servicio al Cliente de Edelaysen, Mar\u00eda de los \u00c1ngeles Gajardo, se\u00f1al\u00f3 que \u201cestas acciones forman parte del trabajo preventivo que la empresa desarrolla de manera permanente para fortalecer la red el\u00e9ctrica y enfrentar en mejores condiciones la temporada invernal, especialmente en sectores de alta circulaci\u00f3n y relevancia para la comunidad\u201d.<\/p>\n<p style=\"text-align: justify;\">Asimismo, agreg\u00f3 que \u201clos trabajos fueron programados para este s\u00e1bado, considerando una menor congesti\u00f3n vehicular en el sector, y es importante se\u00f1alar que no ser\u00e1 necesario efectuar desconexiones del suministro, ya que las faenas se realizar\u00e1n con equipos especializados que permiten intervenir de manera segura sobre l\u00edneas energizadas\u201d.<\/p>\n<p style=\"text-align: justify;\">Desde la empresa indicaron que este tipo de trabajos forma parte de su programaci\u00f3n de mantenimiento preventivo, orientada a anticipar contingencias y seguir entregando un servicio m\u00e1s seguro y confiable a la comunidad. Para consultas y requerimientos, los clientes pueden comunicarse a trav\u00e9s de la l\u00ednea gratuita 800 600 803, en sus oficinas comerciales y en los canales digitales de Edelaysen.<\/p>\n<\/div><\/section><\/div><div  style='height:50px' class='hr hr-invisible   avia-builder-el-6  el_after_av_one_full  el_before_av_social_share '><span class='hr-inner ' ><span class='hr-inner-style'><\/span><\/span><\/div><\/p>\n<div  class='av-social-sharing-box  avia-builder-el-7  el_after_av_hr  el_before_av_hr  '><div class='av-share-box'><h5 class='av-share-link-description av-no-toc '>Compartir esta noticia<\/h5><ul class='av-share-box-list noLightbox'><li class='av-share-link av-social-link-facebook' ><a target=\"_blank\" aria-label=\"Compartir en Facebook\" href='https:\/\/www.facebook.com\/sharer.php?u=https:\/\/radiorevelacionfm.cl\/?p=66191&#038;t=Edelaysen%20realizar%C3%A1%20trabajos%20preventivos%20en%20el%20centro%20de%20Coyhaique%20para%20reforzar%20la%20red%20de%20cara%20al%20invierno' aria-hidden='false' data-av_icon='\ue8f3' data-av_iconfont='entypo-fontello' title='' data-avia-related-tooltip='Compartir en Facebook' rel=\"noopener\"><span class='avia_hidden_link_text'>Compartir en Facebook<\/span><\/a><\/li><li class='av-share-link av-social-link-twitter' ><a target=\"_blank\" aria-label=\"Compartir en Twitter\" href='https:\/\/twitter.com\/share?text=Edelaysen%20realizar%C3%A1%20trabajos%20preventivos%20en%20el%20centro%20de%20Coyhaique%20para%20reforzar%20la%20red%20de%20cara%20al%20invierno&#038;url=https:\/\/radiorevelacionfm.cl\/?p=66191' aria-hidden='false' data-av_icon='\ue8f1' data-av_iconfont='entypo-fontello' title='' data-avia-related-tooltip='Compartir en Twitter' rel=\"noopener\"><span class='avia_hidden_link_text'>Compartir en Twitter<\/span><\/a><\/li><li class='av-share-link av-social-link-whatsapp' ><a target=\"_blank\" aria-label=\"Compartir en Whatsapp\" href='https:\/\/api.whatsapp.com\/send?text=https:\/\/radiorevelacionfm.cl\/?p=66191' aria-hidden='false' data-av_icon='\uf232' data-av_iconfont='entypo-fontello' title='' data-avia-related-tooltip='Compartir en Whatsapp' rel=\"noopener\"><span class='avia_hidden_link_text'>Compartir en Whatsapp<\/span><\/a><\/li><li class='av-share-link av-social-link-linkedin' ><a target=\"_blank\" aria-label=\"Compartir en LinkedIn\" href='https:\/\/linkedin.com\/shareArticle?mini=true&#038;title=Edelaysen%20realizar%C3%A1%20trabajos%20preventivos%20en%20el%20centro%20de%20Coyhaique%20para%20reforzar%20la%20red%20de%20cara%20al%20invierno&#038;url=https:\/\/radiorevelacionfm.cl\/?p=66191' aria-hidden='false' data-av_icon='\ue8fc' data-av_iconfont='entypo-fontello' title='' data-avia-related-tooltip='Compartir en LinkedIn' rel=\"noopener\"><span class='avia_hidden_link_text'>Compartir en LinkedIn<\/span><\/a><\/li><li class='av-share-link av-social-link-mail' ><a  aria-label=\"Compartir por correo\" href='mailto:?subject=Edelaysen%20realizar%C3%A1%20trabajos%20preventivos%20en%20el%20centro%20de%20Coyhaique%20para%20reforzar%20la%20red%20de%20cara%20al%20invierno&#038;body=https:\/\/radiorevelacionfm.cl\/?p=66191' aria-hidden='false' data-av_icon='\ue805' data-av_iconfont='entypo-fontello' title='' data-avia-related-tooltip='Compartir por correo'><span class='avia_hidden_link_text'>Compartir por correo<\/span><\/a><\/li><\/ul><\/div><\/div>\n<div  style='height:50px' class='hr hr-invisible   avia-builder-el-8  el_after_av_social_share  el_before_av_comments_list '><span class='hr-inner ' ><span class='hr-inner-style'><\/span><\/span><\/div>\n<div  class='av-buildercomment  av-blog-meta-html-info-disabled av-blog-meta-tag-disabled  '><\/div>\n","protected":false},"excerpt":{"rendered":"","protected":false},"author":1,"featured_media":66192,"comment_status":"closed","ping_status":"closed","sticky":false,"template":"","format":"standard","meta":{"footnotes":""},"categories":[38],"tags":[],"class_list":["post-66191","post","type-post","status-publish","format-standard","has-post-thumbnail","hentry","category-regional"],"jetpack_featured_media_url":"https:\/\/radiorevelacionfm.cl\/wp-content\/uploads\/2026\/04\/mantenimiento-1_optimized-1.jpeg","_links":{"self":[{"href":"https:\/\/radiorevelacionfm.cl\/index.php?rest_route=\/wp\/v2\/posts\/66191","targetHints":{"allow":["GET"]}}],"collection":[{"href":"https:\/\/radiorevelacionfm.cl\/index.php?rest_route=\/wp\/v2\/posts"}],"about":[{"href":"https:\/\/radiorevelacionfm.cl\/index.php?rest_route=\/wp\/v2\/types\/post"}],"author":[{"embeddable":true,"href":"https:\/\/radiorevelacionfm.cl\/index.php?rest_route=\/wp\/v2\/users\/1"}],"replies":[{"embeddable":true,"href":"https:\/\/radiorevelacionfm.cl\/index.php?rest_route=%2Fwp%2Fv2%2Fcomments&post=66191"}],"version-history":[{"count":2,"href":"https:\/\/radiorevelacionfm.cl\/index.php?rest_route=\/wp\/v2\/posts\/66191\/revisions"}],"predecessor-version":[{"id":66207,"href":"https:\/\/radiorevelacionfm.cl\/index.php?rest_route=\/wp\/v2\/posts\/66191\/revisions\/66207"}],"wp:featuredmedia":[{"embeddable":true,"href":"https:\/\/radiorevelacionfm.cl\/index.php?rest_route=\/wp\/v2\/media\/66192"}],"wp:attachment":[{"href":"https:\/\/radiorevelacionfm.cl\/index.php?rest_route=%2Fwp%2Fv2%2Fmedia&parent=66191"}],"wp:term":[{"taxonomy":"category","embeddable":true,"href":"https:\/\/radiorevelacionfm.cl\/index.php?rest_route=%2Fwp%2Fv2%2Fcategories&post=66191"},{"taxonomy":"post_tag","embeddable":true,"href":"https:\/\/radiorevelacionfm.cl\/index.php?rest_route=%2Fwp%2Fv2%2Ftags&post=66191"}],"curies":[{"name":"wp","href":"https:\/\/api.w.org\/{rel}","templated":true}]}}