{"id":66188,"date":"2026-04-18T15:38:01","date_gmt":"2026-04-18T18:38:01","guid":{"rendered":"https:\/\/radiorevelacionfm.cl\/?p=66188"},"modified":"2026-04-18T17:53:21","modified_gmt":"2026-04-18T20:53:21","slug":"realizan-plaza-de-justicia-y-ddhh-en-el-cdp-de-puerto-aysen","status":"publish","type":"post","link":"https:\/\/radiorevelacionfm.cl\/?p=66188","title":{"rendered":"Realizan Plaza de Justicia y DDHH en el CDP de Puerto Ays\u00e9n"},"content":{"rendered":"<div class=\"flex_column av_one_full  flex_column_div av-zero-column-padding first  avia-builder-el-0  el_before_av_one_full  avia-builder-el-first  \" style='border-radius:0px; '><div  class='avia-image-container  av-styling-    avia-builder-el-1  avia-builder-el-no-sibling  avia-align-center '  itemprop=\"image\" itemscope=\"itemscope\" itemtype=\"https:\/\/schema.org\/ImageObject\"  ><div class='avia-image-container-inner'><div class='avia-image-overlay-wrap'><img decoding=\"async\" class='wp-image-66189 avia-img-lazy-loading-not-66189 avia_image' src=\"https:\/\/radiorevelacionfm.cl\/wp-content\/uploads\/2026\/04\/plaza-4-5-1_optimized.jpg\" alt='' title='plaza-4-(5)-(1)_optimized' height=\"600\" width=\"900\"  itemprop=\"thumbnailUrl\" srcset=\"https:\/\/radiorevelacionfm.cl\/wp-content\/uploads\/2026\/04\/plaza-4-5-1_optimized.jpg 900w, https:\/\/radiorevelacionfm.cl\/wp-content\/uploads\/2026\/04\/plaza-4-5-1_optimized-300x200.jpg 300w, https:\/\/radiorevelacionfm.cl\/wp-content\/uploads\/2026\/04\/plaza-4-5-1_optimized-768x512.jpg 768w, https:\/\/radiorevelacionfm.cl\/wp-content\/uploads\/2026\/04\/plaza-4-5-1_optimized-705x470.jpg 705w, https:\/\/radiorevelacionfm.cl\/wp-content\/uploads\/2026\/04\/plaza-4-5-1_optimized-450x300.jpg 450w, https:\/\/radiorevelacionfm.cl\/wp-content\/uploads\/2026\/04\/plaza-4-5-1_optimized-600x400.jpg 600w\" sizes=\"(max-width: 900px) 100vw, 900px\" \/><\/div><\/div><\/div><\/div><div class=\"flex_column av_one_full  flex_column_div av-zero-column-padding first  avia-builder-el-2  el_after_av_one_full  el_before_av_one_full  column-top-margin\" style='border-radius:0px; '><section class=\"av_textblock_section \"  itemscope=\"itemscope\" itemtype=\"https:\/\/schema.org\/BlogPosting\" itemprop=\"blogPost\" ><div class='avia_textblock  '   itemprop=\"text\" ><p style=\"text-align: center;\"><strong><span style=\"font-size: 18pt;\">Realizan Plaza de Justicia y DDHH en el CDP de Puerto Ays\u00e9n \u00a0<\/span><\/strong><\/p>\n<div id=\"gtx-trans\" style=\"position: absolute; left: -50px; top: 4.31534px;\">\n<div class=\"gtx-trans-icon\"><\/div>\n<\/div>\n<\/div><\/section><\/div><div class=\"flex_column av_one_full  flex_column_div av-zero-column-padding first  avia-builder-el-4  el_after_av_one_full  el_before_av_hr  column-top-margin\" style='border-radius:0px; '><section class=\"av_textblock_section \"  itemscope=\"itemscope\" itemtype=\"https:\/\/schema.org\/BlogPosting\" itemprop=\"blogPost\" ><div class='avia_textblock  '   itemprop=\"text\" ><p style=\"text-align: justify;\"><em>La instancia buscaba acercar parte de la oferta y prestaciones estatales a las personas privadas de libertad.<\/em><\/p>\n<p style=\"text-align: justify;\">Este mi\u00e9rcoles en dependencias del Centro de Detenci\u00f3n Preventiva de Puerto Ays\u00e9n se llev\u00f3 a cabo la primera Plaza de Justicia y Derechos Humanos a\u00f1o 2026, actividad encabezada por la seremi de Justicia y Derechos Humanos Andrea Ponce y que cont\u00f3 con la participaci\u00f3n de todos los servicios dependientes y relacionados del sector, quienes atendieron las consultas y tr\u00e1mites de la poblaci\u00f3n penal.<\/p>\n<p style=\"text-align: justify;\">En la oportunidad, participaron el Servicio de Registro Civil e Identificaci\u00f3n, Servicio M\u00e9dico Legal, Corporaci\u00f3n de Asistencia Judicial, Defensor\u00eda Penal P\u00fablica, el Servicio de Reinserci\u00f3n Social Juvenil y Gendarmer\u00eda de Chile.<\/p>\n<p style=\"text-align: justify;\">La seremi de Justicia y DDHH Andrea Ponce Olivares se refiri\u00f3 a esta instancia se\u00f1alando que \u201cfue una actividad que cont\u00f3 con la participaci\u00f3n de todos los servicios dependientes y relacionados del sector, donde hubo una alta participaci\u00f3n de la poblaci\u00f3n penal que pudo utilizar todos los procedimientos, mecanismos y servicios con los que cuenta la cartera, esperamos prontamente realizar una nueva Plaza de Justicia y Derechos Humanos para poder acercar los servicios de Justicia a todos, tal como lo mandat\u00f3 el Presidente Jos\u00e9 Antonio Kast\u201d.<\/p>\n<p style=\"text-align: justify;\">Mientras que la directora regional de Gendarmer\u00eda de Chile Coronel Jessica Rivas Hern\u00e1ndez \u00a0se\u00f1al\u00f3 que \u201cpara nosotros es un agrado contar con esta Plaza de Justicia en el CDP de Ays\u00e9n para garantizar los derechos de la poblaci\u00f3n penal, donde ellos pueden optar entre los servicios p\u00fablicos dependientes del Ministerio de Justicia de una forma r\u00e1pida, expedita y solucionar inquietudes que podr\u00edan hacerlo en el medio libre pero al estar en un sistema de reclusi\u00f3n, nosotros garantizamos que tengan el mismo derecho, por eso los servicios llegan al sistema penitenciario, y ayer lo hicieron, sacaron su c\u00e9dula de identidad, tuvieron nexo directo con la Defensor\u00eda, tambi\u00e9n con la Corporaci\u00f3n de Asistencia Judicial para todo tipo de consultas, as\u00ed que fue una jornada bien gratificante para ellos, lo agradec\u00edan y nosotros conforme con cumplir con nuestra tarea y labor de garantizar sus derechos y que tengan acceso a lo que el servicio p\u00fablico tiene predispuesto para ellos\u201d.<\/p>\n<p style=\"text-align: justify;\">Finalmente, se\u00f1alar que esta instancia tiene como objetivo ser un espacio de difusi\u00f3n y promoci\u00f3n de las pol\u00edticas, planes, programas y acciones que realiza el Ministerio de Justicia y Derechos Humanos en conjunto con sus servicios dependientes y relacionados.<\/p>\n<\/div><\/section><\/div><div  style='height:50px' class='hr hr-invisible   avia-builder-el-6  el_after_av_one_full  el_before_av_social_share '><span class='hr-inner ' ><span class='hr-inner-style'><\/span><\/span><\/div><\/p>\n<div  class='av-social-sharing-box  avia-builder-el-7  el_after_av_hr  el_before_av_hr  '><div class='av-share-box'><h5 class='av-share-link-description av-no-toc '>Compartir esta noticia<\/h5><ul class='av-share-box-list noLightbox'><li class='av-share-link av-social-link-facebook' ><a target=\"_blank\" aria-label=\"Compartir en Facebook\" href='https:\/\/www.facebook.com\/sharer.php?u=https:\/\/radiorevelacionfm.cl\/?p=66188&#038;t=Realizan%20Plaza%20de%20Justicia%20y%20DDHH%20en%20el%20CDP%20de%20Puerto%20Ays%C3%A9n' aria-hidden='false' data-av_icon='\ue8f3' data-av_iconfont='entypo-fontello' title='' data-avia-related-tooltip='Compartir en Facebook' rel=\"noopener\"><span class='avia_hidden_link_text'>Compartir en Facebook<\/span><\/a><\/li><li class='av-share-link av-social-link-twitter' ><a target=\"_blank\" aria-label=\"Compartir en Twitter\" href='https:\/\/twitter.com\/share?text=Realizan%20Plaza%20de%20Justicia%20y%20DDHH%20en%20el%20CDP%20de%20Puerto%20Ays%C3%A9n&#038;url=https:\/\/radiorevelacionfm.cl\/?p=66188' aria-hidden='false' data-av_icon='\ue8f1' data-av_iconfont='entypo-fontello' title='' data-avia-related-tooltip='Compartir en Twitter' rel=\"noopener\"><span class='avia_hidden_link_text'>Compartir en Twitter<\/span><\/a><\/li><li class='av-share-link av-social-link-whatsapp' ><a target=\"_blank\" aria-label=\"Compartir en Whatsapp\" href='https:\/\/api.whatsapp.com\/send?text=https:\/\/radiorevelacionfm.cl\/?p=66188' aria-hidden='false' data-av_icon='\uf232' data-av_iconfont='entypo-fontello' title='' data-avia-related-tooltip='Compartir en Whatsapp' rel=\"noopener\"><span class='avia_hidden_link_text'>Compartir en Whatsapp<\/span><\/a><\/li><li class='av-share-link av-social-link-linkedin' ><a target=\"_blank\" aria-label=\"Compartir en LinkedIn\" href='https:\/\/linkedin.com\/shareArticle?mini=true&#038;title=Realizan%20Plaza%20de%20Justicia%20y%20DDHH%20en%20el%20CDP%20de%20Puerto%20Ays%C3%A9n&#038;url=https:\/\/radiorevelacionfm.cl\/?p=66188' aria-hidden='false' data-av_icon='\ue8fc' data-av_iconfont='entypo-fontello' title='' data-avia-related-tooltip='Compartir en LinkedIn' rel=\"noopener\"><span class='avia_hidden_link_text'>Compartir en LinkedIn<\/span><\/a><\/li><li class='av-share-link av-social-link-mail' ><a  aria-label=\"Compartir por correo\" href='mailto:?subject=Realizan%20Plaza%20de%20Justicia%20y%20DDHH%20en%20el%20CDP%20de%20Puerto%20Ays%C3%A9n&#038;body=https:\/\/radiorevelacionfm.cl\/?p=66188' aria-hidden='false' data-av_icon='\ue805' data-av_iconfont='entypo-fontello' title='' data-avia-related-tooltip='Compartir por correo'><span class='avia_hidden_link_text'>Compartir por correo<\/span><\/a><\/li><\/ul><\/div><\/div>\n<div  style='height:50px' class='hr hr-invisible   avia-builder-el-8  el_after_av_social_share  el_before_av_comments_list '><span class='hr-inner ' ><span class='hr-inner-style'><\/span><\/span><\/div>\n<div  class='av-buildercomment  av-blog-meta-html-info-disabled av-blog-meta-tag-disabled  '><\/div>\n","protected":false},"excerpt":{"rendered":"","protected":false},"author":1,"featured_media":66189,"comment_status":"closed","ping_status":"closed","sticky":false,"template":"","format":"standard","meta":{"footnotes":""},"categories":[55],"tags":[],"class_list":["post-66188","post","type-post","status-publish","format-standard","has-post-thumbnail","hentry","category-justicia"],"jetpack_featured_media_url":"https:\/\/radiorevelacionfm.cl\/wp-content\/uploads\/2026\/04\/plaza-4-5-1_optimized.jpg","_links":{"self":[{"href":"https:\/\/radiorevelacionfm.cl\/index.php?rest_route=\/wp\/v2\/posts\/66188","targetHints":{"allow":["GET"]}}],"collection":[{"href":"https:\/\/radiorevelacionfm.cl\/index.php?rest_route=\/wp\/v2\/posts"}],"about":[{"href":"https:\/\/radiorevelacionfm.cl\/index.php?rest_route=\/wp\/v2\/types\/post"}],"author":[{"embeddable":true,"href":"https:\/\/radiorevelacionfm.cl\/index.php?rest_route=\/wp\/v2\/users\/1"}],"replies":[{"embeddable":true,"href":"https:\/\/radiorevelacionfm.cl\/index.php?rest_route=%2Fwp%2Fv2%2Fcomments&post=66188"}],"version-history":[{"count":2,"href":"https:\/\/radiorevelacionfm.cl\/index.php?rest_route=\/wp\/v2\/posts\/66188\/revisions"}],"predecessor-version":[{"id":66235,"href":"https:\/\/radiorevelacionfm.cl\/index.php?rest_route=\/wp\/v2\/posts\/66188\/revisions\/66235"}],"wp:featuredmedia":[{"embeddable":true,"href":"https:\/\/radiorevelacionfm.cl\/index.php?rest_route=\/wp\/v2\/media\/66189"}],"wp:attachment":[{"href":"https:\/\/radiorevelacionfm.cl\/index.php?rest_route=%2Fwp%2Fv2%2Fmedia&parent=66188"}],"wp:term":[{"taxonomy":"category","embeddable":true,"href":"https:\/\/radiorevelacionfm.cl\/index.php?rest_route=%2Fwp%2Fv2%2Fcategories&post=66188"},{"taxonomy":"post_tag","embeddable":true,"href":"https:\/\/radiorevelacionfm.cl\/index.php?rest_route=%2Fwp%2Fv2%2Ftags&post=66188"}],"curies":[{"name":"wp","href":"https:\/\/api.w.org\/{rel}","templated":true}]}}