{"id":66182,"date":"2026-04-18T16:38:07","date_gmt":"2026-04-18T19:38:07","guid":{"rendered":"https:\/\/radiorevelacionfm.cl\/?p=66182"},"modified":"2026-04-18T16:38:07","modified_gmt":"2026-04-18T19:38:07","slug":"mas-de-9-mil-ninas-y-ninos-ya-se-han-inscrito-para-ganar-un-viaje-a-un-centro-espacial-internacional","status":"publish","type":"post","link":"https:\/\/radiorevelacionfm.cl\/?p=66182","title":{"rendered":"M\u00e1s de 9 mil ni\u00f1as y ni\u00f1os ya se han inscrito para ganar un viaje a un centro espacial internacional"},"content":{"rendered":"<div class=\"flex_column av_one_full  flex_column_div av-zero-column-padding first  avia-builder-el-0  el_before_av_one_full  avia-builder-el-first  \" style='border-radius:0px; '><div  class='avia-image-container  av-styling-    avia-builder-el-1  avia-builder-el-no-sibling  avia-align-center '  itemprop=\"image\" itemscope=\"itemscope\" itemtype=\"https:\/\/schema.org\/ImageObject\"  ><div class='avia-image-container-inner'><div class='avia-image-overlay-wrap'><img decoding=\"async\" class='wp-image-66183 avia-img-lazy-loading-not-66183 avia_image' src=\"https:\/\/radiorevelacionfm.cl\/wp-content\/uploads\/2026\/04\/CP-4-900x600-1-1.jpeg\" alt='' title='CP 4-900x600 (1) (1)' height=\"600\" width=\"900\"  itemprop=\"thumbnailUrl\" srcset=\"https:\/\/radiorevelacionfm.cl\/wp-content\/uploads\/2026\/04\/CP-4-900x600-1-1.jpeg 900w, https:\/\/radiorevelacionfm.cl\/wp-content\/uploads\/2026\/04\/CP-4-900x600-1-1-300x200.jpeg 300w, https:\/\/radiorevelacionfm.cl\/wp-content\/uploads\/2026\/04\/CP-4-900x600-1-1-768x512.jpeg 768w, https:\/\/radiorevelacionfm.cl\/wp-content\/uploads\/2026\/04\/CP-4-900x600-1-1-705x470.jpeg 705w, https:\/\/radiorevelacionfm.cl\/wp-content\/uploads\/2026\/04\/CP-4-900x600-1-1-450x300.jpeg 450w, https:\/\/radiorevelacionfm.cl\/wp-content\/uploads\/2026\/04\/CP-4-900x600-1-1-600x400.jpeg 600w\" sizes=\"(max-width: 900px) 100vw, 900px\" \/><\/div><\/div><\/div><\/div><div class=\"flex_column av_one_full  flex_column_div av-zero-column-padding first  avia-builder-el-2  el_after_av_one_full  el_before_av_one_full  column-top-margin\" style='border-radius:0px; '><section class=\"av_textblock_section \"  itemscope=\"itemscope\" itemtype=\"https:\/\/schema.org\/BlogPosting\" itemprop=\"blogPost\" ><div class='avia_textblock  '   itemprop=\"text\" ><p style=\"text-align: center;\"><strong><span style=\"font-size: 18pt;\">M\u00e1s de 9 mil\u00a0ni\u00f1as y ni\u00f1os\u00a0ya\u00a0se han inscrito\u00a0para ganar un viaje a un\u00a0centro espacial internacional<\/span><\/strong><\/p>\n<div id=\"gtx-trans\" style=\"position: absolute; left: -50px; top: 4.31534px;\">\n<div class=\"gtx-trans-icon\"><\/div>\n<\/div>\n<\/div><\/section><\/div><div class=\"flex_column av_one_full  flex_column_div av-zero-column-padding first  avia-builder-el-4  el_after_av_one_full  el_before_av_hr  column-top-margin\" style='border-radius:0px; '><section class=\"av_textblock_section \"  itemscope=\"itemscope\" itemtype=\"https:\/\/schema.org\/BlogPosting\" itemprop=\"blogPost\" ><div class='avia_textblock  '   itemprop=\"text\" ><p style=\"text-align: justify;\"><em><strong>Del total alcanzado a\u00a0poco m\u00e1s de un mes de su lanzamiento,\u00a0en\u00a0la Regi\u00f3n de Ays\u00e9n 101 p\u00e1rvulos\u00a0han postulado a la campa\u00f1a \u201cHaz que Despeguen\u201d, iniciativa que impulsa la asistencia regular en educaci\u00f3n\u00a0parvularia\u00a0y premiar\u00e1\u00a0a un representante por regi\u00f3n. El plazo para registrarse en\u00a0<\/strong><a href=\"http:\/\/www.hazquedespeguen.cl\/\"><strong>www.hazquedespeguen.cl<\/strong><\/a><strong>\u00a0es hasta el 30 de junio.<\/strong>\u00a0<\/em><\/p>\n<p style=\"text-align: justify;\">A poco m\u00e1s de un mes de su lanzamiento, la campa\u00f1a \u201cHaz que Despeguen\u201d de Fundaci\u00f3n Educacional Oportunidad, ya supera los 9 mil ni\u00f1as y ni\u00f1os inscritos a nivel nacional, quienes buscan optar a ganar un viaje a un centro espacial internacional como reconocimiento a su asistencia destacada a clases en educaci\u00f3n parvularia.<\/p>\n<p style=\"text-align: justify;\">Desde jardines infantiles y escuelas p\u00fablicas y\u00a0particulares subvencionadas\u00a0de todo el pa\u00eds, las familias se han sumado a esta cuarta versi\u00f3n del concurso impulsado por Fundaci\u00f3n Educacional Oportunidad, que premiar\u00e1 a 16 estudiantes \u2014uno por cada regi\u00f3n\u2014 con un viaje doble a un centro espacial internacional, con todos los gastos pagados.<\/p>\n<p style=\"text-align: justify;\">En la Regi\u00f3n de Ays\u00e9n ya se han inscrito 101 p\u00e1rvulos. En la versi\u00f3n anterior, realizada en 2025, el concurso alcanz\u00f3 281 participantes\u00a0en la regi\u00f3n. En esa edici\u00f3n, la ganadora regional fue Luchiana Rosso, de la Escuela B\u00e1sica de Chile Chico, quien registr\u00f3 un 94% de asistencia durante el primer semestre.<\/p>\n<p style=\"text-align: justify;\">Mar\u00eda de la Luz Gonz\u00e1lez, directora ejecutiva de Fundaci\u00f3n Educacional Oportunidad, \u201cya superamos los 9 mil inscritos, lo que refleja el inter\u00e9s de las familias por ser parte de esta campa\u00f1a. Queremos seguir motivando a m\u00e1s familias a sumarse, porque la educaci\u00f3n\u00a0parvularia\u00a0es una etapa clave para el desarrollo de ni\u00f1as y ni\u00f1os y\u00a0cuando la asistencia es constante, se generan rutinas y aprendizajes que impactan positivamente en toda su trayectoria escolar\u201d.<\/p>\n<p style=\"text-align: justify;\">Para participar, las familias deben inscribir a sus hijos e hijas hasta el 30 de junio en\u00a0<a href=\"http:\/\/www.hazquedespeguen.cl\/\">www.hazquedespeguen.cl<\/a>\u00a0y asegurar una asistencia igual o superior al 90% durante el primer semestre.<\/p>\n<\/div><\/section><\/div><div  style='height:50px' class='hr hr-invisible   avia-builder-el-6  el_after_av_one_full  el_before_av_social_share '><span class='hr-inner ' ><span class='hr-inner-style'><\/span><\/span><\/div><\/p>\n<div  class='av-social-sharing-box  avia-builder-el-7  el_after_av_hr  el_before_av_hr  '><div class='av-share-box'><h5 class='av-share-link-description av-no-toc '>Compartir esta noticia<\/h5><ul class='av-share-box-list noLightbox'><li class='av-share-link av-social-link-facebook' ><a target=\"_blank\" aria-label=\"Compartir en Facebook\" href='https:\/\/www.facebook.com\/sharer.php?u=https:\/\/radiorevelacionfm.cl\/?p=66182&#038;t=M%C3%A1s%20de%209%20mil%20ni%C3%B1as%20y%20ni%C3%B1os%20ya%20se%20han%20inscrito%20para%20ganar%20un%20viaje%20a%20un%20centro%20espacial%20internacional' aria-hidden='false' data-av_icon='\ue8f3' data-av_iconfont='entypo-fontello' title='' data-avia-related-tooltip='Compartir en Facebook' rel=\"noopener\"><span class='avia_hidden_link_text'>Compartir en Facebook<\/span><\/a><\/li><li class='av-share-link av-social-link-twitter' ><a target=\"_blank\" aria-label=\"Compartir en Twitter\" href='https:\/\/twitter.com\/share?text=M%C3%A1s%20de%209%20mil%20ni%C3%B1as%20y%20ni%C3%B1os%20ya%20se%20han%20inscrito%20para%20ganar%20un%20viaje%20a%20un%20centro%20espacial%20internacional&#038;url=https:\/\/radiorevelacionfm.cl\/?p=66182' aria-hidden='false' data-av_icon='\ue8f1' data-av_iconfont='entypo-fontello' title='' data-avia-related-tooltip='Compartir en Twitter' rel=\"noopener\"><span class='avia_hidden_link_text'>Compartir en Twitter<\/span><\/a><\/li><li class='av-share-link av-social-link-whatsapp' ><a target=\"_blank\" aria-label=\"Compartir en Whatsapp\" href='https:\/\/api.whatsapp.com\/send?text=https:\/\/radiorevelacionfm.cl\/?p=66182' aria-hidden='false' data-av_icon='\uf232' data-av_iconfont='entypo-fontello' title='' data-avia-related-tooltip='Compartir en Whatsapp' rel=\"noopener\"><span class='avia_hidden_link_text'>Compartir en Whatsapp<\/span><\/a><\/li><li class='av-share-link av-social-link-linkedin' ><a target=\"_blank\" aria-label=\"Compartir en LinkedIn\" href='https:\/\/linkedin.com\/shareArticle?mini=true&#038;title=M%C3%A1s%20de%209%20mil%20ni%C3%B1as%20y%20ni%C3%B1os%20ya%20se%20han%20inscrito%20para%20ganar%20un%20viaje%20a%20un%20centro%20espacial%20internacional&#038;url=https:\/\/radiorevelacionfm.cl\/?p=66182' aria-hidden='false' data-av_icon='\ue8fc' data-av_iconfont='entypo-fontello' title='' data-avia-related-tooltip='Compartir en LinkedIn' rel=\"noopener\"><span class='avia_hidden_link_text'>Compartir en LinkedIn<\/span><\/a><\/li><li class='av-share-link av-social-link-mail' ><a  aria-label=\"Compartir por correo\" href='mailto:?subject=M%C3%A1s%20de%209%20mil%20ni%C3%B1as%20y%20ni%C3%B1os%20ya%20se%20han%20inscrito%20para%20ganar%20un%20viaje%20a%20un%20centro%20espacial%20internacional&#038;body=https:\/\/radiorevelacionfm.cl\/?p=66182' aria-hidden='false' data-av_icon='\ue805' data-av_iconfont='entypo-fontello' title='' data-avia-related-tooltip='Compartir por correo'><span class='avia_hidden_link_text'>Compartir por correo<\/span><\/a><\/li><\/ul><\/div><\/div>\n<div  style='height:50px' class='hr hr-invisible   avia-builder-el-8  el_after_av_social_share  el_before_av_comments_list '><span class='hr-inner ' ><span class='hr-inner-style'><\/span><\/span><\/div>\n<div  class='av-buildercomment  av-blog-meta-html-info-disabled av-blog-meta-tag-disabled  '><\/div>\n","protected":false},"excerpt":{"rendered":"","protected":false},"author":1,"featured_media":66183,"comment_status":"closed","ping_status":"closed","sticky":false,"template":"","format":"standard","meta":{"footnotes":""},"categories":[49],"tags":[],"class_list":["post-66182","post","type-post","status-publish","format-standard","has-post-thumbnail","hentry","category-educacion"],"jetpack_featured_media_url":"https:\/\/radiorevelacionfm.cl\/wp-content\/uploads\/2026\/04\/CP-4-900x600-1-1.jpeg","_links":{"self":[{"href":"https:\/\/radiorevelacionfm.cl\/index.php?rest_route=\/wp\/v2\/posts\/66182","targetHints":{"allow":["GET"]}}],"collection":[{"href":"https:\/\/radiorevelacionfm.cl\/index.php?rest_route=\/wp\/v2\/posts"}],"about":[{"href":"https:\/\/radiorevelacionfm.cl\/index.php?rest_route=\/wp\/v2\/types\/post"}],"author":[{"embeddable":true,"href":"https:\/\/radiorevelacionfm.cl\/index.php?rest_route=\/wp\/v2\/users\/1"}],"replies":[{"embeddable":true,"href":"https:\/\/radiorevelacionfm.cl\/index.php?rest_route=%2Fwp%2Fv2%2Fcomments&post=66182"}],"version-history":[{"count":2,"href":"https:\/\/radiorevelacionfm.cl\/index.php?rest_route=\/wp\/v2\/posts\/66182\/revisions"}],"predecessor-version":[{"id":66229,"href":"https:\/\/radiorevelacionfm.cl\/index.php?rest_route=\/wp\/v2\/posts\/66182\/revisions\/66229"}],"wp:featuredmedia":[{"embeddable":true,"href":"https:\/\/radiorevelacionfm.cl\/index.php?rest_route=\/wp\/v2\/media\/66183"}],"wp:attachment":[{"href":"https:\/\/radiorevelacionfm.cl\/index.php?rest_route=%2Fwp%2Fv2%2Fmedia&parent=66182"}],"wp:term":[{"taxonomy":"category","embeddable":true,"href":"https:\/\/radiorevelacionfm.cl\/index.php?rest_route=%2Fwp%2Fv2%2Fcategories&post=66182"},{"taxonomy":"post_tag","embeddable":true,"href":"https:\/\/radiorevelacionfm.cl\/index.php?rest_route=%2Fwp%2Fv2%2Ftags&post=66182"}],"curies":[{"name":"wp","href":"https:\/\/api.w.org\/{rel}","templated":true}]}}