{"id":6618,"date":"2021-07-24T12:48:39","date_gmt":"2021-07-24T15:48:39","guid":{"rendered":"https:\/\/radiorevelacionfm.cl\/?p=6618"},"modified":"2021-07-24T12:48:39","modified_gmt":"2021-07-24T15:48:39","slug":"consejero-conuecar-impulsa-trabajo-colaborativo-en-seguridad-publica-con-municipio-aysenino","status":"publish","type":"post","link":"https:\/\/radiorevelacionfm.cl\/?p=6618","title":{"rendered":"Consejero Co\u00f1uecar impulsa trabajo colaborativo en seguridad p\u00fablica con municipio aysenino"},"content":{"rendered":"<div class=\"flex_column av_one_full  flex_column_div av-zero-column-padding first  avia-builder-el-0  el_before_av_one_full  avia-builder-el-first  \" style='border-radius:0px; '><div  class='avia-image-container  av-styling-    avia-builder-el-1  avia-builder-el-no-sibling  avia-align-center '  itemprop=\"image\" itemscope=\"itemscope\" itemtype=\"https:\/\/schema.org\/ImageObject\"  ><div class='avia-image-container-inner'><div class='avia-image-overlay-wrap'><img decoding=\"async\" class='wp-image-6619 avia-img-lazy-loading-not-6619 avia_image' src=\"https:\/\/radiorevelacionfm.cl\/wp-content\/uploads\/2021\/07\/reunion-1i-1-1.jpg\" alt='' title='reunion 1i (1) (1)' height=\"600\" width=\"1017\"  itemprop=\"thumbnailUrl\" srcset=\"https:\/\/radiorevelacionfm.cl\/wp-content\/uploads\/2021\/07\/reunion-1i-1-1.jpg 1017w, https:\/\/radiorevelacionfm.cl\/wp-content\/uploads\/2021\/07\/reunion-1i-1-1-300x177.jpg 300w, https:\/\/radiorevelacionfm.cl\/wp-content\/uploads\/2021\/07\/reunion-1i-1-1-768x453.jpg 768w, https:\/\/radiorevelacionfm.cl\/wp-content\/uploads\/2021\/07\/reunion-1i-1-1-705x416.jpg 705w, https:\/\/radiorevelacionfm.cl\/wp-content\/uploads\/2021\/07\/reunion-1i-1-1-600x354.jpg 600w\" sizes=\"(max-width: 1017px) 100vw, 1017px\" \/><\/div><\/div><\/div><\/div><div class=\"flex_column av_one_full  flex_column_div av-zero-column-padding first  avia-builder-el-2  el_after_av_one_full  el_before_av_one_full  column-top-margin\" style='border-radius:0px; '><section class=\"av_textblock_section \"  itemscope=\"itemscope\" itemtype=\"https:\/\/schema.org\/BlogPosting\" itemprop=\"blogPost\" ><div class='avia_textblock  '   itemprop=\"text\" ><p style=\"text-align: center;\"><span style=\"font-size: 18pt;\"><strong>Consejero Co\u00f1uecar impulsa trabajo colaborativo en seguridad p\u00fablica con municipio aysenino <\/strong><\/span><\/p>\n<div id=\"gtx-trans\" style=\"position: absolute; left: -50px; top: 4.31534px;\">\n<div class=\"gtx-trans-icon\"><\/div>\n<\/div>\n<\/div><\/section><\/div><div class=\"flex_column av_one_full  flex_column_div av-zero-column-padding first  avia-builder-el-4  el_after_av_one_full  el_before_av_hr  column-top-margin\" style='border-radius:0px; '><section class=\"av_textblock_section \"  itemscope=\"itemscope\" itemtype=\"https:\/\/schema.org\/BlogPosting\" itemprop=\"blogPost\" ><div class='avia_textblock  '   itemprop=\"text\" ><p style=\"text-align: justify;\">Con la finalidad de delinear las directrices que marcar\u00e1n la pauta del trabajo en el \u00e1mbito de seguridad p\u00fablica en el municipio aysenino, este viernes en representaci\u00f3n del alcalde, Julio Uribe, el jefe de gabinete, Marco Co\u00f1uecar; acompa\u00f1ado de los concejales, Gabriel Mu\u00f1oz y Jorge Figueroa -quienes fueron elegidos por sus pares como representantes ante el Consejo de Seguridad P\u00fablica durante la \u00faltima sesi\u00f3n de Concejo Municipal-, se reunieron con el Presidente de la comisi\u00f3n de Seguridad P\u00fablica y Emergencia del Consejo Regional, Luis Co\u00f1uecar.<\/p>\n<p style=\"text-align: justify;\">En este sentido, el Consejero Regional por la provincia de Ays\u00e9n, junto con agradecer la instancia de conversaci\u00f3n, se\u00f1al\u00f3 la importancia de trabajar mancomunadamente, dado que \u201cestamos relacionados con Carabineros, PDI, Onemi, Bomberos, quienes son los encargados de velar por la seguridad de nuestros ciudadanos as\u00ed que creo que es vital revisar lo que como comisi\u00f3n hemos hecho en la comuna de Ays\u00e9n y proyectar el trabajo a futuro por la seguridad de la comunidad\u201d.<\/p>\n<p style=\"text-align: justify;\">Por su parte, el concejal Gabriel Mu\u00f1oz, destac\u00f3 el rol que le fue asignado por parte de los dem\u00e1s concejales, y que le permitir\u00e1 aportar desde otra perspectiva con los vecinos y vecinas del territorio comunal.<\/p>\n<p style=\"text-align: justify;\">\u201cFeliz de pertenecer a seguridad p\u00fablica, agradecer a mis colegas la votaci\u00f3n y en esta reuni\u00f3n enter\u00e1ndonos de todas las labores, d\u00f3nde podemos llegar, cu\u00e1les son nuestros l\u00edmites, pero el campo es bien amplio. Interioriz\u00e1ndonos con la gente del mundo de la pesca, que uno igual puede ayudar en cuanto por ejemplo a la protecci\u00f3n social, en sus herramientas de trabajo, entre otras, son muchas las labores de las que podemos aprender a medida que vaya pasando el tiempo\u201d, indic\u00f3 Mu\u00f1oz Abello.<\/p>\n<p style=\"text-align: justify;\">Para el concejal Jorge Figueroa, el trabajo asociativo en pos de los habitantes de Ays\u00e9n es prioritario, y esta es una instancia que permitir\u00e1 su concreci\u00f3n. \u201cSiempre lo he dicho, el tema mancomunado, el tema de poder trabajar en conjunto con todas las organizaciones y entidades, viene a beneficiar a nuestra comunidad, por ello, como representantes en Ays\u00e9n tenemos que hacer todo lo posible para poder traer recursos, proyectos y acciones que vengan en beneficio de la seguridad de la gente en toda la comuna\u201d, dijo.<\/p>\n<p style=\"text-align: justify;\">Finalmente, el jefe de gabinete del municipio local, Marco Co\u00f1uecar, fue enf\u00e1tico al se\u00f1alar que \u201cnuestro alcalde Julio Uribe nos ha pedido que pudi\u00e9semos darle un espacio importante a la seguridad p\u00fablica, y para ello hemos estado haciendo una serie de reuniones. Hoy nos correspondi\u00f3 reunirnos don Luis Co\u00f1uecar y los concejales que fueron ratificados como representantes ante el concejo de seguridad, as\u00ed que un gran desaf\u00edo. Como municipio estamos comprometidos por la seguridad y creo que se vienen grandes cosas para la comuna\u201d, puntualiz\u00f3.<\/p>\n<\/div><\/section><\/div><div  style='height:50px' class='hr hr-invisible   avia-builder-el-6  el_after_av_one_full  el_before_av_social_share '><span class='hr-inner ' ><span class='hr-inner-style'><\/span><\/span><\/div><\/p>\n<div  class='av-social-sharing-box  avia-builder-el-7  el_after_av_hr  el_before_av_hr  '><div class='av-share-box'><h5 class='av-share-link-description av-no-toc '>Compartir esta noticia<\/h5><ul class='av-share-box-list noLightbox'><li class='av-share-link av-social-link-facebook' ><a target=\"_blank\" aria-label=\"Compartir en Facebook\" href='https:\/\/www.facebook.com\/sharer.php?u=https:\/\/radiorevelacionfm.cl\/?p=6618&#038;t=Consejero%20Co%C3%B1uecar%20impulsa%20trabajo%20colaborativo%20en%20seguridad%20p%C3%BAblica%20con%20municipio%20aysenino' aria-hidden='false' data-av_icon='\ue8f3' data-av_iconfont='entypo-fontello' title='' data-avia-related-tooltip='Compartir en Facebook' rel=\"noopener\"><span class='avia_hidden_link_text'>Compartir en Facebook<\/span><\/a><\/li><li class='av-share-link av-social-link-twitter' ><a target=\"_blank\" aria-label=\"Compartir en Twitter\" href='https:\/\/twitter.com\/share?text=Consejero%20Co%C3%B1uecar%20impulsa%20trabajo%20colaborativo%20en%20seguridad%20p%C3%BAblica%20con%20municipio%20aysenino&#038;url=https:\/\/radiorevelacionfm.cl\/?p=6618' aria-hidden='false' data-av_icon='\ue8f1' data-av_iconfont='entypo-fontello' title='' data-avia-related-tooltip='Compartir en Twitter' rel=\"noopener\"><span class='avia_hidden_link_text'>Compartir en Twitter<\/span><\/a><\/li><li class='av-share-link av-social-link-whatsapp' ><a target=\"_blank\" aria-label=\"Compartir en Whatsapp\" href='https:\/\/api.whatsapp.com\/send?text=https:\/\/radiorevelacionfm.cl\/?p=6618' aria-hidden='false' data-av_icon='\uf232' data-av_iconfont='entypo-fontello' title='' data-avia-related-tooltip='Compartir en Whatsapp' rel=\"noopener\"><span class='avia_hidden_link_text'>Compartir en Whatsapp<\/span><\/a><\/li><li class='av-share-link av-social-link-linkedin' ><a target=\"_blank\" aria-label=\"Compartir en LinkedIn\" href='https:\/\/linkedin.com\/shareArticle?mini=true&#038;title=Consejero%20Co%C3%B1uecar%20impulsa%20trabajo%20colaborativo%20en%20seguridad%20p%C3%BAblica%20con%20municipio%20aysenino&#038;url=https:\/\/radiorevelacionfm.cl\/?p=6618' aria-hidden='false' data-av_icon='\ue8fc' data-av_iconfont='entypo-fontello' title='' data-avia-related-tooltip='Compartir en LinkedIn' rel=\"noopener\"><span class='avia_hidden_link_text'>Compartir en LinkedIn<\/span><\/a><\/li><li class='av-share-link av-social-link-mail' ><a  aria-label=\"Compartir por correo\" href='mailto:?subject=Consejero%20Co%C3%B1uecar%20impulsa%20trabajo%20colaborativo%20en%20seguridad%20p%C3%BAblica%20con%20municipio%20aysenino&#038;body=https:\/\/radiorevelacionfm.cl\/?p=6618' aria-hidden='false' data-av_icon='\ue805' data-av_iconfont='entypo-fontello' title='' data-avia-related-tooltip='Compartir por correo'><span class='avia_hidden_link_text'>Compartir por correo<\/span><\/a><\/li><\/ul><\/div><\/div>\n<div  style='height:50px' class='hr hr-invisible   avia-builder-el-8  el_after_av_social_share  el_before_av_comments_list '><span class='hr-inner ' ><span class='hr-inner-style'><\/span><\/span><\/div>\n<div  class='av-buildercomment  av-blog-meta-html-info-disabled av-blog-meta-tag-disabled  '><\/div>\n","protected":false},"excerpt":{"rendered":"","protected":false},"author":1,"featured_media":6619,"comment_status":"open","ping_status":"open","sticky":false,"template":"","format":"standard","meta":{"footnotes":""},"categories":[38],"tags":[],"class_list":["post-6618","post","type-post","status-publish","format-standard","has-post-thumbnail","hentry","category-regional"],"jetpack_featured_media_url":"https:\/\/radiorevelacionfm.cl\/wp-content\/uploads\/2021\/07\/reunion-1i-1-1.jpg","_links":{"self":[{"href":"https:\/\/radiorevelacionfm.cl\/index.php?rest_route=\/wp\/v2\/posts\/6618","targetHints":{"allow":["GET"]}}],"collection":[{"href":"https:\/\/radiorevelacionfm.cl\/index.php?rest_route=\/wp\/v2\/posts"}],"about":[{"href":"https:\/\/radiorevelacionfm.cl\/index.php?rest_route=\/wp\/v2\/types\/post"}],"author":[{"embeddable":true,"href":"https:\/\/radiorevelacionfm.cl\/index.php?rest_route=\/wp\/v2\/users\/1"}],"replies":[{"embeddable":true,"href":"https:\/\/radiorevelacionfm.cl\/index.php?rest_route=%2Fwp%2Fv2%2Fcomments&post=6618"}],"version-history":[{"count":1,"href":"https:\/\/radiorevelacionfm.cl\/index.php?rest_route=\/wp\/v2\/posts\/6618\/revisions"}],"predecessor-version":[{"id":6620,"href":"https:\/\/radiorevelacionfm.cl\/index.php?rest_route=\/wp\/v2\/posts\/6618\/revisions\/6620"}],"wp:featuredmedia":[{"embeddable":true,"href":"https:\/\/radiorevelacionfm.cl\/index.php?rest_route=\/wp\/v2\/media\/6619"}],"wp:attachment":[{"href":"https:\/\/radiorevelacionfm.cl\/index.php?rest_route=%2Fwp%2Fv2%2Fmedia&parent=6618"}],"wp:term":[{"taxonomy":"category","embeddable":true,"href":"https:\/\/radiorevelacionfm.cl\/index.php?rest_route=%2Fwp%2Fv2%2Fcategories&post=6618"},{"taxonomy":"post_tag","embeddable":true,"href":"https:\/\/radiorevelacionfm.cl\/index.php?rest_route=%2Fwp%2Fv2%2Ftags&post=6618"}],"curies":[{"name":"wp","href":"https:\/\/api.w.org\/{rel}","templated":true}]}}