{"id":6613,"date":"2021-07-24T13:24:25","date_gmt":"2021-07-24T16:24:25","guid":{"rendered":"https:\/\/radiorevelacionfm.cl\/?p=6613"},"modified":"2021-07-24T13:24:25","modified_gmt":"2021-07-24T16:24:25","slug":"municipio-de-aysen-invita-a-contribuyentes-a-revisar-opciones-de-pago-de-patentes-municipales","status":"publish","type":"post","link":"https:\/\/radiorevelacionfm.cl\/?p=6613","title":{"rendered":"Municipio de Ays\u00e9n invita a contribuyentes a revisar opciones de pago de patentes municipales"},"content":{"rendered":"<div class=\"flex_column av_one_full  flex_column_div av-zero-column-padding first  avia-builder-el-0  el_before_av_one_full  avia-builder-el-first  \" style='border-radius:0px; '><div  class='avia-image-container  av-styling-    avia-builder-el-1  avia-builder-el-no-sibling  avia-align-center '  itemprop=\"image\" itemscope=\"itemscope\" itemtype=\"https:\/\/schema.org\/ImageObject\"  ><div class='avia-image-container-inner'><div class='avia-image-overlay-wrap'><img decoding=\"async\" class='wp-image-6616 avia-img-lazy-loading-not-6616 avia_image' src=\"https:\/\/radiorevelacionfm.cl\/wp-content\/uploads\/2021\/07\/IMG-RP-PM2.1-1.jpg\" alt='' title='IMG-RP-PM2.1 (1)' height=\"599\" width=\"892\"  itemprop=\"thumbnailUrl\" srcset=\"https:\/\/radiorevelacionfm.cl\/wp-content\/uploads\/2021\/07\/IMG-RP-PM2.1-1.jpg 892w, https:\/\/radiorevelacionfm.cl\/wp-content\/uploads\/2021\/07\/IMG-RP-PM2.1-1-300x201.jpg 300w, https:\/\/radiorevelacionfm.cl\/wp-content\/uploads\/2021\/07\/IMG-RP-PM2.1-1-768x516.jpg 768w, https:\/\/radiorevelacionfm.cl\/wp-content\/uploads\/2021\/07\/IMG-RP-PM2.1-1-705x473.jpg 705w, https:\/\/radiorevelacionfm.cl\/wp-content\/uploads\/2021\/07\/IMG-RP-PM2.1-1-600x403.jpg 600w\" sizes=\"(max-width: 892px) 100vw, 892px\" \/><\/div><\/div><\/div><\/div><div class=\"flex_column av_one_full  flex_column_div av-zero-column-padding first  avia-builder-el-2  el_after_av_one_full  el_before_av_one_full  column-top-margin\" style='border-radius:0px; '><section class=\"av_textblock_section \"  itemscope=\"itemscope\" itemtype=\"https:\/\/schema.org\/BlogPosting\" itemprop=\"blogPost\" ><div class='avia_textblock  '   itemprop=\"text\" ><p style=\"text-align: center;\"><strong><span style=\"font-size: 18pt;\">Municipio de Ays\u00e9n invita a contribuyentes a revisar opciones de pago de patentes municipales <\/span><\/strong><\/p>\n<div id=\"gtx-trans\" style=\"position: absolute; left: -50px; top: 4.31534px;\">\n<div class=\"gtx-trans-icon\"><\/div>\n<\/div>\n<\/div><\/section><\/div><div class=\"flex_column av_one_full  flex_column_div av-zero-column-padding first  avia-builder-el-4  el_after_av_one_full  el_before_av_hr  column-top-margin\" style='border-radius:0px; '><section class=\"av_textblock_section \"  itemscope=\"itemscope\" itemtype=\"https:\/\/schema.org\/BlogPosting\" itemprop=\"blogPost\" ><div class='avia_textblock  '   itemprop=\"text\" ><p style=\"text-align: justify;\">Diversas son las alternativas que ha dispuesto la casa edilicia de Ays\u00e9n para que los contribuyentes que posean una Patente Municipal puedan desarrollar el pago oportuno de este tributo en el a\u00f1o 2021, incluso disponiendo para ello -tras acuerdo del Concejo Municipal- el pago en tres o seis cuotas sin moras ni intereses. En esta materia, el sitio web <a href=\"http:\/\/www.puertoaysen.cl\">www.puertoaysen.cl<\/a> ya cuenta con una plataforma para la recepci\u00f3n de los pagos correspondientes a esta materia y a esto, se suma que exista un horario de atenci\u00f3n preferencial en el Edificio Consistorial.<\/p>\n<p style=\"text-align: justify;\">Cecilia Zu\u00f1iga, funcionaria del departamento de Rentas y Patentes de la I. Municipalidad de Ays\u00e9n abord\u00f3 esta materia, informando las disposiciones que se han adoptado. \u201cLas personas interesadas en postergar el pago de sus patentes\u00a0 pueden venir al municipio a llenar una solicitud o tambi\u00e9n revisar en la p\u00e1gina web en caso de querer imprimirla y hacerla llegar al correo electr\u00f3nico que es rentas@puertoaysen.cl\u201d.<\/p>\n<p style=\"text-align: justify;\">Asimismo, la profesional aysenina coment\u00f3 que \u201cel pago de la patente se puede hacer en 3 o 6 cuotas, cualquier duda o consulta pueden hacerla al correo, tambi\u00e9n pueden llamar al tel\u00e9fono 672 33 65 83 para inscribirse hasta el 2 de agosto\u201d. Esto considerando que las disposiciones legales indican que al ser s\u00e1bado el final del mes (31 de julio) esto puede ser culminado al d\u00eda h\u00e1bil siguiente.<\/p>\n<p style=\"text-align: justify;\">Finalmente, la personera municipal hizo un llamado a la comunidad a ser parte del proceso extraordinario de atenci\u00f3n a p\u00fablico que se efectuar\u00e1 en dependencias municipales (Esmeralda #607, Puerto Ays\u00e9n) desde el 26 al 30 de julio en dos jornadas de 09:00 a 13:00 y 14:30 a las 16:30 horas para quienes busquen inscribir o pagar sus patentes disponiendo para ello tambi\u00e9n de la Caja de Pagos Municipal para efectuar este tr\u00e1mite antes de que culmine el plazo.<\/p>\n<\/div><\/section><\/div><div  style='height:50px' class='hr hr-invisible   avia-builder-el-6  el_after_av_one_full  el_before_av_social_share '><span class='hr-inner ' ><span class='hr-inner-style'><\/span><\/span><\/div><\/p>\n<div  class='av-social-sharing-box  avia-builder-el-7  el_after_av_hr  el_before_av_hr  '><div class='av-share-box'><h5 class='av-share-link-description av-no-toc '>Compartir esta noticia<\/h5><ul class='av-share-box-list noLightbox'><li class='av-share-link av-social-link-facebook' ><a target=\"_blank\" aria-label=\"Compartir en Facebook\" href='https:\/\/www.facebook.com\/sharer.php?u=https:\/\/radiorevelacionfm.cl\/?p=6613&#038;t=Municipio%20de%20Ays%C3%A9n%20invita%20a%20contribuyentes%20a%20revisar%20opciones%20de%20pago%20de%20patentes%20municipales' aria-hidden='false' data-av_icon='\ue8f3' data-av_iconfont='entypo-fontello' title='' data-avia-related-tooltip='Compartir en Facebook' rel=\"noopener\"><span class='avia_hidden_link_text'>Compartir en Facebook<\/span><\/a><\/li><li class='av-share-link av-social-link-twitter' ><a target=\"_blank\" aria-label=\"Compartir en Twitter\" href='https:\/\/twitter.com\/share?text=Municipio%20de%20Ays%C3%A9n%20invita%20a%20contribuyentes%20a%20revisar%20opciones%20de%20pago%20de%20patentes%20municipales&#038;url=https:\/\/radiorevelacionfm.cl\/?p=6613' aria-hidden='false' data-av_icon='\ue8f1' data-av_iconfont='entypo-fontello' title='' data-avia-related-tooltip='Compartir en Twitter' rel=\"noopener\"><span class='avia_hidden_link_text'>Compartir en Twitter<\/span><\/a><\/li><li class='av-share-link av-social-link-whatsapp' ><a target=\"_blank\" aria-label=\"Compartir en Whatsapp\" href='https:\/\/api.whatsapp.com\/send?text=https:\/\/radiorevelacionfm.cl\/?p=6613' aria-hidden='false' data-av_icon='\uf232' data-av_iconfont='entypo-fontello' title='' data-avia-related-tooltip='Compartir en Whatsapp' rel=\"noopener\"><span class='avia_hidden_link_text'>Compartir en Whatsapp<\/span><\/a><\/li><li class='av-share-link av-social-link-linkedin' ><a target=\"_blank\" aria-label=\"Compartir en LinkedIn\" href='https:\/\/linkedin.com\/shareArticle?mini=true&#038;title=Municipio%20de%20Ays%C3%A9n%20invita%20a%20contribuyentes%20a%20revisar%20opciones%20de%20pago%20de%20patentes%20municipales&#038;url=https:\/\/radiorevelacionfm.cl\/?p=6613' aria-hidden='false' data-av_icon='\ue8fc' data-av_iconfont='entypo-fontello' title='' data-avia-related-tooltip='Compartir en LinkedIn' rel=\"noopener\"><span class='avia_hidden_link_text'>Compartir en LinkedIn<\/span><\/a><\/li><li class='av-share-link av-social-link-mail' ><a  aria-label=\"Compartir por correo\" href='mailto:?subject=Municipio%20de%20Ays%C3%A9n%20invita%20a%20contribuyentes%20a%20revisar%20opciones%20de%20pago%20de%20patentes%20municipales&#038;body=https:\/\/radiorevelacionfm.cl\/?p=6613' aria-hidden='false' data-av_icon='\ue805' data-av_iconfont='entypo-fontello' title='' data-avia-related-tooltip='Compartir por correo'><span class='avia_hidden_link_text'>Compartir por correo<\/span><\/a><\/li><\/ul><\/div><\/div>\n<div  style='height:50px' class='hr hr-invisible   avia-builder-el-8  el_after_av_social_share  el_before_av_comments_list '><span class='hr-inner ' ><span class='hr-inner-style'><\/span><\/span><\/div>\n<div  class='av-buildercomment  av-blog-meta-html-info-disabled av-blog-meta-tag-disabled  '><\/div>\n","protected":false},"excerpt":{"rendered":"","protected":false},"author":1,"featured_media":6616,"comment_status":"open","ping_status":"open","sticky":false,"template":"","format":"standard","meta":{"footnotes":""},"categories":[38],"tags":[],"class_list":["post-6613","post","type-post","status-publish","format-standard","has-post-thumbnail","hentry","category-regional"],"jetpack_featured_media_url":"https:\/\/radiorevelacionfm.cl\/wp-content\/uploads\/2021\/07\/IMG-RP-PM2.1-1.jpg","_links":{"self":[{"href":"https:\/\/radiorevelacionfm.cl\/index.php?rest_route=\/wp\/v2\/posts\/6613","targetHints":{"allow":["GET"]}}],"collection":[{"href":"https:\/\/radiorevelacionfm.cl\/index.php?rest_route=\/wp\/v2\/posts"}],"about":[{"href":"https:\/\/radiorevelacionfm.cl\/index.php?rest_route=\/wp\/v2\/types\/post"}],"author":[{"embeddable":true,"href":"https:\/\/radiorevelacionfm.cl\/index.php?rest_route=\/wp\/v2\/users\/1"}],"replies":[{"embeddable":true,"href":"https:\/\/radiorevelacionfm.cl\/index.php?rest_route=%2Fwp%2Fv2%2Fcomments&post=6613"}],"version-history":[{"count":1,"href":"https:\/\/radiorevelacionfm.cl\/index.php?rest_route=\/wp\/v2\/posts\/6613\/revisions"}],"predecessor-version":[{"id":6617,"href":"https:\/\/radiorevelacionfm.cl\/index.php?rest_route=\/wp\/v2\/posts\/6613\/revisions\/6617"}],"wp:featuredmedia":[{"embeddable":true,"href":"https:\/\/radiorevelacionfm.cl\/index.php?rest_route=\/wp\/v2\/media\/6616"}],"wp:attachment":[{"href":"https:\/\/radiorevelacionfm.cl\/index.php?rest_route=%2Fwp%2Fv2%2Fmedia&parent=6613"}],"wp:term":[{"taxonomy":"category","embeddable":true,"href":"https:\/\/radiorevelacionfm.cl\/index.php?rest_route=%2Fwp%2Fv2%2Fcategories&post=6613"},{"taxonomy":"post_tag","embeddable":true,"href":"https:\/\/radiorevelacionfm.cl\/index.php?rest_route=%2Fwp%2Fv2%2Ftags&post=6613"}],"curies":[{"name":"wp","href":"https:\/\/api.w.org\/{rel}","templated":true}]}}