{"id":6610,"date":"2021-07-23T18:58:53","date_gmt":"2021-07-23T21:58:53","guid":{"rendered":"https:\/\/radiorevelacionfm.cl\/?p=6610"},"modified":"2021-07-23T19:49:14","modified_gmt":"2021-07-23T22:49:14","slug":"autoridades-inspeccionan-avance-de-obras-del-plan-chile-se-recupera-en-coyhaique","status":"publish","type":"post","link":"https:\/\/radiorevelacionfm.cl\/?p=6610","title":{"rendered":"Autoridades inspeccionan avance de obras del Plan Chile se Recupera en Coyhaique"},"content":{"rendered":"<div class=\"flex_column av_one_full  flex_column_div av-zero-column-padding first  avia-builder-el-0  el_before_av_one_full  avia-builder-el-first  \" style='border-radius:0px; '><div  class='avia-image-container  av-styling-    avia-builder-el-1  avia-builder-el-no-sibling  avia-align-center '  itemprop=\"image\" itemscope=\"itemscope\" itemtype=\"https:\/\/schema.org\/ImageObject\"  ><div class='avia-image-container-inner'><div class='avia-image-overlay-wrap'><img decoding=\"async\" class='wp-image-6624 avia-img-lazy-loading-not-6624 avia_image' src=\"https:\/\/radiorevelacionfm.cl\/wp-content\/uploads\/2021\/07\/Obras-2021-07-23i-1-1.jpg\" alt='' title='Obras 2021-07-23i (1) (1)' height=\"600\" width=\"1172\"  itemprop=\"thumbnailUrl\" srcset=\"https:\/\/radiorevelacionfm.cl\/wp-content\/uploads\/2021\/07\/Obras-2021-07-23i-1-1.jpg 1172w, https:\/\/radiorevelacionfm.cl\/wp-content\/uploads\/2021\/07\/Obras-2021-07-23i-1-1-300x154.jpg 300w, https:\/\/radiorevelacionfm.cl\/wp-content\/uploads\/2021\/07\/Obras-2021-07-23i-1-1-1030x527.jpg 1030w, https:\/\/radiorevelacionfm.cl\/wp-content\/uploads\/2021\/07\/Obras-2021-07-23i-1-1-768x393.jpg 768w, https:\/\/radiorevelacionfm.cl\/wp-content\/uploads\/2021\/07\/Obras-2021-07-23i-1-1-705x361.jpg 705w, https:\/\/radiorevelacionfm.cl\/wp-content\/uploads\/2021\/07\/Obras-2021-07-23i-1-1-600x307.jpg 600w\" sizes=\"(max-width: 1172px) 100vw, 1172px\" \/><\/div><\/div><\/div><\/div><div class=\"flex_column av_one_full  flex_column_div av-zero-column-padding first  avia-builder-el-2  el_after_av_one_full  el_before_av_one_full  column-top-margin\" style='border-radius:0px; '><section class=\"av_textblock_section \"  itemscope=\"itemscope\" itemtype=\"https:\/\/schema.org\/BlogPosting\" itemprop=\"blogPost\" ><div class='avia_textblock  '   itemprop=\"text\" ><p style=\"text-align: center;\"><strong><span style=\"font-size: 18pt;\">Autoridades inspeccionan avance de obras del Plan Chile se Recupera en Coyhaique<\/span><\/strong><\/p>\n<div id=\"gtx-trans\" style=\"position: absolute; left: -50px; top: 4.31534px;\">\n<div class=\"gtx-trans-icon\"><\/div>\n<\/div>\n<\/div><\/section><\/div><\/p>\n<div class=\"flex_column av_one_full  flex_column_div av-zero-column-padding first  avia-builder-el-4  el_after_av_one_full  el_before_av_hr  column-top-margin\" style='border-radius:0px; '><section class=\"av_textblock_section \"  itemscope=\"itemscope\" itemtype=\"https:\/\/schema.org\/BlogPosting\" itemprop=\"blogPost\" ><div class='avia_textblock  '   itemprop=\"text\" ><p style=\"text-align: justify;\">Hasta las obras en la Avenida Baquedano se trasladaron diversas autoridades de gobierno \u2013 encabezados por la Delegada Presidencial Regional Margarita Ossa y los seremis (s) del MOP y Trabajo, El\u00edas Fern\u00e1ndez y Katherine Kingma \u2013 para fiscalizar los trabajos de las iniciativas del Plan Paso a Paso Chile se Recupera, el que tiene proyectada una inversi\u00f3n hasta el 2022 por m\u00e1s de $350 mil millones.<\/p>\n<p style=\"text-align: justify;\">Tras conocer el avance de 43% de las obras f\u00edsicas y conversar con parte de los trabajadores que actualmente laboran, la Delegada Presidencial Regional Margarita Ossa Rojas explic\u00f3 que \u201cesta obra es muy importante, est\u00e1 contemplada dentro del Plan Paso a Paso Chile se Recupera, que es un plan que comienza el a\u00f1o pasado para la reactivaci\u00f3n econ\u00f3mica del pa\u00eds y regi\u00f3n; y tiene una importancia fundamental ya que hemos sufrido una pandemia compleja, hemos perdido much\u00edsimos empleos y deben ser recuperados a trav\u00e9s de este Plan Paso a Paso\u201d.<\/p>\n<p style=\"text-align: justify;\">Sobre ese mismo punto Ossa Rojas detall\u00f3 que \u201chay dos ministerios que son fundamentales como lo son el ministerio de Obras P\u00fablicas y de Vivienda, a trav\u00e9s de los cuales b\u00e1sicamente queremos recuperar 7 mil empleos y esta obra es un ejemplo de eso; son $15 mil millones y ya han entregado empleo a 500 personas y eso lo que buscamos, un avance de reactivaci\u00f3n econ\u00f3mica, acompa\u00f1ado tambi\u00e9n de un avance en el proceso de salud con la campa\u00f1a Yo Me Vacuno\u201d, dijo.<\/p>\n<p style=\"text-align: justify;\">En esa misma l\u00ednea, la autoridad regional llam\u00f3 a la poblaci\u00f3n a continuar resguard\u00e1ndose del virus, el cual \u201choy d\u00eda tenemos 147 casos activos y debemos disminuir m\u00e1s para poder seguir avanzando en esta apertura que ha tenido el Plan Paso, tener una mayor libertad que est\u00e1 aparejada con una mayor responsabilidad. Sigamos en esa senda para seguir teniendo muy buenas noticias\u201d, dijo.<\/p>\n<p style=\"text-align: justify;\">Por su parte, el seremi (s) del Mop Ays\u00e9n, El\u00edas Fern\u00e1ndez, \u201ccomprende un mejoramiento desde la calle Victoria hasta la Escuela Agr\u00edcola por un total de 2,5 kil\u00f3metros y en este momento tenemos un avance f\u00edsico del 43%, es una importante obra de mejoramiento de calidad de vida de los vecinos, de seguridad vial y estamos muy contentos porque viene a mejorar la calidad de la ciudad y de los vecinos del sector\u201d agregando que como cartera \u201cestamos constantemente en proceso de fiscalizaci\u00f3n con nuestros inspectores fiscales, prevencioncitas de riesgo porque es de inter\u00e9s regional por el impacto vial que significa\u201d.<\/p>\n<p style=\"text-align: justify;\"><strong>Soporte Laboral<\/strong><\/p>\n<p style=\"text-align: justify;\">Desde la perspectiva del ministerio de Trabajo y Previsi\u00f3n Social destacaron el \u00edmpetu del Plan Paso a Paso Chile se Recupera, que en la regi\u00f3n tiene operativa decenas de obras, las cuales, han sido complementadas por el Estado a trav\u00e9s de diversas ayudas para fomentar el empleo y aumentar sus ingresos.<\/p>\n<p style=\"text-align: justify;\">As\u00ed lo explic\u00f3 la seremi (s) Katherine Kingma, quien relev\u00f3\u00a0 \u201cel tema del subsidio al empleo que es una inyecci\u00f3n de nuestro Gobierno hacia la reactivaci\u00f3n econ\u00f3mica de cada una de las regiones de nuestro pa\u00eds. Afortunadamente en Ays\u00e9n los subsidios al empleo han sido muy bien tomados por la comunidad\u201d.<\/p>\n<p style=\"text-align: justify;\">En ese sentido, la autoridad precis\u00f3 que \u201ca la fecha, ya tenemos m\u00e1s de tres mil 100 contrataciones favorecidas con el Subsidio Contrata. Eso significa que directamente al empleador le llega entre 270 y 290 mil pesos por cada trabajador nuevo contratado, y eso las empresas a los trabajadores lo han sabido ocupar\u201d, concluy\u00f3.<\/p>\n<\/div><\/section><\/div>\n<div  style='height:50px' class='hr hr-invisible   avia-builder-el-6  el_after_av_one_full  el_before_av_social_share '><span class='hr-inner ' ><span class='hr-inner-style'><\/span><\/span><\/div>\n<div  class='av-social-sharing-box  avia-builder-el-7  el_after_av_hr  el_before_av_hr  '><div class='av-share-box'><h5 class='av-share-link-description av-no-toc '>Compartir esta noticia<\/h5><ul class='av-share-box-list noLightbox'><li class='av-share-link av-social-link-facebook' ><a target=\"_blank\" aria-label=\"Compartir en Facebook\" href='https:\/\/www.facebook.com\/sharer.php?u=https:\/\/radiorevelacionfm.cl\/?p=6610&#038;t=Autoridades%20inspeccionan%20avance%20de%20obras%20del%20Plan%20Chile%20se%20Recupera%20en%20Coyhaique' aria-hidden='false' data-av_icon='\ue8f3' data-av_iconfont='entypo-fontello' title='' data-avia-related-tooltip='Compartir en Facebook' rel=\"noopener\"><span class='avia_hidden_link_text'>Compartir en Facebook<\/span><\/a><\/li><li class='av-share-link av-social-link-twitter' ><a target=\"_blank\" aria-label=\"Compartir en Twitter\" href='https:\/\/twitter.com\/share?text=Autoridades%20inspeccionan%20avance%20de%20obras%20del%20Plan%20Chile%20se%20Recupera%20en%20Coyhaique&#038;url=https:\/\/radiorevelacionfm.cl\/?p=6610' aria-hidden='false' data-av_icon='\ue8f1' data-av_iconfont='entypo-fontello' title='' data-avia-related-tooltip='Compartir en Twitter' rel=\"noopener\"><span class='avia_hidden_link_text'>Compartir en Twitter<\/span><\/a><\/li><li class='av-share-link av-social-link-whatsapp' ><a target=\"_blank\" aria-label=\"Compartir en Whatsapp\" href='https:\/\/api.whatsapp.com\/send?text=https:\/\/radiorevelacionfm.cl\/?p=6610' aria-hidden='false' data-av_icon='\uf232' data-av_iconfont='entypo-fontello' title='' data-avia-related-tooltip='Compartir en Whatsapp' rel=\"noopener\"><span class='avia_hidden_link_text'>Compartir en Whatsapp<\/span><\/a><\/li><li class='av-share-link av-social-link-linkedin' ><a target=\"_blank\" aria-label=\"Compartir en LinkedIn\" href='https:\/\/linkedin.com\/shareArticle?mini=true&#038;title=Autoridades%20inspeccionan%20avance%20de%20obras%20del%20Plan%20Chile%20se%20Recupera%20en%20Coyhaique&#038;url=https:\/\/radiorevelacionfm.cl\/?p=6610' aria-hidden='false' data-av_icon='\ue8fc' data-av_iconfont='entypo-fontello' title='' data-avia-related-tooltip='Compartir en LinkedIn' rel=\"noopener\"><span class='avia_hidden_link_text'>Compartir en LinkedIn<\/span><\/a><\/li><li class='av-share-link av-social-link-mail' ><a  aria-label=\"Compartir por correo\" href='mailto:?subject=Autoridades%20inspeccionan%20avance%20de%20obras%20del%20Plan%20Chile%20se%20Recupera%20en%20Coyhaique&#038;body=https:\/\/radiorevelacionfm.cl\/?p=6610' aria-hidden='false' data-av_icon='\ue805' data-av_iconfont='entypo-fontello' title='' data-avia-related-tooltip='Compartir por correo'><span class='avia_hidden_link_text'>Compartir por correo<\/span><\/a><\/li><\/ul><\/div><\/div>\n<div  style='height:50px' class='hr hr-invisible   avia-builder-el-8  el_after_av_social_share  el_before_av_comments_list '><span class='hr-inner ' ><span class='hr-inner-style'><\/span><\/span><\/div>\n<div  class='av-buildercomment  av-blog-meta-html-info-disabled av-blog-meta-tag-disabled  '><\/div>\n","protected":false},"excerpt":{"rendered":"","protected":false},"author":1,"featured_media":6624,"comment_status":"open","ping_status":"open","sticky":false,"template":"","format":"standard","meta":{"footnotes":""},"categories":[38],"tags":[],"class_list":["post-6610","post","type-post","status-publish","format-standard","has-post-thumbnail","hentry","category-regional"],"jetpack_featured_media_url":"https:\/\/radiorevelacionfm.cl\/wp-content\/uploads\/2021\/07\/Obras-2021-07-23i-1-1.jpg","_links":{"self":[{"href":"https:\/\/radiorevelacionfm.cl\/index.php?rest_route=\/wp\/v2\/posts\/6610","targetHints":{"allow":["GET"]}}],"collection":[{"href":"https:\/\/radiorevelacionfm.cl\/index.php?rest_route=\/wp\/v2\/posts"}],"about":[{"href":"https:\/\/radiorevelacionfm.cl\/index.php?rest_route=\/wp\/v2\/types\/post"}],"author":[{"embeddable":true,"href":"https:\/\/radiorevelacionfm.cl\/index.php?rest_route=\/wp\/v2\/users\/1"}],"replies":[{"embeddable":true,"href":"https:\/\/radiorevelacionfm.cl\/index.php?rest_route=%2Fwp%2Fv2%2Fcomments&post=6610"}],"version-history":[{"count":2,"href":"https:\/\/radiorevelacionfm.cl\/index.php?rest_route=\/wp\/v2\/posts\/6610\/revisions"}],"predecessor-version":[{"id":6625,"href":"https:\/\/radiorevelacionfm.cl\/index.php?rest_route=\/wp\/v2\/posts\/6610\/revisions\/6625"}],"wp:featuredmedia":[{"embeddable":true,"href":"https:\/\/radiorevelacionfm.cl\/index.php?rest_route=\/wp\/v2\/media\/6624"}],"wp:attachment":[{"href":"https:\/\/radiorevelacionfm.cl\/index.php?rest_route=%2Fwp%2Fv2%2Fmedia&parent=6610"}],"wp:term":[{"taxonomy":"category","embeddable":true,"href":"https:\/\/radiorevelacionfm.cl\/index.php?rest_route=%2Fwp%2Fv2%2Fcategories&post=6610"},{"taxonomy":"post_tag","embeddable":true,"href":"https:\/\/radiorevelacionfm.cl\/index.php?rest_route=%2Fwp%2Fv2%2Ftags&post=6610"}],"curies":[{"name":"wp","href":"https:\/\/api.w.org\/{rel}","templated":true}]}}