{"id":6605,"date":"2021-07-23T22:41:47","date_gmt":"2021-07-24T01:41:47","guid":{"rendered":"https:\/\/radiorevelacionfm.cl\/?p=6605"},"modified":"2021-07-23T22:41:47","modified_gmt":"2021-07-24T01:41:47","slug":"sindicato-de-trabajadoras-realiza-entrega-de-100-set-infantiles-financiado-por-el-gobierno-regional-aysen","status":"publish","type":"post","link":"https:\/\/radiorevelacionfm.cl\/?p=6605","title":{"rendered":"Sindicato de Trabajadoras realiza entrega de 100 set infantiles financiado por el Gobierno Regional Ays\u00e9n"},"content":{"rendered":"<div class=\"flex_column av_one_full  flex_column_div av-zero-column-padding first  avia-builder-el-0  el_before_av_one_full  avia-builder-el-first  \" style='border-radius:0px; '><div  class='avia-image-container  av-styling-    avia-builder-el-1  avia-builder-el-no-sibling  avia-align-center '  itemprop=\"image\" itemscope=\"itemscope\" itemtype=\"https:\/\/schema.org\/ImageObject\"  ><div class='avia-image-container-inner'><div class='avia-image-overlay-wrap'><img decoding=\"async\" class='wp-image-6608 avia-img-lazy-loading-not-6608 avia_image' src=\"https:\/\/radiorevelacionfm.cl\/wp-content\/uploads\/2021\/07\/Set-Infantiles-2021-07-23-2.jpeg\" alt='' title='Set Infantiles 2021-07-23 (2)' height=\"600\" width=\"968\"  itemprop=\"thumbnailUrl\" srcset=\"https:\/\/radiorevelacionfm.cl\/wp-content\/uploads\/2021\/07\/Set-Infantiles-2021-07-23-2.jpeg 968w, https:\/\/radiorevelacionfm.cl\/wp-content\/uploads\/2021\/07\/Set-Infantiles-2021-07-23-2-300x186.jpeg 300w, https:\/\/radiorevelacionfm.cl\/wp-content\/uploads\/2021\/07\/Set-Infantiles-2021-07-23-2-768x476.jpeg 768w, https:\/\/radiorevelacionfm.cl\/wp-content\/uploads\/2021\/07\/Set-Infantiles-2021-07-23-2-705x437.jpeg 705w, https:\/\/radiorevelacionfm.cl\/wp-content\/uploads\/2021\/07\/Set-Infantiles-2021-07-23-2-600x372.jpeg 600w\" sizes=\"(max-width: 968px) 100vw, 968px\" \/><\/div><\/div><\/div><\/div>\n<div class=\"flex_column av_one_full  flex_column_div av-zero-column-padding first  avia-builder-el-2  el_after_av_one_full  el_before_av_one_full  column-top-margin\" style='border-radius:0px; '><section class=\"av_textblock_section \"  itemscope=\"itemscope\" itemtype=\"https:\/\/schema.org\/BlogPosting\" itemprop=\"blogPost\" ><div class='avia_textblock  '   itemprop=\"text\" ><p style=\"text-align: center;\"><strong><span style=\"font-size: 18pt;\">Sindicato de Trabajadoras realiza entrega de 100 set infantiles financiado por el Gobierno Regional Ays\u00e9n<\/span><\/strong><\/p>\n<div id=\"gtx-trans\" style=\"position: absolute; left: -50px; top: 4.31534px;\">\n<div class=\"gtx-trans-icon\"><\/div>\n<\/div>\n<\/div><\/section><\/div><div class=\"flex_column av_one_full  flex_column_div av-zero-column-padding first  avia-builder-el-4  el_after_av_one_full  el_before_av_hr  column-top-margin\" style='border-radius:0px; '><section class=\"av_textblock_section \"  itemscope=\"itemscope\" itemtype=\"https:\/\/schema.org\/BlogPosting\" itemprop=\"blogPost\" ><div class='avia_textblock  '   itemprop=\"text\" ><p class=\"v1MsoNormal\" style=\"text-align: justify;\">Junto a familias del Sindicato de Trabajadoras Eventuales de la Producci\u00f3n, la Gobernadora Regional de Ays\u00e9n, Andrea Mac\u00edas Palma, y la presidenta del Sindicato N\u00b01 de Coyhaique, Rina Reyes, entregaron set art\u00edsticos infantiles, fruto de un proyecto postulado por el Sindicato a los Fondos de Cultura del Gobierno Regional de Ays\u00e9n.<\/p>\n<p class=\"v1MsoNormal\" style=\"text-align: justify;\">\u00abUn proyecto que nace desde este Sindicato, desde la propia necesidad de las mujeres, de poder estar habilitando y entregando alternativas a ni\u00f1os y ni\u00f1as, en este contexto de pandemia. Rescatar, adem\u00e1s, la solidaridad de la agrupaci\u00f3n que no s\u00f3lo trabaja con familias de Coyhaique, sino que tambi\u00e9n de Villa Los Torreones y Repollal, lo que habla del esp\u00edritu solidario que siempre se tiene entre las organizaciones\u00bb, destac\u00f3 la Gobernadora Andrea Mac\u00edas en la sede de la organizaci\u00f3n.<\/p>\n<p class=\"v1MsoNormal\" style=\"text-align: justify;\">Rina Reyes indic\u00f3 que esta iniciativa fue especialmente dise\u00f1ada ante los cambios que ha significado la pandemia por covid-19.<\/p>\n<p class=\"v1MsoNormal\" style=\"text-align: justify;\">\u00abLlevamos un momento de alegr\u00eda para los ni\u00f1os, cuando todav\u00eda estamos en una condici\u00f3n de pandemia, cuando han pasado mucho tiempo en casa, con estudios online y pasando momentos dif\u00edciles con estos encierros. Esto lleva alegr\u00eda, entretenci\u00f3n a hartos peque\u00f1itos, ni\u00f1as y ni\u00f1os de la organizaci\u00f3n\u00bb, se\u00f1al\u00f3 la dirigente.<\/p>\n<p class=\"v1MsoNormal\" style=\"text-align: justify;\">Sebasti\u00e1n Lagos, uno de los profesores de Action Kids, explic\u00f3 que el set est\u00e1 especialmente desarrollado para generar alternativas de aprendizaje desde el hogar.<\/p>\n<p class=\"v1MsoNormal\" style=\"text-align: justify;\">\u00abSon cerca de cien ni\u00f1os de toda la regi\u00f3n, comenzando con 35 kits en Coyhaique y vamos a continuar en Repollal y Villa Los Torreones. Nace en base a la idea de c\u00f3mo seguir brindando oportunidades educativas y recreativas en el \u00e1rea de la cultura, a ni\u00f1as y ni\u00f1os de la regi\u00f3n, en un formato que se pudiera realizar en este contexto de pandemia\u00bb, detall\u00f3.<\/p>\n<p class=\"v1MsoNormal\" style=\"text-align: justify;\">Por su parte, Ercilia Igor resalt\u00f3 que se apoye la formaci\u00f3n de ni\u00f1os y ni\u00f1as durante la pandemia. \u00abMuy bonito y creativo, porque al menos mis hijos llevan m\u00e1s de un a\u00f1o y medio encerrados. Hace poco salieron de vacaciones, pero tambi\u00e9n tienen que estar encerrados. Entonces, esto va a ser una entretenci\u00f3n para \u00e9l y su hermanito, algo diferente al celular y la televisi\u00f3n. Muy a gusto con esta peque\u00f1a sorpresa que van tener los ni\u00f1os para olvidar este stress\u00bb, concluy\u00f3.<\/p>\n<p class=\"v1MsoNormal\" style=\"text-align: justify;\">Entre los ni\u00f1os, Esteban Uribe dijo que los implementos sirvieron para la recreaci\u00f3n en el per\u00edodo de pandemia. \u00abMuy bueno para distraerse en la cuarentena\u00bb, manifest\u00f3.<\/p>\n<p class=\"v1MsoNormal\" style=\"text-align: justify;\">La entrega se concret\u00f3 en la sede del Sindicato de Trabajadoras Eventuales de la Producci\u00f3n en Coyhaique y continuar\u00e1 en Repollal y Villa Los Torreones.<\/p>\n<\/div><\/section><\/div><\/p>\n<div  style='height:50px' class='hr hr-invisible   avia-builder-el-6  el_after_av_one_full  el_before_av_social_share '><span class='hr-inner ' ><span class='hr-inner-style'><\/span><\/span><\/div>\n<div  class='av-social-sharing-box  avia-builder-el-7  el_after_av_hr  el_before_av_hr  '><div class='av-share-box'><h5 class='av-share-link-description av-no-toc '>Compartir esta noticia<\/h5><ul class='av-share-box-list noLightbox'><li class='av-share-link av-social-link-facebook' ><a target=\"_blank\" aria-label=\"Compartir en Facebook\" href='https:\/\/www.facebook.com\/sharer.php?u=https:\/\/radiorevelacionfm.cl\/?p=6605&#038;t=Sindicato%20de%20Trabajadoras%20realiza%20entrega%20de%20100%20set%20infantiles%20financiado%20por%20el%20Gobierno%20Regional%20Ays%C3%A9n' aria-hidden='false' data-av_icon='\ue8f3' data-av_iconfont='entypo-fontello' title='' data-avia-related-tooltip='Compartir en Facebook' rel=\"noopener\"><span class='avia_hidden_link_text'>Compartir en Facebook<\/span><\/a><\/li><li class='av-share-link av-social-link-twitter' ><a target=\"_blank\" aria-label=\"Compartir en Twitter\" href='https:\/\/twitter.com\/share?text=Sindicato%20de%20Trabajadoras%20realiza%20entrega%20de%20100%20set%20infantiles%20financiado%20por%20el%20Gobierno%20Regional%20Ays%C3%A9n&#038;url=https:\/\/radiorevelacionfm.cl\/?p=6605' aria-hidden='false' data-av_icon='\ue8f1' data-av_iconfont='entypo-fontello' title='' data-avia-related-tooltip='Compartir en Twitter' rel=\"noopener\"><span class='avia_hidden_link_text'>Compartir en Twitter<\/span><\/a><\/li><li class='av-share-link av-social-link-whatsapp' ><a target=\"_blank\" aria-label=\"Compartir en Whatsapp\" href='https:\/\/api.whatsapp.com\/send?text=https:\/\/radiorevelacionfm.cl\/?p=6605' aria-hidden='false' data-av_icon='\uf232' data-av_iconfont='entypo-fontello' title='' data-avia-related-tooltip='Compartir en Whatsapp' rel=\"noopener\"><span class='avia_hidden_link_text'>Compartir en Whatsapp<\/span><\/a><\/li><li class='av-share-link av-social-link-linkedin' ><a target=\"_blank\" aria-label=\"Compartir en LinkedIn\" href='https:\/\/linkedin.com\/shareArticle?mini=true&#038;title=Sindicato%20de%20Trabajadoras%20realiza%20entrega%20de%20100%20set%20infantiles%20financiado%20por%20el%20Gobierno%20Regional%20Ays%C3%A9n&#038;url=https:\/\/radiorevelacionfm.cl\/?p=6605' aria-hidden='false' data-av_icon='\ue8fc' data-av_iconfont='entypo-fontello' title='' data-avia-related-tooltip='Compartir en LinkedIn' rel=\"noopener\"><span class='avia_hidden_link_text'>Compartir en LinkedIn<\/span><\/a><\/li><li class='av-share-link av-social-link-mail' ><a  aria-label=\"Compartir por correo\" href='mailto:?subject=Sindicato%20de%20Trabajadoras%20realiza%20entrega%20de%20100%20set%20infantiles%20financiado%20por%20el%20Gobierno%20Regional%20Ays%C3%A9n&#038;body=https:\/\/radiorevelacionfm.cl\/?p=6605' aria-hidden='false' data-av_icon='\ue805' data-av_iconfont='entypo-fontello' title='' data-avia-related-tooltip='Compartir por correo'><span class='avia_hidden_link_text'>Compartir por correo<\/span><\/a><\/li><\/ul><\/div><\/div>\n<div  style='height:50px' class='hr hr-invisible   avia-builder-el-8  el_after_av_social_share  el_before_av_comments_list '><span class='hr-inner ' ><span class='hr-inner-style'><\/span><\/span><\/div>\n<div  class='av-buildercomment  av-blog-meta-html-info-disabled av-blog-meta-tag-disabled  '><\/div>\n","protected":false},"excerpt":{"rendered":"","protected":false},"author":1,"featured_media":6608,"comment_status":"open","ping_status":"open","sticky":false,"template":"","format":"standard","meta":{"footnotes":""},"categories":[38],"tags":[],"class_list":["post-6605","post","type-post","status-publish","format-standard","has-post-thumbnail","hentry","category-regional"],"jetpack_featured_media_url":"https:\/\/radiorevelacionfm.cl\/wp-content\/uploads\/2021\/07\/Set-Infantiles-2021-07-23-2.jpeg","_links":{"self":[{"href":"https:\/\/radiorevelacionfm.cl\/index.php?rest_route=\/wp\/v2\/posts\/6605","targetHints":{"allow":["GET"]}}],"collection":[{"href":"https:\/\/radiorevelacionfm.cl\/index.php?rest_route=\/wp\/v2\/posts"}],"about":[{"href":"https:\/\/radiorevelacionfm.cl\/index.php?rest_route=\/wp\/v2\/types\/post"}],"author":[{"embeddable":true,"href":"https:\/\/radiorevelacionfm.cl\/index.php?rest_route=\/wp\/v2\/users\/1"}],"replies":[{"embeddable":true,"href":"https:\/\/radiorevelacionfm.cl\/index.php?rest_route=%2Fwp%2Fv2%2Fcomments&post=6605"}],"version-history":[{"count":2,"href":"https:\/\/radiorevelacionfm.cl\/index.php?rest_route=\/wp\/v2\/posts\/6605\/revisions"}],"predecessor-version":[{"id":6629,"href":"https:\/\/radiorevelacionfm.cl\/index.php?rest_route=\/wp\/v2\/posts\/6605\/revisions\/6629"}],"wp:featuredmedia":[{"embeddable":true,"href":"https:\/\/radiorevelacionfm.cl\/index.php?rest_route=\/wp\/v2\/media\/6608"}],"wp:attachment":[{"href":"https:\/\/radiorevelacionfm.cl\/index.php?rest_route=%2Fwp%2Fv2%2Fmedia&parent=6605"}],"wp:term":[{"taxonomy":"category","embeddable":true,"href":"https:\/\/radiorevelacionfm.cl\/index.php?rest_route=%2Fwp%2Fv2%2Fcategories&post=6605"},{"taxonomy":"post_tag","embeddable":true,"href":"https:\/\/radiorevelacionfm.cl\/index.php?rest_route=%2Fwp%2Fv2%2Ftags&post=6605"}],"curies":[{"name":"wp","href":"https:\/\/api.w.org\/{rel}","templated":true}]}}