{"id":6602,"date":"2021-07-23T17:34:10","date_gmt":"2021-07-23T20:34:10","guid":{"rendered":"https:\/\/radiorevelacionfm.cl\/?p=6602"},"modified":"2021-07-23T17:34:10","modified_gmt":"2021-07-23T20:34:10","slug":"calisto-por-opcion-presidencial-yasna-provoste-cumple-con-todos-los-requisitos-para-representar-a-todos-los-chilenos","status":"publish","type":"post","link":"https:\/\/radiorevelacionfm.cl\/?p=6602","title":{"rendered":"Calisto por opci\u00f3n presidencial \u201cYasna Provoste cumple con todos los requisitos para representar a todos los Chilenos\u201d"},"content":{"rendered":"<div class=\"flex_column av_one_full  flex_column_div av-zero-column-padding first  avia-builder-el-0  el_before_av_one_full  avia-builder-el-first  \" style='border-radius:0px; '><div  class='avia-image-container  av-styling-    avia-builder-el-1  avia-builder-el-no-sibling  avia-align-center '  itemprop=\"image\" itemscope=\"itemscope\" itemtype=\"https:\/\/schema.org\/ImageObject\"  ><div class='avia-image-container-inner'><div class='avia-image-overlay-wrap'><img decoding=\"async\" class='wp-image-6603 avia-img-lazy-loading-not-6603 avia_image' src=\"https:\/\/radiorevelacionfm.cl\/wp-content\/uploads\/2021\/07\/calisto-provoste-2021-07-23i-1_optimized.jpg\" alt='' title='calisto-provoste-2021-07-23i-(1)_optimized' height=\"600\" width=\"901\"  itemprop=\"thumbnailUrl\" srcset=\"https:\/\/radiorevelacionfm.cl\/wp-content\/uploads\/2021\/07\/calisto-provoste-2021-07-23i-1_optimized.jpg 901w, https:\/\/radiorevelacionfm.cl\/wp-content\/uploads\/2021\/07\/calisto-provoste-2021-07-23i-1_optimized-300x200.jpg 300w, https:\/\/radiorevelacionfm.cl\/wp-content\/uploads\/2021\/07\/calisto-provoste-2021-07-23i-1_optimized-768x511.jpg 768w, https:\/\/radiorevelacionfm.cl\/wp-content\/uploads\/2021\/07\/calisto-provoste-2021-07-23i-1_optimized-705x469.jpg 705w, https:\/\/radiorevelacionfm.cl\/wp-content\/uploads\/2021\/07\/calisto-provoste-2021-07-23i-1_optimized-600x400.jpg 600w\" sizes=\"(max-width: 901px) 100vw, 901px\" \/><\/div><\/div><\/div><\/div><div class=\"flex_column av_one_full  flex_column_div av-zero-column-padding first  avia-builder-el-2  el_after_av_one_full  el_before_av_one_full  column-top-margin\" style='border-radius:0px; '><section class=\"av_textblock_section \"  itemscope=\"itemscope\" itemtype=\"https:\/\/schema.org\/BlogPosting\" itemprop=\"blogPost\" ><div class='avia_textblock  '   itemprop=\"text\" ><p style=\"text-align: center;\"><strong><span style=\"font-size: 18pt;\">Calisto por opci\u00f3n presidencial \u201cYasna Provoste cumple con todos los requisitos para representar a todos los Chilenos\u201d<\/span><\/strong><\/p>\n<div id=\"gtx-trans\" style=\"position: absolute; left: -50px; top: 4.31534px;\">\n<div class=\"gtx-trans-icon\"><\/div>\n<\/div>\n<\/div><\/section><\/div><div class=\"flex_column av_one_full  flex_column_div av-zero-column-padding first  avia-builder-el-4  el_after_av_one_full  el_before_av_hr  column-top-margin\" style='border-radius:0px; '><section class=\"av_textblock_section \"  itemscope=\"itemscope\" itemtype=\"https:\/\/schema.org\/BlogPosting\" itemprop=\"blogPost\" ><div class='avia_textblock  '   itemprop=\"text\" ><p style=\"text-align: justify;\"><span style=\"font-size: 12pt;\">Luego que Yasna Provoste confirmara su intenci\u00f3n de ser candidata a la Presidencia de la Rep\u00fablica, el diputado por Ays\u00e9n, Miguel \u00c1ngel Calisto valor\u00f3 los atributos de la actual Presidenta del Senado, resaltando su experiencia y su compromiso con las regiones, por lo que asegur\u00f3 que \u201ccumple con todos los requisitos para representar a todos los chilenos\u201d.<\/span><\/p>\n<p style=\"text-align: justify;\"><span style=\"font-size: 12pt;\">Seg\u00fan el legislador, \u201cestamos muy contentos y muy entusiasmados con la candidatura de Yasna Provoste a la Presidencia de la Rep\u00fablica. Es una buena noticia porque estamos hablando de una candidata que tiene experiencia, cuando se trata de la primera autoridad nacional no se puede improvisar con candidaturas testimoniales, se necesitan personas con las capacidades necesarias para liderar la conducci\u00f3n de un pa\u00eds\u201d.<\/span><\/p>\n<p style=\"text-align: justify;\"><span style=\"font-size: 12pt;\">\u201cLa candidatura de Yasna Provoste no s\u00f3lo refleja el compromiso de las transformaciones sociales manteniendo la democracia y la estabilidad pol\u00edtica y social, sino que representa a las regiones y sus desaf\u00edos. Las regiones tenemos mucho que decir respecto al futuro de Chile. Ella representa los intereses de todas las regiones de Chile, de quienes vivimos m\u00e1s alejados del centro del pa\u00eds\u201d. \u00a0<\/span><\/p>\n<p style=\"text-align: justify;\"><span style=\"font-size: 12pt;\">Calisto agreg\u00f3 que \u201cen su candidatura se pueden impregnar anhelos que est\u00e1n desde hace muchos a\u00f1os, mecanismos de excepci\u00f3n para zonas extremas, apoyos a las micro y peque\u00f1as empresas de sectores m\u00e1s alejados, as\u00ed como tambi\u00e9n reivindicaciones hist\u00f3ricas como el acceso universal al agua y las transformaciones sociales para equiparar la cancha\u201d.<\/span><\/p>\n<p style=\"text-align: justify;\"><span style=\"font-size: 12pt;\">Finalmente, el diputado afirm\u00f3 que \u201ccreo que Yasna Provoste cumple con los requisitos para representar a todos los chilenos. Una mujer, Senadora, del norte de Chile, Diaguita, que adem\u00e1s con su vasta experiencia y sensibilidad social va a garantizar las transformaciones que Chile hoy necesita\u201d.\u00a0<\/span><\/p>\n<\/div><\/section><\/div><div  style='height:50px' class='hr hr-invisible   avia-builder-el-6  el_after_av_one_full  el_before_av_social_share '><span class='hr-inner ' ><span class='hr-inner-style'><\/span><\/span><\/div><\/p>\n<div  class='av-social-sharing-box  avia-builder-el-7  el_after_av_hr  el_before_av_hr  '><div class='av-share-box'><h5 class='av-share-link-description av-no-toc '>Compartir esta noticia<\/h5><ul class='av-share-box-list noLightbox'><li class='av-share-link av-social-link-facebook' ><a target=\"_blank\" aria-label=\"Compartir en Facebook\" href='https:\/\/www.facebook.com\/sharer.php?u=https:\/\/radiorevelacionfm.cl\/?p=6602&#038;t=Calisto%20por%20opci%C3%B3n%20presidencial%20%E2%80%9CYasna%20Provoste%20cumple%20con%20todos%20los%20requisitos%20para%20representar%20a%20todos%20los%20Chilenos%E2%80%9D' aria-hidden='false' data-av_icon='\ue8f3' data-av_iconfont='entypo-fontello' title='' data-avia-related-tooltip='Compartir en Facebook' rel=\"noopener\"><span class='avia_hidden_link_text'>Compartir en Facebook<\/span><\/a><\/li><li class='av-share-link av-social-link-twitter' ><a target=\"_blank\" aria-label=\"Compartir en Twitter\" href='https:\/\/twitter.com\/share?text=Calisto%20por%20opci%C3%B3n%20presidencial%20%E2%80%9CYasna%20Provoste%20cumple%20con%20todos%20los%20requisitos%20para%20representar%20a%20todos%20los%20Chilenos%E2%80%9D&#038;url=https:\/\/radiorevelacionfm.cl\/?p=6602' aria-hidden='false' data-av_icon='\ue8f1' data-av_iconfont='entypo-fontello' title='' data-avia-related-tooltip='Compartir en Twitter' rel=\"noopener\"><span class='avia_hidden_link_text'>Compartir en Twitter<\/span><\/a><\/li><li class='av-share-link av-social-link-whatsapp' ><a target=\"_blank\" aria-label=\"Compartir en Whatsapp\" href='https:\/\/api.whatsapp.com\/send?text=https:\/\/radiorevelacionfm.cl\/?p=6602' aria-hidden='false' data-av_icon='\uf232' data-av_iconfont='entypo-fontello' title='' data-avia-related-tooltip='Compartir en Whatsapp' rel=\"noopener\"><span class='avia_hidden_link_text'>Compartir en Whatsapp<\/span><\/a><\/li><li class='av-share-link av-social-link-linkedin' ><a target=\"_blank\" aria-label=\"Compartir en LinkedIn\" href='https:\/\/linkedin.com\/shareArticle?mini=true&#038;title=Calisto%20por%20opci%C3%B3n%20presidencial%20%E2%80%9CYasna%20Provoste%20cumple%20con%20todos%20los%20requisitos%20para%20representar%20a%20todos%20los%20Chilenos%E2%80%9D&#038;url=https:\/\/radiorevelacionfm.cl\/?p=6602' aria-hidden='false' data-av_icon='\ue8fc' data-av_iconfont='entypo-fontello' title='' data-avia-related-tooltip='Compartir en LinkedIn' rel=\"noopener\"><span class='avia_hidden_link_text'>Compartir en LinkedIn<\/span><\/a><\/li><li class='av-share-link av-social-link-mail' ><a  aria-label=\"Compartir por correo\" href='mailto:?subject=Calisto%20por%20opci%C3%B3n%20presidencial%20%E2%80%9CYasna%20Provoste%20cumple%20con%20todos%20los%20requisitos%20para%20representar%20a%20todos%20los%20Chilenos%E2%80%9D&#038;body=https:\/\/radiorevelacionfm.cl\/?p=6602' aria-hidden='false' data-av_icon='\ue805' data-av_iconfont='entypo-fontello' title='' data-avia-related-tooltip='Compartir por correo'><span class='avia_hidden_link_text'>Compartir por correo<\/span><\/a><\/li><\/ul><\/div><\/div>\n<div  style='height:50px' class='hr hr-invisible   avia-builder-el-8  el_after_av_social_share  el_before_av_comments_list '><span class='hr-inner ' ><span class='hr-inner-style'><\/span><\/span><\/div>\n<div  class='av-buildercomment  av-blog-meta-html-info-disabled av-blog-meta-tag-disabled  '><\/div>\n","protected":false},"excerpt":{"rendered":"","protected":false},"author":1,"featured_media":6603,"comment_status":"open","ping_status":"open","sticky":false,"template":"","format":"standard","meta":{"footnotes":""},"categories":[35],"tags":[],"class_list":["post-6602","post","type-post","status-publish","format-standard","has-post-thumbnail","hentry","category-politica"],"jetpack_featured_media_url":"https:\/\/radiorevelacionfm.cl\/wp-content\/uploads\/2021\/07\/calisto-provoste-2021-07-23i-1_optimized.jpg","_links":{"self":[{"href":"https:\/\/radiorevelacionfm.cl\/index.php?rest_route=\/wp\/v2\/posts\/6602","targetHints":{"allow":["GET"]}}],"collection":[{"href":"https:\/\/radiorevelacionfm.cl\/index.php?rest_route=\/wp\/v2\/posts"}],"about":[{"href":"https:\/\/radiorevelacionfm.cl\/index.php?rest_route=\/wp\/v2\/types\/post"}],"author":[{"embeddable":true,"href":"https:\/\/radiorevelacionfm.cl\/index.php?rest_route=\/wp\/v2\/users\/1"}],"replies":[{"embeddable":true,"href":"https:\/\/radiorevelacionfm.cl\/index.php?rest_route=%2Fwp%2Fv2%2Fcomments&post=6602"}],"version-history":[{"count":1,"href":"https:\/\/radiorevelacionfm.cl\/index.php?rest_route=\/wp\/v2\/posts\/6602\/revisions"}],"predecessor-version":[{"id":6604,"href":"https:\/\/radiorevelacionfm.cl\/index.php?rest_route=\/wp\/v2\/posts\/6602\/revisions\/6604"}],"wp:featuredmedia":[{"embeddable":true,"href":"https:\/\/radiorevelacionfm.cl\/index.php?rest_route=\/wp\/v2\/media\/6603"}],"wp:attachment":[{"href":"https:\/\/radiorevelacionfm.cl\/index.php?rest_route=%2Fwp%2Fv2%2Fmedia&parent=6602"}],"wp:term":[{"taxonomy":"category","embeddable":true,"href":"https:\/\/radiorevelacionfm.cl\/index.php?rest_route=%2Fwp%2Fv2%2Fcategories&post=6602"},{"taxonomy":"post_tag","embeddable":true,"href":"https:\/\/radiorevelacionfm.cl\/index.php?rest_route=%2Fwp%2Fv2%2Ftags&post=6602"}],"curies":[{"name":"wp","href":"https:\/\/api.w.org\/{rel}","templated":true}]}}