{"id":6599,"date":"2021-07-23T17:35:03","date_gmt":"2021-07-23T20:35:03","guid":{"rendered":"https:\/\/radiorevelacionfm.cl\/?p=6599"},"modified":"2021-07-23T17:35:10","modified_gmt":"2021-07-23T20:35:10","slug":"emprendimientos-de-chile-chico-y-rio-ibanez-potenciaran-su-desarrollo-con-apoyo-del-fosis","status":"publish","type":"post","link":"https:\/\/radiorevelacionfm.cl\/?p=6599","title":{"rendered":"Emprendimientos de Chile Chico y R\u00edo Ib\u00e1\u00f1ez potenciar\u00e1n su desarrollo con apoyo del FOSIS"},"content":{"rendered":"<div class=\"flex_column av_one_full  flex_column_div av-zero-column-padding first  avia-builder-el-0  el_before_av_one_full  avia-builder-el-first  \" style='border-radius:0px; '><div  class='avia-image-container  av-styling-    avia-builder-el-1  avia-builder-el-no-sibling  avia-align-center '  itemprop=\"image\" itemscope=\"itemscope\" itemtype=\"https:\/\/schema.org\/ImageObject\"  ><div class='avia-image-container-inner'><div class='avia-image-overlay-wrap'><img decoding=\"async\" class='wp-image-0 avia-img-lazy-loading-not-0 avia_image' src=\"https:\/\/radiorevelacionfm.cl\/wp-content\/uploads\/2021\/07\/1-55-1-1.jpg\" alt='' title=''   itemprop=\"thumbnailUrl\"  \/><\/div><\/div><\/div><\/div><div class=\"flex_column av_one_full  flex_column_div av-zero-column-padding first  avia-builder-el-2  el_after_av_one_full  el_before_av_one_full  column-top-margin\" style='border-radius:0px; '><section class=\"av_textblock_section \"  itemscope=\"itemscope\" itemtype=\"https:\/\/schema.org\/BlogPosting\" itemprop=\"blogPost\" ><div class='avia_textblock  '   itemprop=\"text\" ><p style=\"text-align: center;\"><strong><span style=\"font-size: 18pt;\">Emprendimientos de Chile Chico y R\u00edo Ib\u00e1\u00f1ez potenciar\u00e1n su desarrollo con apoyo del FOSIS<\/span><\/strong><\/p>\n<div id=\"gtx-trans\" style=\"position: absolute; left: -50px; top: 4.31534px;\">\n<div class=\"gtx-trans-icon\"><\/div>\n<\/div>\n<\/div><\/section><\/div><div class=\"flex_column av_one_full  flex_column_div av-zero-column-padding first  avia-builder-el-4  el_after_av_one_full  el_before_av_hr  column-top-margin\" style='border-radius:0px; '><section class=\"av_textblock_section \"  itemscope=\"itemscope\" itemtype=\"https:\/\/schema.org\/BlogPosting\" itemprop=\"blogPost\" ><div class='avia_textblock  '   itemprop=\"text\" ><p style=\"text-align: justify;\">El programa Yo Emprendo, en sus distintas modalidades o niveles, contempla una intervenci\u00f3n de 8 meses, donde se trabaja con 88 emprendedores y emprendedoras de Puerto Ib\u00e1\u00f1ez, Chile Chico, Villa Cerro Castillo, Puerto R\u00edo Tranquilo, Bah\u00eda Murta y Puerto S\u00e1nchez.<\/p>\n<p style=\"text-align: justify;\">La intervenci\u00f3n busca fortalecer el desarrollo de los negocios y el aumento en los ingresos de los y las usuarias, entregando apoyo a trav\u00e9s de asesor\u00edas t\u00e9cnicas, capacitaci\u00f3n y el financiamiento de un plan de negocios para adquirir maquinaria, herramientas o insumos.<\/p>\n<p style=\"text-align: justify;\">Dominique Br\u00e4utigam, Directora Regional del FOSIS en Ays\u00e9n, asegur\u00f3 que \u201cEl trabajo territorial que realizamos desde el FOSIS busca poder entregar apoyo y acompa\u00f1amiento a emprendedores y emprendedoras de distintas localidades del territorio regional, abarcando zonas rurales y urbanas, entendiendo que el emprendimiento es un motor importante para ir moviendo la econom\u00eda desde las distintas comunas de Ays\u00e9n en tiempos de pandemia, y as\u00ed entregar una opci\u00f3n concreta para que familias y personas, en este caso de Chile Chico y R\u00edo Ib\u00e1\u00f1ez, puedan ir aumentado sus ingreso y mejorando su calidad de vida a trav\u00e9s del fortalecimiento de un emprendimiento existente o la puesta en marcha de una idea de negocio. Es importante destacar que en cada una de estas comunas donde estamos iniciando la ejecuci\u00f3n del programa Yo Emprendo, tuvimos oferta postulable y preferencial, donde trabajamos exclusivamente con las familias m\u00e1s vulnerables, quienes pertenecen al Subsistema de Seguridades y Oportunidades.\u201d<\/p>\n<p style=\"text-align: justify;\">Desde Chile Chico, la emprendedora Virina R\u00edos, quien desarrolla el oficio de costura y confecci\u00f3n, inici\u00f3 muy esperanzada su participaci\u00f3n en los talleres de capacitaci\u00f3n. \u201cNo me imagin\u00e9 estar ac\u00e1 y ahora que tengo una oportunidad puedo pensar m\u00e1s en mi negocio. Yo empec\u00e9 de a poquito con mi m\u00e1quina, fui aprendiendo de a poco porque no sab\u00eda nada y me gust\u00f3, entonces ahora tengo que sacar adelante mi negocio para ir creciendo y poder aprender m\u00e1s cosas. Espero tener mi propio taller de costuras, crear cosas innovadoras y lograr tener mi propio negocio.\u201d<\/p>\n<p style=\"text-align: justify;\">Deisy Pe\u00f1a, usuaria del programa Yo Emprendo en Puerto R\u00edo Tranquilo, trabaja en la venta de colaciones y vio en este proyecto la oportunidad de renovar y adaptar su negocio. \u201cMe surgi\u00f3 la idea y vi la necesidad de la gente que a veces llega tarde y no quieren ir a un restaurante, ya que prefieren comer en la comodidad de la caba\u00f1a u hostal para descansar. Me fue bastante bien en los desayunos y almuerzos antes de la pandemia. Ahora yo postul\u00e9 con esta idea para dar el mismo servicio, pero incluyendo delivery, adapt\u00e1ndonos a los tiempos de pandemia. Dije lo voy a intentar as\u00ed que postul\u00e9 y estoy muy agradecida y contenta por haber sido seleccionada, ojal\u00e1 nos vaya bien y nos resulte todo.\u201d<\/p>\n<p style=\"text-align: justify;\">\u201cSin lugar a duda la misi\u00f3n del FOSIS y del Programa Yo Emprendo tiene un car\u00e1cter especial debido a la contingencia sanitaria por Covid-19 y aqu\u00ed, apreciamos como 88 emprendedores de las comunas de R\u00edo Ib\u00e1\u00f1ez y Chile Chico est\u00e1n enfrentando las dificultades que les ha ocasionado la pandemia, optando a trav\u00e9s del Fondo de Solidaridad e Inversi\u00f3n Social a financiamiento, capacitaciones y asesor\u00eda t\u00e9cnica con el objetivo espec\u00edfico de reactivar y fortalecer sus negocios, d\u00e1ndole valor a factores como las redes sociales que se transforman en canales de venta y potenciando as\u00ed diversas aristas para surgir y salir adelante, lo que demuestra el impulso de los habitantes de la cuenca del General Carrera, como de todo el territorio de Ays\u00e9n\u201d, detall\u00f3 el Secretario Regional Ministerial (S) de Desarrollo Social y Familia, Sebasti\u00e1n Barra.<\/p>\n<p style=\"text-align: justify;\">Durante la epata de formaci\u00f3n, las emprendedoras y emprendedores que participan del programa, participar\u00e1n en talleres de apresto digital, capacidades emprendedoras, modelo de negocios, elaboraci\u00f3n de un plan de negocios y compras y ventas por internet.<\/p>\n<\/div><\/section><\/div><div  style='height:50px' class='hr hr-invisible   avia-builder-el-6  el_after_av_one_full  el_before_av_social_share '><span class='hr-inner ' ><span class='hr-inner-style'><\/span><\/span><\/div><\/p>\n<div  class='av-social-sharing-box  avia-builder-el-7  el_after_av_hr  el_before_av_hr  '><div class='av-share-box'><h5 class='av-share-link-description av-no-toc '>Compartir esta noticia<\/h5><ul class='av-share-box-list noLightbox'><li class='av-share-link av-social-link-facebook' ><a target=\"_blank\" aria-label=\"Compartir en Facebook\" href='https:\/\/www.facebook.com\/sharer.php?u=https:\/\/radiorevelacionfm.cl\/?p=6599&#038;t=Emprendimientos%20de%20Chile%20Chico%20y%20R%C3%ADo%20Ib%C3%A1%C3%B1ez%20potenciar%C3%A1n%20su%20desarrollo%20con%20apoyo%20del%20FOSIS' aria-hidden='false' data-av_icon='\ue8f3' data-av_iconfont='entypo-fontello' title='' data-avia-related-tooltip='Compartir en Facebook' rel=\"noopener\"><span class='avia_hidden_link_text'>Compartir en Facebook<\/span><\/a><\/li><li class='av-share-link av-social-link-twitter' ><a target=\"_blank\" aria-label=\"Compartir en Twitter\" href='https:\/\/twitter.com\/share?text=Emprendimientos%20de%20Chile%20Chico%20y%20R%C3%ADo%20Ib%C3%A1%C3%B1ez%20potenciar%C3%A1n%20su%20desarrollo%20con%20apoyo%20del%20FOSIS&#038;url=https:\/\/radiorevelacionfm.cl\/?p=6599' aria-hidden='false' data-av_icon='\ue8f1' data-av_iconfont='entypo-fontello' title='' data-avia-related-tooltip='Compartir en Twitter' rel=\"noopener\"><span class='avia_hidden_link_text'>Compartir en Twitter<\/span><\/a><\/li><li class='av-share-link av-social-link-whatsapp' ><a target=\"_blank\" aria-label=\"Compartir en Whatsapp\" href='https:\/\/api.whatsapp.com\/send?text=https:\/\/radiorevelacionfm.cl\/?p=6599' aria-hidden='false' data-av_icon='\uf232' data-av_iconfont='entypo-fontello' title='' data-avia-related-tooltip='Compartir en Whatsapp' rel=\"noopener\"><span class='avia_hidden_link_text'>Compartir en Whatsapp<\/span><\/a><\/li><li class='av-share-link av-social-link-linkedin' ><a target=\"_blank\" aria-label=\"Compartir en LinkedIn\" href='https:\/\/linkedin.com\/shareArticle?mini=true&#038;title=Emprendimientos%20de%20Chile%20Chico%20y%20R%C3%ADo%20Ib%C3%A1%C3%B1ez%20potenciar%C3%A1n%20su%20desarrollo%20con%20apoyo%20del%20FOSIS&#038;url=https:\/\/radiorevelacionfm.cl\/?p=6599' aria-hidden='false' data-av_icon='\ue8fc' data-av_iconfont='entypo-fontello' title='' data-avia-related-tooltip='Compartir en LinkedIn' rel=\"noopener\"><span class='avia_hidden_link_text'>Compartir en LinkedIn<\/span><\/a><\/li><li class='av-share-link av-social-link-mail' ><a  aria-label=\"Compartir por correo\" href='mailto:?subject=Emprendimientos%20de%20Chile%20Chico%20y%20R%C3%ADo%20Ib%C3%A1%C3%B1ez%20potenciar%C3%A1n%20su%20desarrollo%20con%20apoyo%20del%20FOSIS&#038;body=https:\/\/radiorevelacionfm.cl\/?p=6599' aria-hidden='false' data-av_icon='\ue805' data-av_iconfont='entypo-fontello' title='' data-avia-related-tooltip='Compartir por correo'><span class='avia_hidden_link_text'>Compartir por correo<\/span><\/a><\/li><\/ul><\/div><\/div>\n<div  style='height:50px' class='hr hr-invisible   avia-builder-el-8  el_after_av_social_share  el_before_av_comments_list '><span class='hr-inner ' ><span class='hr-inner-style'><\/span><\/span><\/div>\n<div  class='av-buildercomment  av-blog-meta-html-info-disabled av-blog-meta-tag-disabled  '><\/div>\n","protected":false},"excerpt":{"rendered":"","protected":false},"author":1,"featured_media":0,"comment_status":"open","ping_status":"open","sticky":false,"template":"","format":"standard","meta":{"footnotes":""},"categories":[38],"tags":[],"class_list":["post-6599","post","type-post","status-publish","format-standard","hentry","category-regional"],"jetpack_featured_media_url":"","_links":{"self":[{"href":"https:\/\/radiorevelacionfm.cl\/index.php?rest_route=\/wp\/v2\/posts\/6599","targetHints":{"allow":["GET"]}}],"collection":[{"href":"https:\/\/radiorevelacionfm.cl\/index.php?rest_route=\/wp\/v2\/posts"}],"about":[{"href":"https:\/\/radiorevelacionfm.cl\/index.php?rest_route=\/wp\/v2\/types\/post"}],"author":[{"embeddable":true,"href":"https:\/\/radiorevelacionfm.cl\/index.php?rest_route=\/wp\/v2\/users\/1"}],"replies":[{"embeddable":true,"href":"https:\/\/radiorevelacionfm.cl\/index.php?rest_route=%2Fwp%2Fv2%2Fcomments&post=6599"}],"version-history":[{"count":1,"href":"https:\/\/radiorevelacionfm.cl\/index.php?rest_route=\/wp\/v2\/posts\/6599\/revisions"}],"predecessor-version":[{"id":6601,"href":"https:\/\/radiorevelacionfm.cl\/index.php?rest_route=\/wp\/v2\/posts\/6599\/revisions\/6601"}],"wp:attachment":[{"href":"https:\/\/radiorevelacionfm.cl\/index.php?rest_route=%2Fwp%2Fv2%2Fmedia&parent=6599"}],"wp:term":[{"taxonomy":"category","embeddable":true,"href":"https:\/\/radiorevelacionfm.cl\/index.php?rest_route=%2Fwp%2Fv2%2Fcategories&post=6599"},{"taxonomy":"post_tag","embeddable":true,"href":"https:\/\/radiorevelacionfm.cl\/index.php?rest_route=%2Fwp%2Fv2%2Ftags&post=6599"}],"curies":[{"name":"wp","href":"https:\/\/api.w.org\/{rel}","templated":true}]}}