{"id":6595,"date":"2021-07-23T16:47:10","date_gmt":"2021-07-23T19:47:10","guid":{"rendered":"https:\/\/radiorevelacionfm.cl\/?p=6595"},"modified":"2021-07-23T16:47:10","modified_gmt":"2021-07-23T19:47:10","slug":"en-aysen-avanzan-con-limpieza-de-microbasurales-en-distintos-puntos-de-la-comuna","status":"publish","type":"post","link":"https:\/\/radiorevelacionfm.cl\/?p=6595","title":{"rendered":"En Ays\u00e9n avanzan con limpieza de microbasurales en distintos puntos de la comuna"},"content":{"rendered":"<div class=\"flex_column av_one_full  flex_column_div av-zero-column-padding first  avia-builder-el-0  el_before_av_one_full  avia-builder-el-first  \" style='border-radius:0px; '><div  class='avia-image-container  av-styling-    avia-builder-el-1  avia-builder-el-no-sibling  avia-align-center '  itemprop=\"image\" itemscope=\"itemscope\" itemtype=\"https:\/\/schema.org\/ImageObject\"  ><div class='avia-image-container-inner'><div class='avia-image-overlay-wrap'><img decoding=\"async\" class='wp-image-6596 avia-img-lazy-loading-not-6596 avia_image' src=\"https:\/\/radiorevelacionfm.cl\/wp-content\/uploads\/2021\/07\/microbasural2_optimized.jpg\" alt='' title='microbasural2_optimized' height=\"667\" width=\"1000\"  itemprop=\"thumbnailUrl\" srcset=\"https:\/\/radiorevelacionfm.cl\/wp-content\/uploads\/2021\/07\/microbasural2_optimized.jpg 1000w, https:\/\/radiorevelacionfm.cl\/wp-content\/uploads\/2021\/07\/microbasural2_optimized-300x200.jpg 300w, https:\/\/radiorevelacionfm.cl\/wp-content\/uploads\/2021\/07\/microbasural2_optimized-768x512.jpg 768w, https:\/\/radiorevelacionfm.cl\/wp-content\/uploads\/2021\/07\/microbasural2_optimized-705x470.jpg 705w, https:\/\/radiorevelacionfm.cl\/wp-content\/uploads\/2021\/07\/microbasural2_optimized-600x400.jpg 600w\" sizes=\"(max-width: 1000px) 100vw, 1000px\" \/><\/div><\/div><\/div><\/div><div class=\"flex_column av_one_full  flex_column_div av-zero-column-padding first  avia-builder-el-2  el_after_av_one_full  el_before_av_one_full  column-top-margin\" style='border-radius:0px; '><section class=\"av_textblock_section \"  itemscope=\"itemscope\" itemtype=\"https:\/\/schema.org\/BlogPosting\" itemprop=\"blogPost\" ><div class='avia_textblock  '   itemprop=\"text\" ><p style=\"text-align: center;\"><span style=\"font-size: 18pt;\"><strong>En Ays\u00e9n avanzan con limpieza de microbasurales en distintos puntos de la comuna<\/strong><\/span><\/p>\n<div id=\"gtx-trans\" style=\"position: absolute; left: -50px; top: 4.31534px;\">\n<div class=\"gtx-trans-icon\"><\/div>\n<\/div>\n<\/div><\/section><\/div><div class=\"flex_column av_one_full  flex_column_div av-zero-column-padding first  avia-builder-el-4  el_after_av_one_full  el_before_av_hr  column-top-margin\" style='border-radius:0px; '><section class=\"av_textblock_section \"  itemscope=\"itemscope\" itemtype=\"https:\/\/schema.org\/BlogPosting\" itemprop=\"blogPost\" ><div class='avia_textblock  '   itemprop=\"text\" ><p style=\"text-align: justify;\">Durante este jueves las unidades de Medio Ambiente y \u00c1reas Verdes -ambas, pertenecientes a la Direcci\u00f3n de Aseo, Ornato y Medio Ambiente del municipio aysenino-, realizaron un operativo de limpieza de microbasurales en los sectores Costanera Condell y Camino Los R\u00e1pidos Ribera Norte en Puerto Ays\u00e9n.<\/p>\n<p style=\"text-align: justify;\">La iniciativa pretende visibilizar esta problem\u00e1tica que afecta distintos puntos de la ciudad y alrededores, as\u00ed como las distintas localidades que comprende la comuna, y que es producido por el propio hombre. De esta manera, ya en los \u00faltimos d\u00edas Medio Ambiente, conjuntamente a los Inspectores Municipales realizaron un catastro de los microbasurales existentes en la actualidad en territorio aysenino. \u201cRecorrimos Puerto Ays\u00e9n, Puerto Chacabuco y Villa Ma\u00f1ihuales identificando en cada uno de los sectores los puntos m\u00e1s conflictivos, lo que contin\u00faa con la limpieza por parte de \u00c1reas Verdes, en este trabajo mancomunado y que apunta a la mirada que le ha querido dar el alcalde a este tema que es tan importante, como es mantener limpia nuestra comuna\u201d, indic\u00f3 el encargado de Medio Ambiente municipal, Juan Antonio Morales.<\/p>\n<p style=\"text-align: justify;\">Al respecto, Ricardo Wahl, jefe de Aseo y Ornato, unidad encargada de efectuar el despeje y limpieza de microbasurales, se\u00f1al\u00f3 que \u201ces un tema casi de nunca acabar, de todas maneras, igual sentimos que nuestro trabajo ha rendido algunos frutos, creo que la gente de a poco va tomando conciencia, va entendiendo que tenemos que cuidar nuestra comuna, y sentimos que ha disminuido la intensidad de la cantidad de basura que tenemos que recolectar\u201d. Agregando que \u201ca\u00fan sigue habiendo gente que no entiende, que no tiene un cari\u00f1o por esta tierra, y siguen botando basura. Nosotros hacemos un recorrido completo, y en algunos de estos puntos vienen algunas personas y botan directamente basura en este lugar con camiones cargados. Personas que los fines de semana botan latas, botan botellas, distintos desechos y eso tratamos de recolectarlo todo para mantener lo limpio que se pueda\u201d.<\/p>\n<p style=\"text-align: justify;\">En este sentido, dentro de las acciones que ha impulsado el municipio para avanzar en una materia tan relevante como es el medio ambiente, destacan los operativos en Islas Huichas, que busca continuar de forma equitativa en toda la comuna. \u201cEs un trabajo persistente que venimos realizando desde hace bastante tiempo, muchas veces nos cuesta porque la log\u00edstica es bastante y hoy tenemos equipos que adem\u00e1s tienen que realizar otras labores, bateas que hace otros trabajos. Mensualmente estamos realizando visitas a Islas Huichas que es un trabajo constante y todo lo que conlleva el poder mantener el buen servicio a la comunidad\u201d.<\/p>\n<p style=\"text-align: justify;\">Ambos profesionales hicieron un llamado a los vecinos y vecinas de la comuna para que, de forma conjunta, se colabore en cuanto a la disminuci\u00f3n de los microbasurales, que no afecta s\u00f3lo al medio ambiente, pudiendo ser perjudicial, inclusive, para la salud del ser humano. Sino que tambi\u00e9n afecta de forma directa la imagen de la ciudad y la comuna.<\/p>\n<p style=\"text-align: justify;\">\u201cLlamar a la conciencia de la poblaci\u00f3n para que sus residuos sean dispuestos de forma correcta. Para que los vecinos se hagan responsables de sus residuos, porque entre todos debemos sumar, esa es nuestra responsabilidad\u201d, indic\u00f3 Morales Albarr\u00e1n.<\/p>\n<p style=\"text-align: justify;\">\u201cSiempre el llamado a la comunidad a ayudarnos a motivar a que evitemos la contaminaci\u00f3n de forma individual, por un lado, y en nuestro caso, continuaremos con las campa\u00f1as de retiro de microbasurales. Y, adem\u00e1s, agradecer a muchos que han tomado conciencia y que, en definitiva, est\u00e1n ayudando cada d\u00eda a que estos microbasurales vayan disminuyendo\u201d, finaliz\u00f3 Wahl Andrade.<\/p>\n<\/div><\/section><\/div><div  style='height:50px' class='hr hr-invisible   avia-builder-el-6  el_after_av_one_full  el_before_av_social_share '><span class='hr-inner ' ><span class='hr-inner-style'><\/span><\/span><\/div><\/p>\n<div  class='av-social-sharing-box  avia-builder-el-7  el_after_av_hr  el_before_av_hr  '><div class='av-share-box'><h5 class='av-share-link-description av-no-toc '>Compartir esta noticia<\/h5><ul class='av-share-box-list noLightbox'><li class='av-share-link av-social-link-facebook' ><a target=\"_blank\" aria-label=\"Compartir en Facebook\" href='https:\/\/www.facebook.com\/sharer.php?u=https:\/\/radiorevelacionfm.cl\/?p=6595&#038;t=En%20Ays%C3%A9n%20avanzan%20con%20limpieza%20de%20microbasurales%20en%20distintos%20puntos%20de%20la%20comuna' aria-hidden='false' data-av_icon='\ue8f3' data-av_iconfont='entypo-fontello' title='' data-avia-related-tooltip='Compartir en Facebook' rel=\"noopener\"><span class='avia_hidden_link_text'>Compartir en Facebook<\/span><\/a><\/li><li class='av-share-link av-social-link-twitter' ><a target=\"_blank\" aria-label=\"Compartir en Twitter\" href='https:\/\/twitter.com\/share?text=En%20Ays%C3%A9n%20avanzan%20con%20limpieza%20de%20microbasurales%20en%20distintos%20puntos%20de%20la%20comuna&#038;url=https:\/\/radiorevelacionfm.cl\/?p=6595' aria-hidden='false' data-av_icon='\ue8f1' data-av_iconfont='entypo-fontello' title='' data-avia-related-tooltip='Compartir en Twitter' rel=\"noopener\"><span class='avia_hidden_link_text'>Compartir en Twitter<\/span><\/a><\/li><li class='av-share-link av-social-link-whatsapp' ><a target=\"_blank\" aria-label=\"Compartir en Whatsapp\" href='https:\/\/api.whatsapp.com\/send?text=https:\/\/radiorevelacionfm.cl\/?p=6595' aria-hidden='false' data-av_icon='\uf232' data-av_iconfont='entypo-fontello' title='' data-avia-related-tooltip='Compartir en Whatsapp' rel=\"noopener\"><span class='avia_hidden_link_text'>Compartir en Whatsapp<\/span><\/a><\/li><li class='av-share-link av-social-link-linkedin' ><a target=\"_blank\" aria-label=\"Compartir en LinkedIn\" href='https:\/\/linkedin.com\/shareArticle?mini=true&#038;title=En%20Ays%C3%A9n%20avanzan%20con%20limpieza%20de%20microbasurales%20en%20distintos%20puntos%20de%20la%20comuna&#038;url=https:\/\/radiorevelacionfm.cl\/?p=6595' aria-hidden='false' data-av_icon='\ue8fc' data-av_iconfont='entypo-fontello' title='' data-avia-related-tooltip='Compartir en LinkedIn' rel=\"noopener\"><span class='avia_hidden_link_text'>Compartir en LinkedIn<\/span><\/a><\/li><li class='av-share-link av-social-link-mail' ><a  aria-label=\"Compartir por correo\" href='mailto:?subject=En%20Ays%C3%A9n%20avanzan%20con%20limpieza%20de%20microbasurales%20en%20distintos%20puntos%20de%20la%20comuna&#038;body=https:\/\/radiorevelacionfm.cl\/?p=6595' aria-hidden='false' data-av_icon='\ue805' data-av_iconfont='entypo-fontello' title='' data-avia-related-tooltip='Compartir por correo'><span class='avia_hidden_link_text'>Compartir por correo<\/span><\/a><\/li><\/ul><\/div><\/div>\n<div  style='height:50px' class='hr hr-invisible   avia-builder-el-8  el_after_av_social_share  el_before_av_comments_list '><span class='hr-inner ' ><span class='hr-inner-style'><\/span><\/span><\/div>\n<div  class='av-buildercomment  av-blog-meta-html-info-disabled av-blog-meta-tag-disabled  '><\/div>\n","protected":false},"excerpt":{"rendered":"","protected":false},"author":1,"featured_media":6596,"comment_status":"open","ping_status":"open","sticky":false,"template":"","format":"standard","meta":{"footnotes":""},"categories":[39],"tags":[],"class_list":["post-6595","post","type-post","status-publish","format-standard","has-post-thumbnail","hentry","category-medio-ambiente"],"jetpack_featured_media_url":"https:\/\/radiorevelacionfm.cl\/wp-content\/uploads\/2021\/07\/microbasural2_optimized.jpg","_links":{"self":[{"href":"https:\/\/radiorevelacionfm.cl\/index.php?rest_route=\/wp\/v2\/posts\/6595","targetHints":{"allow":["GET"]}}],"collection":[{"href":"https:\/\/radiorevelacionfm.cl\/index.php?rest_route=\/wp\/v2\/posts"}],"about":[{"href":"https:\/\/radiorevelacionfm.cl\/index.php?rest_route=\/wp\/v2\/types\/post"}],"author":[{"embeddable":true,"href":"https:\/\/radiorevelacionfm.cl\/index.php?rest_route=\/wp\/v2\/users\/1"}],"replies":[{"embeddable":true,"href":"https:\/\/radiorevelacionfm.cl\/index.php?rest_route=%2Fwp%2Fv2%2Fcomments&post=6595"}],"version-history":[{"count":1,"href":"https:\/\/radiorevelacionfm.cl\/index.php?rest_route=\/wp\/v2\/posts\/6595\/revisions"}],"predecessor-version":[{"id":6597,"href":"https:\/\/radiorevelacionfm.cl\/index.php?rest_route=\/wp\/v2\/posts\/6595\/revisions\/6597"}],"wp:featuredmedia":[{"embeddable":true,"href":"https:\/\/radiorevelacionfm.cl\/index.php?rest_route=\/wp\/v2\/media\/6596"}],"wp:attachment":[{"href":"https:\/\/radiorevelacionfm.cl\/index.php?rest_route=%2Fwp%2Fv2%2Fmedia&parent=6595"}],"wp:term":[{"taxonomy":"category","embeddable":true,"href":"https:\/\/radiorevelacionfm.cl\/index.php?rest_route=%2Fwp%2Fv2%2Fcategories&post=6595"},{"taxonomy":"post_tag","embeddable":true,"href":"https:\/\/radiorevelacionfm.cl\/index.php?rest_route=%2Fwp%2Fv2%2Ftags&post=6595"}],"curies":[{"name":"wp","href":"https:\/\/api.w.org\/{rel}","templated":true}]}}