{"id":6592,"date":"2021-07-23T16:09:16","date_gmt":"2021-07-23T19:09:16","guid":{"rendered":"https:\/\/radiorevelacionfm.cl\/?p=6592"},"modified":"2021-07-23T16:09:16","modified_gmt":"2021-07-23T19:09:16","slug":"entregan-reconocimiento-a-deportista-aisenino-medallista-en-mundial-de-rafting","status":"publish","type":"post","link":"https:\/\/radiorevelacionfm.cl\/?p=6592","title":{"rendered":"Entregan reconocimiento a deportista aisenino medallista en mundial de Rafting"},"content":{"rendered":"<div class=\"flex_column av_one_full  flex_column_div av-zero-column-padding first  avia-builder-el-0  el_before_av_one_full  avia-builder-el-first  \" style='border-radius:0px; '><div  class='avia-image-container  av-styling-    avia-builder-el-1  avia-builder-el-no-sibling  avia-align-center '  itemprop=\"image\" itemscope=\"itemscope\" itemtype=\"https:\/\/schema.org\/ImageObject\"  ><div class='avia-image-container-inner'><div class='avia-image-overlay-wrap'><img decoding=\"async\" class='wp-image-6593 avia-img-lazy-loading-not-6593 avia_image' src=\"https:\/\/radiorevelacionfm.cl\/wp-content\/uploads\/2021\/07\/IMG_7826-1-1.jpg\" alt='' title='IMG_7826 (1) (1)' height=\"600\" width=\"1045\"  itemprop=\"thumbnailUrl\" srcset=\"https:\/\/radiorevelacionfm.cl\/wp-content\/uploads\/2021\/07\/IMG_7826-1-1.jpg 1045w, https:\/\/radiorevelacionfm.cl\/wp-content\/uploads\/2021\/07\/IMG_7826-1-1-300x172.jpg 300w, https:\/\/radiorevelacionfm.cl\/wp-content\/uploads\/2021\/07\/IMG_7826-1-1-1030x591.jpg 1030w, https:\/\/radiorevelacionfm.cl\/wp-content\/uploads\/2021\/07\/IMG_7826-1-1-768x441.jpg 768w, https:\/\/radiorevelacionfm.cl\/wp-content\/uploads\/2021\/07\/IMG_7826-1-1-705x405.jpg 705w, https:\/\/radiorevelacionfm.cl\/wp-content\/uploads\/2021\/07\/IMG_7826-1-1-600x344.jpg 600w\" sizes=\"(max-width: 1045px) 100vw, 1045px\" \/><\/div><\/div><\/div><\/div><div class=\"flex_column av_one_full  flex_column_div av-zero-column-padding first  avia-builder-el-2  el_after_av_one_full  el_before_av_one_full  column-top-margin\" style='border-radius:0px; '><section class=\"av_textblock_section \"  itemscope=\"itemscope\" itemtype=\"https:\/\/schema.org\/BlogPosting\" itemprop=\"blogPost\" ><div class='avia_textblock  '   itemprop=\"text\" ><p style=\"text-align: center;\"><strong><span style=\"font-size: 18pt;\">Entregan reconocimiento a deportista aisenino medallista en mundial de rafting<\/span><\/strong><\/p>\n<div id=\"gtx-trans\" style=\"position: absolute; left: -50px; top: 4.31534px;\">\n<div class=\"gtx-trans-icon\"><\/div>\n<\/div>\n<\/div><\/section><\/div><div class=\"flex_column av_one_full  flex_column_div av-zero-column-padding first  avia-builder-el-4  el_after_av_one_full  el_before_av_hr  column-top-margin\" style='border-radius:0px; '><section class=\"av_textblock_section \"  itemscope=\"itemscope\" itemtype=\"https:\/\/schema.org\/BlogPosting\" itemprop=\"blogPost\" ><div class='avia_textblock  '   itemprop=\"text\" ><p class=\"v1MsoNormal\" style=\"text-align: justify;\">En dependencias del IND regional, fue recibido el destacado deportista regional Camilo Rojas en representaci\u00f3n del equipo Patagonia de Puerto Bertrand, que hizo historia en el reciente campeonato mundial realizado en Francia.<\/p>\n<p class=\"v1MsoNormal\" style=\"text-align: justify;\">\u00abQueremos reconocer y agradecer todo ese sacrificio y dedicaci\u00f3n que Camilo junto a sus compa\u00f1eros de Puerto Bertrand realizaron para obtener esta medalla para Chile y para nuestra regi\u00f3n, es un orgullo recibirlo hoy y entregarle este reconocimiento, sabemos que el camino para llegar a Francia no fue f\u00e1cil, pero con el apoyo de diversas personas y del Gobierno Regional, pudieron viajar y brindarnos este maravilloso triunfo\u00bb se\u00f1al\u00f3\u00a0 el Seremi del Deporte, Rodrigo Cubilla Retamal.<\/p>\n<p class=\"v1MsoNormal\" style=\"text-align: justify;\">Por su parte el Director Regional del IND, Jos\u00e9 Manuel Sep\u00falveda, precis\u00f3 \u00ablo que Camilo logr\u00f3 junto a su equipo es tremendamente importante para Chile, pero m\u00e1s a\u00fan lo es para nuestra regi\u00f3n y es un ejemplo e incentivo para muchos j\u00f3venes que piensan que por estar en una regi\u00f3n tan alejada no pueden lograr sus sue\u00f1os deportivos, sin embargo a trav\u00e9s de este ejemplo les decimos que s\u00ed se puede y nuestro compromiso como IND\u00a0 junto al Mindep es seguir apoyando a Camilo y \u00a0al resto del equipo en los nuevos desaf\u00edos que tienen por delante y contribuir a que puedan transmitir su experiencia y pasi\u00f3n por el deporte a las nuevas generaciones\u00bb.<\/p>\n<p class=\"v1MsoNormal\" style=\"text-align: justify;\">Por su\u00a0 parte, Camilo Soto agradeci\u00f3 el apoyo de ambas autoridades y coment\u00f3 que una vez que lleguen al pa\u00eds el resto de sus compa\u00f1eros comenzar\u00e1n a entrenar en el r\u00edo Baker y proyectar su participaci\u00f3n el campeonato Panamericano que se realizar\u00e1 en el mes de octubre y posteriormente viajar hasta Puc\u00f3n al campeonato nacional de la especialidad y obtener un nuevo cupo para el pr\u00f3ximo mundial de rafting.<\/p>\n<\/div><\/section><\/div><div  style='height:50px' class='hr hr-invisible   avia-builder-el-6  el_after_av_one_full  el_before_av_social_share '><span class='hr-inner ' ><span class='hr-inner-style'><\/span><\/span><\/div><\/p>\n<div  class='av-social-sharing-box  avia-builder-el-7  el_after_av_hr  el_before_av_hr  '><div class='av-share-box'><h5 class='av-share-link-description av-no-toc '>Compartir esta noticia<\/h5><ul class='av-share-box-list noLightbox'><li class='av-share-link av-social-link-facebook' ><a target=\"_blank\" aria-label=\"Compartir en Facebook\" href='https:\/\/www.facebook.com\/sharer.php?u=https:\/\/radiorevelacionfm.cl\/?p=6592&#038;t=Entregan%20reconocimiento%20a%20deportista%20aisenino%20medallista%20en%20mundial%20de%20Rafting' aria-hidden='false' data-av_icon='\ue8f3' data-av_iconfont='entypo-fontello' title='' data-avia-related-tooltip='Compartir en Facebook' rel=\"noopener\"><span class='avia_hidden_link_text'>Compartir en Facebook<\/span><\/a><\/li><li class='av-share-link av-social-link-twitter' ><a target=\"_blank\" aria-label=\"Compartir en Twitter\" href='https:\/\/twitter.com\/share?text=Entregan%20reconocimiento%20a%20deportista%20aisenino%20medallista%20en%20mundial%20de%20Rafting&#038;url=https:\/\/radiorevelacionfm.cl\/?p=6592' aria-hidden='false' data-av_icon='\ue8f1' data-av_iconfont='entypo-fontello' title='' data-avia-related-tooltip='Compartir en Twitter' rel=\"noopener\"><span class='avia_hidden_link_text'>Compartir en Twitter<\/span><\/a><\/li><li class='av-share-link av-social-link-whatsapp' ><a target=\"_blank\" aria-label=\"Compartir en Whatsapp\" href='https:\/\/api.whatsapp.com\/send?text=https:\/\/radiorevelacionfm.cl\/?p=6592' aria-hidden='false' data-av_icon='\uf232' data-av_iconfont='entypo-fontello' title='' data-avia-related-tooltip='Compartir en Whatsapp' rel=\"noopener\"><span class='avia_hidden_link_text'>Compartir en Whatsapp<\/span><\/a><\/li><li class='av-share-link av-social-link-linkedin' ><a target=\"_blank\" aria-label=\"Compartir en LinkedIn\" href='https:\/\/linkedin.com\/shareArticle?mini=true&#038;title=Entregan%20reconocimiento%20a%20deportista%20aisenino%20medallista%20en%20mundial%20de%20Rafting&#038;url=https:\/\/radiorevelacionfm.cl\/?p=6592' aria-hidden='false' data-av_icon='\ue8fc' data-av_iconfont='entypo-fontello' title='' data-avia-related-tooltip='Compartir en LinkedIn' rel=\"noopener\"><span class='avia_hidden_link_text'>Compartir en LinkedIn<\/span><\/a><\/li><li class='av-share-link av-social-link-mail' ><a  aria-label=\"Compartir por correo\" href='mailto:?subject=Entregan%20reconocimiento%20a%20deportista%20aisenino%20medallista%20en%20mundial%20de%20Rafting&#038;body=https:\/\/radiorevelacionfm.cl\/?p=6592' aria-hidden='false' data-av_icon='\ue805' data-av_iconfont='entypo-fontello' title='' data-avia-related-tooltip='Compartir por correo'><span class='avia_hidden_link_text'>Compartir por correo<\/span><\/a><\/li><\/ul><\/div><\/div>\n<div  style='height:50px' class='hr hr-invisible   avia-builder-el-8  el_after_av_social_share  el_before_av_comments_list '><span class='hr-inner ' ><span class='hr-inner-style'><\/span><\/span><\/div>\n<div  class='av-buildercomment  av-blog-meta-html-info-disabled av-blog-meta-tag-disabled  '><\/div>\n","protected":false},"excerpt":{"rendered":"","protected":false},"author":1,"featured_media":6593,"comment_status":"open","ping_status":"open","sticky":false,"template":"","format":"standard","meta":{"footnotes":""},"categories":[40],"tags":[],"class_list":["post-6592","post","type-post","status-publish","format-standard","has-post-thumbnail","hentry","category-deportes"],"jetpack_featured_media_url":"https:\/\/radiorevelacionfm.cl\/wp-content\/uploads\/2021\/07\/IMG_7826-1-1.jpg","_links":{"self":[{"href":"https:\/\/radiorevelacionfm.cl\/index.php?rest_route=\/wp\/v2\/posts\/6592","targetHints":{"allow":["GET"]}}],"collection":[{"href":"https:\/\/radiorevelacionfm.cl\/index.php?rest_route=\/wp\/v2\/posts"}],"about":[{"href":"https:\/\/radiorevelacionfm.cl\/index.php?rest_route=\/wp\/v2\/types\/post"}],"author":[{"embeddable":true,"href":"https:\/\/radiorevelacionfm.cl\/index.php?rest_route=\/wp\/v2\/users\/1"}],"replies":[{"embeddable":true,"href":"https:\/\/radiorevelacionfm.cl\/index.php?rest_route=%2Fwp%2Fv2%2Fcomments&post=6592"}],"version-history":[{"count":1,"href":"https:\/\/radiorevelacionfm.cl\/index.php?rest_route=\/wp\/v2\/posts\/6592\/revisions"}],"predecessor-version":[{"id":6594,"href":"https:\/\/radiorevelacionfm.cl\/index.php?rest_route=\/wp\/v2\/posts\/6592\/revisions\/6594"}],"wp:featuredmedia":[{"embeddable":true,"href":"https:\/\/radiorevelacionfm.cl\/index.php?rest_route=\/wp\/v2\/media\/6593"}],"wp:attachment":[{"href":"https:\/\/radiorevelacionfm.cl\/index.php?rest_route=%2Fwp%2Fv2%2Fmedia&parent=6592"}],"wp:term":[{"taxonomy":"category","embeddable":true,"href":"https:\/\/radiorevelacionfm.cl\/index.php?rest_route=%2Fwp%2Fv2%2Fcategories&post=6592"},{"taxonomy":"post_tag","embeddable":true,"href":"https:\/\/radiorevelacionfm.cl\/index.php?rest_route=%2Fwp%2Fv2%2Ftags&post=6592"}],"curies":[{"name":"wp","href":"https:\/\/api.w.org\/{rel}","templated":true}]}}