{"id":6588,"date":"2021-07-23T15:13:49","date_gmt":"2021-07-23T18:13:49","guid":{"rendered":"https:\/\/radiorevelacionfm.cl\/?p=6588"},"modified":"2021-07-23T15:13:49","modified_gmt":"2021-07-23T18:13:49","slug":"detienen-a-tres-personas-por-el-delito-de-microtrafico-en-villa-manihuales","status":"publish","type":"post","link":"https:\/\/radiorevelacionfm.cl\/?p=6588","title":{"rendered":"Detienen a tres personas por el delito de microtr\u00e1fico en Villa Ma\u00f1ihuales"},"content":{"rendered":"<div class=\"flex_column av_one_full  flex_column_div av-zero-column-padding first  avia-builder-el-0  el_before_av_one_full  avia-builder-el-first  \" style='border-radius:0px; '><div  class='avia-image-container  av-styling-    avia-builder-el-1  avia-builder-el-no-sibling  avia-align-center '  itemprop=\"image\" itemscope=\"itemscope\" itemtype=\"https:\/\/schema.org\/ImageObject\"  ><div class='avia-image-container-inner'><div class='avia-image-overlay-wrap'><img decoding=\"async\" class='wp-image-6589 avia-img-lazy-loading-not-6589 avia_image' src=\"https:\/\/radiorevelacionfm.cl\/wp-content\/uploads\/2021\/07\/Evidencia-MT0-PAY-Manihuales-002-1-1.jpeg\" alt='' title='Evidencia MT0 PAY Ma\u00f1ihuales 002 (1) (1)' height=\"600\" width=\"1067\"  itemprop=\"thumbnailUrl\" srcset=\"https:\/\/radiorevelacionfm.cl\/wp-content\/uploads\/2021\/07\/Evidencia-MT0-PAY-Manihuales-002-1-1.jpeg 1067w, https:\/\/radiorevelacionfm.cl\/wp-content\/uploads\/2021\/07\/Evidencia-MT0-PAY-Manihuales-002-1-1-300x169.jpeg 300w, https:\/\/radiorevelacionfm.cl\/wp-content\/uploads\/2021\/07\/Evidencia-MT0-PAY-Manihuales-002-1-1-1030x579.jpeg 1030w, https:\/\/radiorevelacionfm.cl\/wp-content\/uploads\/2021\/07\/Evidencia-MT0-PAY-Manihuales-002-1-1-768x432.jpeg 768w, https:\/\/radiorevelacionfm.cl\/wp-content\/uploads\/2021\/07\/Evidencia-MT0-PAY-Manihuales-002-1-1-705x396.jpeg 705w, https:\/\/radiorevelacionfm.cl\/wp-content\/uploads\/2021\/07\/Evidencia-MT0-PAY-Manihuales-002-1-1-600x337.jpeg 600w\" sizes=\"(max-width: 1067px) 100vw, 1067px\" \/><\/div><\/div><\/div><\/div><div class=\"flex_column av_one_full  flex_column_div av-zero-column-padding first  avia-builder-el-2  el_after_av_one_full  el_before_av_one_full  column-top-margin\" style='border-radius:0px; '><section class=\"av_textblock_section \"  itemscope=\"itemscope\" itemtype=\"https:\/\/schema.org\/BlogPosting\" itemprop=\"blogPost\" ><div class='avia_textblock  '   itemprop=\"text\" ><p style=\"text-align: center;\"><span style=\"font-size: 18pt;\"><strong>Detienen a tres personas por el delito de microtr\u00e1fico en Villa Ma\u00f1ihuales<\/strong><\/span><\/p>\n<div id=\"gtx-trans\" style=\"position: absolute; left: -50px; top: 4.31534px;\">\n<div class=\"gtx-trans-icon\"><\/div>\n<\/div>\n<\/div><\/section><\/div><div class=\"flex_column av_one_full  flex_column_div av-zero-column-padding first  avia-builder-el-4  el_after_av_one_full  el_before_av_hr  column-top-margin\" style='border-radius:0px; '><section class=\"av_textblock_section \"  itemscope=\"itemscope\" itemtype=\"https:\/\/schema.org\/BlogPosting\" itemprop=\"blogPost\" ><div class='avia_textblock  '   itemprop=\"text\" ><p style=\"text-align: justify;\">Durante la jornada del jueves 22 de julio, detectives de la agrupaci\u00f3n Microtr\u00e1fico Cero de la Brigada de Investigaci\u00f3n Criminal (BICRIM) Ays\u00e9n detuvieron a tres personas, todas mayores de edad, por el delito de microtr\u00e1fico en la localidad de Villa Ma\u00f1ihuales.<\/p>\n<p style=\"text-align: justify;\">Al respecto, el jefe de la BICRIM Ays\u00e9n, subprefecto Eduardo Charpentier, se\u00f1al\u00f3 que \u201cDetectives de la agrupaci\u00f3n Microtr\u00e1fico Cero dependientes de la BICRIM Ays\u00e9n, el d\u00eda de ayer en virtud de una orden de investigar por infracci\u00f3n al art\u00edculo 4\u00b0 de la Ley 20.000, procedieron a la detenci\u00f3n de un hombre y una mujer, ambos mayores de edad, en la localidad de Villa Ma\u00f1ihuales, en el domicilio que ambos ocupaban se procedi\u00f3 a la incautaci\u00f3n de 4.67 gramos de cannabis sativa y 5.53 gramos de una sustancia vegetal con caracter\u00edsticas propias de hongos alucin\u00f3genos\u201d.<\/p>\n<p style=\"text-align: justify;\">El jefe de la unidad inform\u00f3 que \u201cambas personas una vez detenidas fueron apercibidas al art\u00edculo 26 del C\u00f3digo Procesal Penal por instrucci\u00f3n del Fiscal de Turno\u201d.<\/p>\n<p style=\"text-align: justify;\">Asimismo, \u201cen virtud a labores investigativas que desarrollaba la agrupaci\u00f3n Microtr\u00e1fico Cero, procedieron a la detenci\u00f3n de un hombre mayor de edad, en un domicilio de esta localidad, ocasi\u00f3n mediante la cual se procedi\u00f3 a la incautaci\u00f3n de 10.71 gramos de cannabis sativa, tres plantas de cannabis en proceso de crecimiento, dinero en efectivo, balanzas digitales y un kit indoor. Esta persona fue puesta a disposici\u00f3n del Juzgado de Garant\u00eda de Puerto Ays\u00e9n\u201d, agreg\u00f3 el subprefecto Charpentier.<\/p>\n<p style=\"text-align: justify;\">De acuerdo a lo informado por el jefe de la BICRIM Ays\u00e9n, \u201centre ambos procedimientos se procedi\u00f3 a la incautaci\u00f3n de 15.38 gramos de cannabis sativa, con un valor comercial de $230.000 pesos y correspondiente a 46 dosis\u201d.<\/p>\n<p style=\"text-align: justify;\">Cabe recordar que el Plan Microtr\u00e1fico Cero (MT-0) es un modelo de investigaci\u00f3n policial dise\u00f1ado por la PDI con la finalidad de reducir los puntos de venta de droga en peque\u00f1as cantidades a nivel barrial, y en donde han desarrollado formas de trabajo permanentes con la finalidad de devolver los espacios p\u00fablicos a la ciudadan\u00eda<\/p>\n<p style=\"text-align: justify;\">Finalmente, el subprefecto Charpentier, realiz\u00f3 un llamado a la ciudadan\u00eda a denunciar este delito, indicando que \u201chacemos un llamado a la comunidad para que denuncie este tipo de infracciones a la Ley 20.000 a trav\u00e9s del tel\u00e9fono de emergencia de la PDI, 134, como tambi\u00e9n mediante la plataforma Denuncia Seguro, llamando al 600 400 0101\u201d.<\/p>\n<\/div><\/section><\/div><div  style='height:50px' class='hr hr-invisible   avia-builder-el-6  el_after_av_one_full  el_before_av_social_share '><span class='hr-inner ' ><span class='hr-inner-style'><\/span><\/span><\/div><\/p>\n<div  class='av-social-sharing-box  avia-builder-el-7  el_after_av_hr  el_before_av_hr  '><div class='av-share-box'><h5 class='av-share-link-description av-no-toc '>Compartir esta noticia<\/h5><ul class='av-share-box-list noLightbox'><li class='av-share-link av-social-link-facebook' ><a target=\"_blank\" aria-label=\"Compartir en Facebook\" href='https:\/\/www.facebook.com\/sharer.php?u=https:\/\/radiorevelacionfm.cl\/?p=6588&#038;t=Detienen%20a%20tres%20personas%20por%20el%20delito%20de%20microtr%C3%A1fico%20en%20Villa%20Ma%C3%B1ihuales' aria-hidden='false' data-av_icon='\ue8f3' data-av_iconfont='entypo-fontello' title='' data-avia-related-tooltip='Compartir en Facebook' rel=\"noopener\"><span class='avia_hidden_link_text'>Compartir en Facebook<\/span><\/a><\/li><li class='av-share-link av-social-link-twitter' ><a target=\"_blank\" aria-label=\"Compartir en Twitter\" href='https:\/\/twitter.com\/share?text=Detienen%20a%20tres%20personas%20por%20el%20delito%20de%20microtr%C3%A1fico%20en%20Villa%20Ma%C3%B1ihuales&#038;url=https:\/\/radiorevelacionfm.cl\/?p=6588' aria-hidden='false' data-av_icon='\ue8f1' data-av_iconfont='entypo-fontello' title='' data-avia-related-tooltip='Compartir en Twitter' rel=\"noopener\"><span class='avia_hidden_link_text'>Compartir en Twitter<\/span><\/a><\/li><li class='av-share-link av-social-link-whatsapp' ><a target=\"_blank\" aria-label=\"Compartir en Whatsapp\" href='https:\/\/api.whatsapp.com\/send?text=https:\/\/radiorevelacionfm.cl\/?p=6588' aria-hidden='false' data-av_icon='\uf232' data-av_iconfont='entypo-fontello' title='' data-avia-related-tooltip='Compartir en Whatsapp' rel=\"noopener\"><span class='avia_hidden_link_text'>Compartir en Whatsapp<\/span><\/a><\/li><li class='av-share-link av-social-link-linkedin' ><a target=\"_blank\" aria-label=\"Compartir en LinkedIn\" href='https:\/\/linkedin.com\/shareArticle?mini=true&#038;title=Detienen%20a%20tres%20personas%20por%20el%20delito%20de%20microtr%C3%A1fico%20en%20Villa%20Ma%C3%B1ihuales&#038;url=https:\/\/radiorevelacionfm.cl\/?p=6588' aria-hidden='false' data-av_icon='\ue8fc' data-av_iconfont='entypo-fontello' title='' data-avia-related-tooltip='Compartir en LinkedIn' rel=\"noopener\"><span class='avia_hidden_link_text'>Compartir en LinkedIn<\/span><\/a><\/li><li class='av-share-link av-social-link-mail' ><a  aria-label=\"Compartir por correo\" href='mailto:?subject=Detienen%20a%20tres%20personas%20por%20el%20delito%20de%20microtr%C3%A1fico%20en%20Villa%20Ma%C3%B1ihuales&#038;body=https:\/\/radiorevelacionfm.cl\/?p=6588' aria-hidden='false' data-av_icon='\ue805' data-av_iconfont='entypo-fontello' title='' data-avia-related-tooltip='Compartir por correo'><span class='avia_hidden_link_text'>Compartir por correo<\/span><\/a><\/li><\/ul><\/div><\/div>\n<div  style='height:50px' class='hr hr-invisible   avia-builder-el-8  el_after_av_social_share  el_before_av_comments_list '><span class='hr-inner ' ><span class='hr-inner-style'><\/span><\/span><\/div>\n<div  class='av-buildercomment  av-blog-meta-html-info-disabled av-blog-meta-tag-disabled  '><\/div>\n","protected":false},"excerpt":{"rendered":"","protected":false},"author":1,"featured_media":6589,"comment_status":"open","ping_status":"open","sticky":false,"template":"","format":"standard","meta":{"footnotes":""},"categories":[36],"tags":[],"class_list":["post-6588","post","type-post","status-publish","format-standard","has-post-thumbnail","hentry","category-policial"],"jetpack_featured_media_url":"https:\/\/radiorevelacionfm.cl\/wp-content\/uploads\/2021\/07\/Evidencia-MT0-PAY-Manihuales-002-1-1.jpeg","_links":{"self":[{"href":"https:\/\/radiorevelacionfm.cl\/index.php?rest_route=\/wp\/v2\/posts\/6588","targetHints":{"allow":["GET"]}}],"collection":[{"href":"https:\/\/radiorevelacionfm.cl\/index.php?rest_route=\/wp\/v2\/posts"}],"about":[{"href":"https:\/\/radiorevelacionfm.cl\/index.php?rest_route=\/wp\/v2\/types\/post"}],"author":[{"embeddable":true,"href":"https:\/\/radiorevelacionfm.cl\/index.php?rest_route=\/wp\/v2\/users\/1"}],"replies":[{"embeddable":true,"href":"https:\/\/radiorevelacionfm.cl\/index.php?rest_route=%2Fwp%2Fv2%2Fcomments&post=6588"}],"version-history":[{"count":1,"href":"https:\/\/radiorevelacionfm.cl\/index.php?rest_route=\/wp\/v2\/posts\/6588\/revisions"}],"predecessor-version":[{"id":6590,"href":"https:\/\/radiorevelacionfm.cl\/index.php?rest_route=\/wp\/v2\/posts\/6588\/revisions\/6590"}],"wp:featuredmedia":[{"embeddable":true,"href":"https:\/\/radiorevelacionfm.cl\/index.php?rest_route=\/wp\/v2\/media\/6589"}],"wp:attachment":[{"href":"https:\/\/radiorevelacionfm.cl\/index.php?rest_route=%2Fwp%2Fv2%2Fmedia&parent=6588"}],"wp:term":[{"taxonomy":"category","embeddable":true,"href":"https:\/\/radiorevelacionfm.cl\/index.php?rest_route=%2Fwp%2Fv2%2Fcategories&post=6588"},{"taxonomy":"post_tag","embeddable":true,"href":"https:\/\/radiorevelacionfm.cl\/index.php?rest_route=%2Fwp%2Fv2%2Ftags&post=6588"}],"curies":[{"name":"wp","href":"https:\/\/api.w.org\/{rel}","templated":true}]}}