{"id":6584,"date":"2021-07-23T13:55:08","date_gmt":"2021-07-23T16:55:08","guid":{"rendered":"https:\/\/radiorevelacionfm.cl\/?p=6584"},"modified":"2021-07-23T13:57:55","modified_gmt":"2021-07-23T16:57:55","slug":"se-adelantaran-trabajos-de-mantenimiento-de-nave-queulat","status":"publish","type":"post","link":"https:\/\/radiorevelacionfm.cl\/?p=6584","title":{"rendered":"Se adelantar\u00e1n trabajos de mantenimiento de nave Queulat"},"content":{"rendered":"<div class=\"flex_column av_one_full  flex_column_div av-zero-column-padding first  avia-builder-el-0  el_before_av_one_full  avia-builder-el-first  \" style='border-radius:0px; '><div  class='avia-image-container  av-styling-    avia-builder-el-1  avia-builder-el-no-sibling  avia-align-center '  itemprop=\"image\" itemscope=\"itemscope\" itemtype=\"https:\/\/schema.org\/ImageObject\"  ><div class='avia-image-container-inner'><div class='avia-image-overlay-wrap'><img decoding=\"async\" class='wp-image-6585 avia-img-lazy-loading-not-6585 avia_image' src=\"https:\/\/radiorevelacionfm.cl\/wp-content\/uploads\/2021\/07\/dji_0009-1_optimized.jpg\" alt='' title='dji_0009-(1)_optimized' height=\"600\" width=\"1067\"  itemprop=\"thumbnailUrl\" srcset=\"https:\/\/radiorevelacionfm.cl\/wp-content\/uploads\/2021\/07\/dji_0009-1_optimized.jpg 1067w, https:\/\/radiorevelacionfm.cl\/wp-content\/uploads\/2021\/07\/dji_0009-1_optimized-300x169.jpg 300w, https:\/\/radiorevelacionfm.cl\/wp-content\/uploads\/2021\/07\/dji_0009-1_optimized-1030x579.jpg 1030w, https:\/\/radiorevelacionfm.cl\/wp-content\/uploads\/2021\/07\/dji_0009-1_optimized-768x432.jpg 768w, https:\/\/radiorevelacionfm.cl\/wp-content\/uploads\/2021\/07\/dji_0009-1_optimized-705x396.jpg 705w, https:\/\/radiorevelacionfm.cl\/wp-content\/uploads\/2021\/07\/dji_0009-1_optimized-600x337.jpg 600w\" sizes=\"(max-width: 1067px) 100vw, 1067px\" \/><\/div><\/div><\/div><\/div>\n<div class=\"flex_column av_one_full  flex_column_div av-zero-column-padding first  avia-builder-el-2  el_after_av_one_full  el_before_av_one_full  column-top-margin\" style='border-radius:0px; '><section class=\"av_textblock_section \"  itemscope=\"itemscope\" itemtype=\"https:\/\/schema.org\/BlogPosting\" itemprop=\"blogPost\" ><div class='avia_textblock  '   itemprop=\"text\" ><p style=\"text-align: center;\"><span style=\"font-size: 18pt;\"><b>Se adelantar\u00e1n trabajos de mantenimiento de nave Queulat<\/b><\/span><\/p>\n<div id=\"gtx-trans\" style=\"position: absolute; left: -50px; top: 4.31534px;\">\n<div class=\"gtx-trans-icon\"><\/div>\n<\/div>\n<\/div><\/section><\/div>\n<div class=\"flex_column av_one_full  flex_column_div av-zero-column-padding first  avia-builder-el-4  el_after_av_one_full  el_before_av_hr  column-top-margin\" style='border-radius:0px; '><section class=\"av_textblock_section \"  itemscope=\"itemscope\" itemtype=\"https:\/\/schema.org\/BlogPosting\" itemprop=\"blogPost\" ><div class='avia_textblock  '   itemprop=\"text\" ><p style=\"text-align: justify;\">Luego de que la barcaza subvencionada presentara un desperfecto en una de las h\u00e9lices se decidi\u00f3 anticipar las faenas de mantenimiento general o carena.<\/p>\n<p style=\"text-align: justify;\">En su reemplazo se dispuso temporalmente la embarcaci\u00f3n Trehuaco y a partir de este s\u00e1bado iniciar\u00e1 su operaci\u00f3n en la Ruta Cordillera la nave Don Beto.<\/p>\n<p style=\"font-weight: 400; text-align: justify;\">Se anticip\u00f3 la carena o trabajos de mantenimiento general, de la barcaza Queulat, encargada de hacer el recorrido mar\u00edtimo subvencionado Ruta Cordillera. Si bien estas obras estaban programadas para el mes de agosto, se determin\u00f3 iniciar con la carena luego del acorbatamiento que dificult\u00f3 el funcionamiento de una de las h\u00e9lices del nav\u00edo.<\/p>\n<p style=\"font-weight: 400; text-align: justify;\">\u201cProducto del acorbatamiento que tuvo la barcaza Queulat se incorpor\u00f3 en forma temporal la nave Trehuaco que reemplaz\u00f3 a esta embarcaci\u00f3n en la ruta Quell\u00f3n \u2013 Melinka \u2013 Puerto Cisnes, durante la semana pasada. Teniendo presente lo anterior, se decidi\u00f3 que\u00a0 la carena se adelantara producto de esta salida de la ruta por las reparaciones del acorbatamiento. De esta forma pretendemos no prolongar excesivamente el tiempo que esta barcaza est\u00e9 afuera para realizar estas labores, tanto mec\u00e1nicas como de carena\u201d, explic\u00f3 el seremiTT Fabi\u00e1n Rojas.<\/p>\n<p style=\"font-weight: 400; text-align: justify;\">Con el fin de mantener las condiciones de conectividad en el litoral norte de la regi\u00f3n de Ays\u00e9n, en reemplazo de la Queulat operar\u00e1 la nave Jacaf, en la Ruta Cordillera \u201ccorta\u201d (Quell\u00f3n \u2013 Melinka \u2013 Puerto Cisnes). Luego de la revisi\u00f3n de la autoridad mar\u00edtima, en lugar de Trehuaco, el nav\u00edo Don Beto realizar\u00e1 la operaci\u00f3n de la Ruta Cordillera a partir de este s\u00e1bado 24 de julio.<\/p>\n<p style=\"font-weight: 400; text-align: justify;\">Al respecto el seremi indic\u00f3 que \u201cde esta forma tambi\u00e9n se da posibilidad a que nuestros transportistas que vienen y hacen un mayor uso de la ruta el d\u00eda s\u00e1bado, tengan m\u00e1s metros lineales disponibles para llegar a Ays\u00e9n\u201d.<\/p>\n<\/div><\/section><\/div><div  style='height:50px' class='hr hr-invisible   avia-builder-el-6  el_after_av_one_full  el_before_av_social_share '><span class='hr-inner ' ><span class='hr-inner-style'><\/span><\/span><\/div><\/p>\n<div  class='av-social-sharing-box  avia-builder-el-7  el_after_av_hr  el_before_av_hr  '><div class='av-share-box'><h5 class='av-share-link-description av-no-toc '>Compartir esta noticia<\/h5><ul class='av-share-box-list noLightbox'><li class='av-share-link av-social-link-facebook' ><a target=\"_blank\" aria-label=\"Compartir en Facebook\" href='https:\/\/www.facebook.com\/sharer.php?u=https:\/\/radiorevelacionfm.cl\/?p=6584&#038;t=Se%20adelantar%C3%A1n%20trabajos%20de%20mantenimiento%20de%20nave%20Queulat' aria-hidden='false' data-av_icon='\ue8f3' data-av_iconfont='entypo-fontello' title='' data-avia-related-tooltip='Compartir en Facebook' rel=\"noopener\"><span class='avia_hidden_link_text'>Compartir en Facebook<\/span><\/a><\/li><li class='av-share-link av-social-link-twitter' ><a target=\"_blank\" aria-label=\"Compartir en Twitter\" href='https:\/\/twitter.com\/share?text=Se%20adelantar%C3%A1n%20trabajos%20de%20mantenimiento%20de%20nave%20Queulat&#038;url=https:\/\/radiorevelacionfm.cl\/?p=6584' aria-hidden='false' data-av_icon='\ue8f1' data-av_iconfont='entypo-fontello' title='' data-avia-related-tooltip='Compartir en Twitter' rel=\"noopener\"><span class='avia_hidden_link_text'>Compartir en Twitter<\/span><\/a><\/li><li class='av-share-link av-social-link-whatsapp' ><a target=\"_blank\" aria-label=\"Compartir en Whatsapp\" href='https:\/\/api.whatsapp.com\/send?text=https:\/\/radiorevelacionfm.cl\/?p=6584' aria-hidden='false' data-av_icon='\uf232' data-av_iconfont='entypo-fontello' title='' data-avia-related-tooltip='Compartir en Whatsapp' rel=\"noopener\"><span class='avia_hidden_link_text'>Compartir en Whatsapp<\/span><\/a><\/li><li class='av-share-link av-social-link-linkedin' ><a target=\"_blank\" aria-label=\"Compartir en LinkedIn\" href='https:\/\/linkedin.com\/shareArticle?mini=true&#038;title=Se%20adelantar%C3%A1n%20trabajos%20de%20mantenimiento%20de%20nave%20Queulat&#038;url=https:\/\/radiorevelacionfm.cl\/?p=6584' aria-hidden='false' data-av_icon='\ue8fc' data-av_iconfont='entypo-fontello' title='' data-avia-related-tooltip='Compartir en LinkedIn' rel=\"noopener\"><span class='avia_hidden_link_text'>Compartir en LinkedIn<\/span><\/a><\/li><li class='av-share-link av-social-link-mail' ><a  aria-label=\"Compartir por correo\" href='mailto:?subject=Se%20adelantar%C3%A1n%20trabajos%20de%20mantenimiento%20de%20nave%20Queulat&#038;body=https:\/\/radiorevelacionfm.cl\/?p=6584' aria-hidden='false' data-av_icon='\ue805' data-av_iconfont='entypo-fontello' title='' data-avia-related-tooltip='Compartir por correo'><span class='avia_hidden_link_text'>Compartir por correo<\/span><\/a><\/li><\/ul><\/div><\/div>\n<div  style='height:50px' class='hr hr-invisible   avia-builder-el-8  el_after_av_social_share  el_before_av_comments_list '><span class='hr-inner ' ><span class='hr-inner-style'><\/span><\/span><\/div>\n<div  class='av-buildercomment  av-blog-meta-html-info-disabled av-blog-meta-tag-disabled  '><\/div>\n","protected":false},"excerpt":{"rendered":"","protected":false},"author":1,"featured_media":6585,"comment_status":"open","ping_status":"open","sticky":false,"template":"","format":"standard","meta":{"footnotes":""},"categories":[59],"tags":[],"class_list":["post-6584","post","type-post","status-publish","format-standard","has-post-thumbnail","hentry","category-transporte"],"jetpack_featured_media_url":"https:\/\/radiorevelacionfm.cl\/wp-content\/uploads\/2021\/07\/dji_0009-1_optimized.jpg","_links":{"self":[{"href":"https:\/\/radiorevelacionfm.cl\/index.php?rest_route=\/wp\/v2\/posts\/6584","targetHints":{"allow":["GET"]}}],"collection":[{"href":"https:\/\/radiorevelacionfm.cl\/index.php?rest_route=\/wp\/v2\/posts"}],"about":[{"href":"https:\/\/radiorevelacionfm.cl\/index.php?rest_route=\/wp\/v2\/types\/post"}],"author":[{"embeddable":true,"href":"https:\/\/radiorevelacionfm.cl\/index.php?rest_route=\/wp\/v2\/users\/1"}],"replies":[{"embeddable":true,"href":"https:\/\/radiorevelacionfm.cl\/index.php?rest_route=%2Fwp%2Fv2%2Fcomments&post=6584"}],"version-history":[{"count":2,"href":"https:\/\/radiorevelacionfm.cl\/index.php?rest_route=\/wp\/v2\/posts\/6584\/revisions"}],"predecessor-version":[{"id":6587,"href":"https:\/\/radiorevelacionfm.cl\/index.php?rest_route=\/wp\/v2\/posts\/6584\/revisions\/6587"}],"wp:featuredmedia":[{"embeddable":true,"href":"https:\/\/radiorevelacionfm.cl\/index.php?rest_route=\/wp\/v2\/media\/6585"}],"wp:attachment":[{"href":"https:\/\/radiorevelacionfm.cl\/index.php?rest_route=%2Fwp%2Fv2%2Fmedia&parent=6584"}],"wp:term":[{"taxonomy":"category","embeddable":true,"href":"https:\/\/radiorevelacionfm.cl\/index.php?rest_route=%2Fwp%2Fv2%2Fcategories&post=6584"},{"taxonomy":"post_tag","embeddable":true,"href":"https:\/\/radiorevelacionfm.cl\/index.php?rest_route=%2Fwp%2Fv2%2Ftags&post=6584"}],"curies":[{"name":"wp","href":"https:\/\/api.w.org\/{rel}","templated":true}]}}