{"id":65829,"date":"2026-04-08T18:11:59","date_gmt":"2026-04-08T21:11:59","guid":{"rendered":"https:\/\/radiorevelacionfm.cl\/?p=65829"},"modified":"2026-04-08T18:11:59","modified_gmt":"2026-04-08T21:11:59","slug":"red-asistencial-del-servicio-de-salud-aysen-suma-24-nuevas-medicas-y-medicos","status":"publish","type":"post","link":"https:\/\/radiorevelacionfm.cl\/?p=65829","title":{"rendered":"Red Asistencial del Servicio de Salud Ays\u00e9n suma 24 nuevas m\u00e9dicas y m\u00e9dicos"},"content":{"rendered":"<div class=\"flex_column av_one_full  flex_column_div av-zero-column-padding first  avia-builder-el-0  el_before_av_one_full  avia-builder-el-first  \" style='border-radius:0px; '><div  class='avia-image-container  av-styling-    avia-builder-el-1  avia-builder-el-no-sibling  avia-align-center '  itemprop=\"image\" itemscope=\"itemscope\" itemtype=\"https:\/\/schema.org\/ImageObject\"  ><div class='avia-image-container-inner'><div class='avia-image-overlay-wrap'><img decoding=\"async\" class='wp-image-65830 avia-img-lazy-loading-not-65830 avia_image' src=\"https:\/\/radiorevelacionfm.cl\/wp-content\/uploads\/2026\/04\/edf-1-1_optimized-1.jpeg\" alt='' title='edf-1-(1)_optimized (1)' height=\"600\" width=\"901\"  itemprop=\"thumbnailUrl\" srcset=\"https:\/\/radiorevelacionfm.cl\/wp-content\/uploads\/2026\/04\/edf-1-1_optimized-1.jpeg 901w, https:\/\/radiorevelacionfm.cl\/wp-content\/uploads\/2026\/04\/edf-1-1_optimized-1-300x200.jpeg 300w, https:\/\/radiorevelacionfm.cl\/wp-content\/uploads\/2026\/04\/edf-1-1_optimized-1-768x511.jpeg 768w, https:\/\/radiorevelacionfm.cl\/wp-content\/uploads\/2026\/04\/edf-1-1_optimized-1-705x469.jpeg 705w, https:\/\/radiorevelacionfm.cl\/wp-content\/uploads\/2026\/04\/edf-1-1_optimized-1-450x300.jpeg 450w, https:\/\/radiorevelacionfm.cl\/wp-content\/uploads\/2026\/04\/edf-1-1_optimized-1-600x400.jpeg 600w\" sizes=\"(max-width: 901px) 100vw, 901px\" \/><\/div><\/div><\/div><\/div><div class=\"flex_column av_one_full  flex_column_div av-zero-column-padding first  avia-builder-el-2  el_after_av_one_full  el_before_av_one_full  column-top-margin\" style='border-radius:0px; '><section class=\"av_textblock_section \"  itemscope=\"itemscope\" itemtype=\"https:\/\/schema.org\/BlogPosting\" itemprop=\"blogPost\" ><div class='avia_textblock  '   itemprop=\"text\" ><p style=\"text-align: center;\"><span style=\"font-size: 18pt;\"><span style=\"font-family: tahoma, sans-serif;\"><b><span lang=\"ES-MX\">R<\/span><\/b><\/span><b><span lang=\"ES-MX\">ed Asistencial del Servicio de Salud Ays\u00e9n suma 24 nuevas m\u00e9dicas y m\u00e9dicos<\/span><\/b><\/span><\/p>\n<div id=\"gtx-trans\" style=\"position: absolute; left: -50px; top: 4.31534px;\">\n<div class=\"gtx-trans-icon\"><\/div>\n<\/div>\n<\/div><\/section><\/div><div class=\"flex_column av_one_full  flex_column_div av-zero-column-padding first  avia-builder-el-4  el_after_av_one_full  el_before_av_hr  column-top-margin\" style='border-radius:0px; '><section class=\"av_textblock_section \"  itemscope=\"itemscope\" itemtype=\"https:\/\/schema.org\/BlogPosting\" itemprop=\"blogPost\" ><div class='avia_textblock  '   itemprop=\"text\" ><p style=\"font-weight: 400; text-align: justify;\"><em>La llegada de los profesionales permitir\u00e1 avanzar en cobertura continua en localidades con brechas hist\u00f3ricas de acceso, fortaleciendo la Atenci\u00f3n Primaria y hospitalaria en la regi\u00f3n.<\/em><\/p>\n<p style=\"font-weight: 400; text-align: justify;\">Un total de 24 m\u00e9dicos cirujanos se incorporaron a la red asistencial del Servicio de Salud Ays\u00e9n (SSA), en el marco del programa de Etapa de Destinaci\u00f3n y Formaci\u00f3n (EDF), iniciativa orientada a fortalecer la atenci\u00f3n en territorios con dificultades de acceso.<\/p>\n<p style=\"font-weight: 400; text-align: justify;\">La presentaci\u00f3n de los profesionales se realiz\u00f3 en la Direcci\u00f3n del SSA, como parte de las jornadas de inducci\u00f3n laboral contempladas en la Ley 19.664, instancia que marca el inicio de sus funciones en hospitales comunitarios, centros de salud familiar y postas rurales de la regi\u00f3n.<\/p>\n<p style=\"font-weight: 400; text-align: justify;\">Durante la actividad, la delegada presidencial regional, Luz Mar\u00eda Vicu\u00f1a, destac\u00f3 el impacto de esta incorporaci\u00f3n en la comunidad, se\u00f1alando \u201ces una grata noticia recibir a estos 24 m\u00e9dicos cirujanos; se ven j\u00f3venes, pero son todos muy calificados, est\u00e1n aqu\u00ed dispuestos a trabajar para la regi\u00f3n de Ays\u00e9n. Con esta dotaci\u00f3n, que hoy d\u00eda son siete m\u00e1s de lo que recibimos habitualmente, vamos a poder completar turnos 24\/7 en localidades como: Melinka, Ma\u00f1ihuales y La Junta\u201d.<\/p>\n<p style=\"font-weight: 400; text-align: justify;\">En la misma l\u00ednea, el secretario regional ministerial de Salud, Jorge P\u00e9rez Urra, relev\u00f3 el rol estructural del programa EDF, manifestando.<\/p>\n<p style=\"font-weight: 400; text-align: justify;\">\u201cEsto viene a reforzar los sistemas sanitarios regionales, como parte de una pol\u00edtica ministerial, que lleva un buen tiempo implement\u00e1ndose con los m\u00e9dicos en Etapa de Destinaci\u00f3n y Formaci\u00f3n, d\u00e1ndoles m\u00e1s posibilidades a las comunidades, que puedan contar con equipos de profesionales formados que sigan despu\u00e9s su especializaci\u00f3n, pasados los 3 a 6 a\u00f1os de este periodo\u201d, dijo.<\/p>\n<p style=\"font-weight: 400; text-align: justify;\">Por su parte, el director del Servicio de Salud Ays\u00e9n, Juan Pablo Bravo Quintana, enfatiz\u00f3 el impacto operativo que tendr\u00e1 la llegada de estos profesionales a localidades que demandan mayor resolutividad en la atenci\u00f3n.<\/p>\n<p style=\"font-weight: 400; text-align: justify;\">\u201cReforzar atenciones como en Puerto Chacabuco, donde ya no habr\u00e1 un solo m\u00e9dico, mediante una expansi\u00f3n de cargo. Recordemos que el a\u00f1o pasado lleg\u00f3 un m\u00e9dico extra a Cochrane, para reforzar Tortel y O\u2019Higgins y as\u00ed tambi\u00e9n estamos levantando las necesidades que tambi\u00e9n tienen nuestros usuarios y funcionarios para brindar una excelente atenci\u00f3n\u201d, enfatiz\u00f3 la autoridad de la red asistencial.<\/p>\n<p style=\"font-weight: 400; text-align: justify;\">Los nuevos m\u00e9dicos fueron distribuidos en los hospitales de Cochrane y Dr. Leopoldo Ortega Rodr\u00edguez de Chile Chico, as\u00ed como en las Postas de Salud Rural de Melinka, Puerto Guadal, Caleta Tortel, Villa Amengual y R\u00edo Ib\u00e1\u00f1ez, y en establecimientos de Atenci\u00f3n Primaria como los CESFAM de Puerto Ays\u00e9n y La Junta, junto a los CECOSF de Villa Ma\u00f1ihuales y Puerto Chacabuco.<\/p>\n<p style=\"font-weight: 400; text-align: justify;\">Esta distribuci\u00f3n prioriza territorios con mayor aislamiento geogr\u00e1fico, lo que permitir\u00e1 fortalecer la resolutividad local, reducir derivaciones y optimizar el funcionamiento de la red asistencial.<\/p>\n<p style=\"font-weight: 400; text-align: justify;\"><strong>Testimonios de los m\u00e9dicos<\/strong><\/p>\n<p style=\"font-weight: 400; text-align: justify;\">Al cierre de la actividad, algunos de los profesionales que se integran a la red compartieron sus impresiones frente a este nuevo desaf\u00edo.<\/p>\n<p style=\"font-weight: 400; text-align: justify;\">Aziel Soto Molina, quien es oriundo de Puerto Ays\u00e9n, cont\u00f3 parte de su desarrollo estudiantil y lo que espera en esta nueva etapa como profesional.<\/p>\n<p style=\"font-weight: 400; text-align: justify;\">\u201cEstudi\u00e9 en la escuela Litoral Austral, y en el Liceo San Jos\u00e9 la ense\u00f1anza media y ahora gracias a este programa de destinaci\u00f3n y formaci\u00f3n, regreso a la Regi\u00f3n, a trabajar en el CESFAM de Puerto Ays\u00e9n, y as\u00ed poder contribuir lo aprendido con la comunidad\u201d, se\u00f1al\u00f3 Soto.<\/p>\n<p style=\"font-weight: 400; text-align: justify;\">En tanto, Javiera Arancibia, quien viene desde la Regi\u00f3n Metropolitana, para desempe\u00f1arse en el CECOSF de Villa Ma\u00f1ihuales, destac\u00f3 el componente humano de la experiencia.<\/p>\n<p style=\"font-weight: 400; text-align: justify;\">\u201cSabemos que hay un aumento en la dotaci\u00f3n de m\u00e9dicos y estamos muy expectantes y contentos por esta oportunidad de trabajo y de tener una buena comunicaci\u00f3n con la comunidad de Ma\u00f1ihuales; nosotros somos 5 m\u00e9dicos nuevos y esperamos que sean unos a\u00f1os de formaci\u00f3n muy bonitos\u201d, coment\u00f3 Arancibia, agregando que se han ido maravillando con los paisajes de la Regi\u00f3n.<\/p>\n<p style=\"font-weight: 400; text-align: justify;\"><strong>Contexto del programa<\/strong><\/p>\n<p style=\"font-weight: 400; text-align: justify;\">El programa EDF forma parte del Plan de Ingreso, Formaci\u00f3n y Retenci\u00f3n de Especialistas del Ministerio de Salud, cuyo objetivo es asegurar la presencia de profesionales en zonas extremas o rurales, combinando el ejercicio cl\u00ednico con la posibilidad de especializaci\u00f3n futura.<\/p>\n<p style=\"font-weight: 400; text-align: justify;\">Con esta incorporaci\u00f3n, la red del Servicio de Salud Ays\u00e9n alcanza un total de 77 m\u00e9dicos en etapa de destinaci\u00f3n, consolidando una estrategia que busca mejorar el acceso, la continuidad de la atenci\u00f3n y la equidad territorial en salud.<\/p>\n<\/div><\/section><\/div><div  style='height:50px' class='hr hr-invisible   avia-builder-el-6  el_after_av_one_full  el_before_av_social_share '><span class='hr-inner ' ><span class='hr-inner-style'><\/span><\/span><\/div><\/p>\n<div  class='av-social-sharing-box  avia-builder-el-7  el_after_av_hr  el_before_av_hr  '><div class='av-share-box'><h5 class='av-share-link-description av-no-toc '>Compartir esta noticia<\/h5><ul class='av-share-box-list noLightbox'><li class='av-share-link av-social-link-facebook' ><a target=\"_blank\" aria-label=\"Compartir en Facebook\" href='https:\/\/www.facebook.com\/sharer.php?u=https:\/\/radiorevelacionfm.cl\/?p=65829&#038;t=Red%20Asistencial%20del%20Servicio%20de%20Salud%20Ays%C3%A9n%20suma%2024%20nuevas%20m%C3%A9dicas%20y%20m%C3%A9dicos' aria-hidden='false' data-av_icon='\ue8f3' data-av_iconfont='entypo-fontello' title='' data-avia-related-tooltip='Compartir en Facebook' rel=\"noopener\"><span class='avia_hidden_link_text'>Compartir en Facebook<\/span><\/a><\/li><li class='av-share-link av-social-link-twitter' ><a target=\"_blank\" aria-label=\"Compartir en Twitter\" href='https:\/\/twitter.com\/share?text=Red%20Asistencial%20del%20Servicio%20de%20Salud%20Ays%C3%A9n%20suma%2024%20nuevas%20m%C3%A9dicas%20y%20m%C3%A9dicos&#038;url=https:\/\/radiorevelacionfm.cl\/?p=65829' aria-hidden='false' data-av_icon='\ue8f1' data-av_iconfont='entypo-fontello' title='' data-avia-related-tooltip='Compartir en Twitter' rel=\"noopener\"><span class='avia_hidden_link_text'>Compartir en Twitter<\/span><\/a><\/li><li class='av-share-link av-social-link-whatsapp' ><a target=\"_blank\" aria-label=\"Compartir en Whatsapp\" href='https:\/\/api.whatsapp.com\/send?text=https:\/\/radiorevelacionfm.cl\/?p=65829' aria-hidden='false' data-av_icon='\uf232' data-av_iconfont='entypo-fontello' title='' data-avia-related-tooltip='Compartir en Whatsapp' rel=\"noopener\"><span class='avia_hidden_link_text'>Compartir en Whatsapp<\/span><\/a><\/li><li class='av-share-link av-social-link-linkedin' ><a target=\"_blank\" aria-label=\"Compartir en LinkedIn\" href='https:\/\/linkedin.com\/shareArticle?mini=true&#038;title=Red%20Asistencial%20del%20Servicio%20de%20Salud%20Ays%C3%A9n%20suma%2024%20nuevas%20m%C3%A9dicas%20y%20m%C3%A9dicos&#038;url=https:\/\/radiorevelacionfm.cl\/?p=65829' aria-hidden='false' data-av_icon='\ue8fc' data-av_iconfont='entypo-fontello' title='' data-avia-related-tooltip='Compartir en LinkedIn' rel=\"noopener\"><span class='avia_hidden_link_text'>Compartir en LinkedIn<\/span><\/a><\/li><li class='av-share-link av-social-link-mail' ><a  aria-label=\"Compartir por correo\" href='mailto:?subject=Red%20Asistencial%20del%20Servicio%20de%20Salud%20Ays%C3%A9n%20suma%2024%20nuevas%20m%C3%A9dicas%20y%20m%C3%A9dicos&#038;body=https:\/\/radiorevelacionfm.cl\/?p=65829' aria-hidden='false' data-av_icon='\ue805' data-av_iconfont='entypo-fontello' title='' data-avia-related-tooltip='Compartir por correo'><span class='avia_hidden_link_text'>Compartir por correo<\/span><\/a><\/li><\/ul><\/div><\/div>\n<div  style='height:50px' class='hr hr-invisible   avia-builder-el-8  el_after_av_social_share  el_before_av_comments_list '><span class='hr-inner ' ><span class='hr-inner-style'><\/span><\/span><\/div>\n<div  class='av-buildercomment  av-blog-meta-html-info-disabled av-blog-meta-tag-disabled  '><\/div>\n","protected":false},"excerpt":{"rendered":"","protected":false},"author":1,"featured_media":65830,"comment_status":"closed","ping_status":"closed","sticky":false,"template":"","format":"standard","meta":{"footnotes":""},"categories":[46],"tags":[],"class_list":["post-65829","post","type-post","status-publish","format-standard","has-post-thumbnail","hentry","category-salud"],"jetpack_featured_media_url":"https:\/\/radiorevelacionfm.cl\/wp-content\/uploads\/2026\/04\/edf-1-1_optimized-1.jpeg","_links":{"self":[{"href":"https:\/\/radiorevelacionfm.cl\/index.php?rest_route=\/wp\/v2\/posts\/65829","targetHints":{"allow":["GET"]}}],"collection":[{"href":"https:\/\/radiorevelacionfm.cl\/index.php?rest_route=\/wp\/v2\/posts"}],"about":[{"href":"https:\/\/radiorevelacionfm.cl\/index.php?rest_route=\/wp\/v2\/types\/post"}],"author":[{"embeddable":true,"href":"https:\/\/radiorevelacionfm.cl\/index.php?rest_route=\/wp\/v2\/users\/1"}],"replies":[{"embeddable":true,"href":"https:\/\/radiorevelacionfm.cl\/index.php?rest_route=%2Fwp%2Fv2%2Fcomments&post=65829"}],"version-history":[{"count":2,"href":"https:\/\/radiorevelacionfm.cl\/index.php?rest_route=\/wp\/v2\/posts\/65829\/revisions"}],"predecessor-version":[{"id":65832,"href":"https:\/\/radiorevelacionfm.cl\/index.php?rest_route=\/wp\/v2\/posts\/65829\/revisions\/65832"}],"wp:featuredmedia":[{"embeddable":true,"href":"https:\/\/radiorevelacionfm.cl\/index.php?rest_route=\/wp\/v2\/media\/65830"}],"wp:attachment":[{"href":"https:\/\/radiorevelacionfm.cl\/index.php?rest_route=%2Fwp%2Fv2%2Fmedia&parent=65829"}],"wp:term":[{"taxonomy":"category","embeddable":true,"href":"https:\/\/radiorevelacionfm.cl\/index.php?rest_route=%2Fwp%2Fv2%2Fcategories&post=65829"},{"taxonomy":"post_tag","embeddable":true,"href":"https:\/\/radiorevelacionfm.cl\/index.php?rest_route=%2Fwp%2Fv2%2Ftags&post=65829"}],"curies":[{"name":"wp","href":"https:\/\/api.w.org\/{rel}","templated":true}]}}