{"id":65822,"date":"2026-04-08T16:27:53","date_gmt":"2026-04-08T19:27:53","guid":{"rendered":"https:\/\/radiorevelacionfm.cl\/?p=65822"},"modified":"2026-04-08T16:27:53","modified_gmt":"2026-04-08T19:27:53","slug":"novedades-para-el-programa-de-recambio-de-calefactores-en-puerto-aysen-cochrane-y-coyhaique","status":"publish","type":"post","link":"https:\/\/radiorevelacionfm.cl\/?p=65822","title":{"rendered":"Novedades para el programa de recambio de calefactores en Puerto Ays\u00e9n, Cochrane y Coyhaique"},"content":{"rendered":"<div class=\"flex_column av_one_full  flex_column_div av-zero-column-padding first  avia-builder-el-0  el_before_av_one_full  avia-builder-el-first  \" style='border-radius:0px; '><div  class='avia-image-container  av-styling-    avia-builder-el-1  avia-builder-el-no-sibling  avia-align-center '  itemprop=\"image\" itemscope=\"itemscope\" itemtype=\"https:\/\/schema.org\/ImageObject\"  ><div class='avia-image-container-inner'><div class='avia-image-overlay-wrap'><img decoding=\"async\" class='wp-image-65823 avia-img-lazy-loading-not-65823 avia_image' src=\"https:\/\/radiorevelacionfm.cl\/wp-content\/uploads\/2026\/04\/recambio-4-5-3-2_optimized.jpg\" alt='' title='recambio-4-(5)-(3)-(2)_optimized' height=\"600\" width=\"990\"  itemprop=\"thumbnailUrl\" srcset=\"https:\/\/radiorevelacionfm.cl\/wp-content\/uploads\/2026\/04\/recambio-4-5-3-2_optimized.jpg 990w, https:\/\/radiorevelacionfm.cl\/wp-content\/uploads\/2026\/04\/recambio-4-5-3-2_optimized-300x182.jpg 300w, https:\/\/radiorevelacionfm.cl\/wp-content\/uploads\/2026\/04\/recambio-4-5-3-2_optimized-768x465.jpg 768w, https:\/\/radiorevelacionfm.cl\/wp-content\/uploads\/2026\/04\/recambio-4-5-3-2_optimized-705x427.jpg 705w, https:\/\/radiorevelacionfm.cl\/wp-content\/uploads\/2026\/04\/recambio-4-5-3-2_optimized-450x273.jpg 450w, https:\/\/radiorevelacionfm.cl\/wp-content\/uploads\/2026\/04\/recambio-4-5-3-2_optimized-600x364.jpg 600w\" sizes=\"(max-width: 990px) 100vw, 990px\" \/><\/div><\/div><\/div><\/div><div class=\"flex_column av_one_full  flex_column_div av-zero-column-padding first  avia-builder-el-2  el_after_av_one_full  el_before_av_one_full  column-top-margin\" style='border-radius:0px; '><section class=\"av_textblock_section \"  itemscope=\"itemscope\" itemtype=\"https:\/\/schema.org\/BlogPosting\" itemprop=\"blogPost\" ><div class='avia_textblock  '   itemprop=\"text\" ><p style=\"text-align: center;\"><strong><span style=\"font-size: 18pt;\">Novedades para el programa de recambio de calefactores en Puerto Ays\u00e9n, Cochrane y Coyhaique<\/span><\/strong><\/p>\n<div id=\"gtx-trans\" style=\"position: absolute; left: -50px; top: 4.31534px;\">\n<div class=\"gtx-trans-icon\"><\/div>\n<\/div>\n<\/div><\/section><\/div><div class=\"flex_column av_one_full  flex_column_div av-zero-column-padding first  avia-builder-el-4  el_after_av_one_full  el_before_av_hr  column-top-margin\" style='border-radius:0px; '><section class=\"av_textblock_section \"  itemscope=\"itemscope\" itemtype=\"https:\/\/schema.org\/BlogPosting\" itemprop=\"blogPost\" ><div class='avia_textblock  '   itemprop=\"text\" ><p style=\"text-align: justify;\">Este martes 7 de abril se public\u00f3 la lista de seleccionados al programa de recambio de calefactores en las ciudades de Puerto Ays\u00e9n y Cochrane, la n\u00f3mina est\u00e1 disponible en la p\u00e1gina web calefactores.mma.gob.cl y quienes hayan sido beneficiados por el programa, tendr\u00e1n plazo hasta el 21 de abril para realizar el copago de $50.000 y activar as\u00ed su recambio.<\/p>\n<p style=\"text-align: justify;\"><strong>\u201cEl programa de recambio de calefactores sigue avanzando en nuestra regi\u00f3n, sabemos que es una medida esperada por nuestras familias y hoy damos un paso concreto, llamando a las y los beneficiarios de las ciudades de Cochrane y Puerto Ays\u00e9n que apostaron por calefacci\u00f3n sustentable, a quienes agradecemos su compromiso con una mejora calidad del aire para todos y todas\u201d,<\/strong> se\u00f1al\u00f3 el SEREMI del Medio Ambiente Eugenio Canales.<\/p>\n<p style=\"text-align: justify;\">Para avanzar en el proceso de la medida financiada por el Gobierno Regional de Ays\u00e9n, y ejecutada por la SEREMI del Medio Ambiente, las y los seleccionados recibieron adem\u00e1s un correo con la informaci\u00f3n necesaria para realizar el copago al correo electr\u00f3nico que indicaron en su postulaci\u00f3n. La transacci\u00f3n deber\u00e1 realizarse mediante transferencia electr\u00f3nica o deposito a los datos indicados en el correo personalizado.\u00a0 Una vez finalizado el periodo de copago, la empresa instaladora contar\u00e1 con 2 semanas para coordinar la agenda de instalaciones.<\/p>\n<p style=\"text-align: justify;\"><strong>Llamados continuos en Coyhaique<\/strong><\/p>\n<p style=\"text-align: justify;\">Respecto a la nueva modalidad del programa de recambio en Coyhaique, la autoridad ambiental comparti\u00f3 los avances de los \u00faltimos llamados al programa <strong>\u201crecordar a la comunidad que el programa de recambio se encuentra con un llamado abierto en las l\u00edneas pellet y aire acondicionado, el que estar\u00e1 disponible hasta el d\u00eda viernes 17 de abril\u201d<\/strong>, recalc\u00f3 Eugenio Canales, detallando adem\u00e1s el proceso de cada ciclo activo.<\/p>\n<p style=\"text-align: justify;\">Aquellas personas que postularon en el primer ciclo, correspondiente a noviembre de 2025, las instalaciones comenzar\u00e1n esta semana, por cuanto invitaron a los beneficiarios a mantenerse atentos al llamado de coordinaci\u00f3n por parte de la empresa instaladora.<\/p>\n<p style=\"text-align: justify;\">Para los postulantes del segundo ciclo, es decir aquellos que postularon al recambio en diciembre de 2025 y enero de 2026, la autoridad anunci\u00f3 que la lista de seleccionados se publicar\u00e1 el d\u00eda 13 de abril, recordando a los participantes que, de encontrarse en la lista, recibir\u00e1n un correo electr\u00f3nico con las indicaciones para realizar el copago.<\/p>\n<p style=\"text-align: justify;\">En el caso de Coyhaique, el copago de $50.000 podr\u00e1 realizarse en la oficina del recambio ubicada en Errazuriz 514, en efectivo, d\u00e9bito o cr\u00e9dito y por transferencia electr\u00f3nica. El periodo para hacer este tr\u00e1mite es desde el 14 de abril al 5 de mayo.<\/p>\n<p style=\"text-align: justify;\">As\u00ed tambi\u00e9n el SEREMI inform\u00f3 que aquellos que postularon en el tercer ciclo, durante febrero, se encuentran en proceso de validaci\u00f3n de antecedentes y llam\u00f3 a los preseleccionados a revisar el correo que entregaron para su postulaci\u00f3n, donde se les solicitar\u00e1n nuevos antecedentes que deber\u00e1n enviar antes del 18 de mayo de 2026.<\/p>\n<\/div><\/section><\/div><div  style='height:50px' class='hr hr-invisible   avia-builder-el-6  el_after_av_one_full  el_before_av_social_share '><span class='hr-inner ' ><span class='hr-inner-style'><\/span><\/span><\/div><\/p>\n<div  class='av-social-sharing-box  avia-builder-el-7  el_after_av_hr  el_before_av_hr  '><div class='av-share-box'><h5 class='av-share-link-description av-no-toc '>Compartir esta noticia<\/h5><ul class='av-share-box-list noLightbox'><li class='av-share-link av-social-link-facebook' ><a target=\"_blank\" aria-label=\"Compartir en Facebook\" href='https:\/\/www.facebook.com\/sharer.php?u=https:\/\/radiorevelacionfm.cl\/?p=65822&#038;t=Novedades%20para%20el%20programa%20de%20recambio%20de%20calefactores%20en%20Puerto%20Ays%C3%A9n%2C%20Cochrane%20y%20Coyhaique' aria-hidden='false' data-av_icon='\ue8f3' data-av_iconfont='entypo-fontello' title='' data-avia-related-tooltip='Compartir en Facebook' rel=\"noopener\"><span class='avia_hidden_link_text'>Compartir en Facebook<\/span><\/a><\/li><li class='av-share-link av-social-link-twitter' ><a target=\"_blank\" aria-label=\"Compartir en Twitter\" href='https:\/\/twitter.com\/share?text=Novedades%20para%20el%20programa%20de%20recambio%20de%20calefactores%20en%20Puerto%20Ays%C3%A9n%2C%20Cochrane%20y%20Coyhaique&#038;url=https:\/\/radiorevelacionfm.cl\/?p=65822' aria-hidden='false' data-av_icon='\ue8f1' data-av_iconfont='entypo-fontello' title='' data-avia-related-tooltip='Compartir en Twitter' rel=\"noopener\"><span class='avia_hidden_link_text'>Compartir en Twitter<\/span><\/a><\/li><li class='av-share-link av-social-link-whatsapp' ><a target=\"_blank\" aria-label=\"Compartir en Whatsapp\" href='https:\/\/api.whatsapp.com\/send?text=https:\/\/radiorevelacionfm.cl\/?p=65822' aria-hidden='false' data-av_icon='\uf232' data-av_iconfont='entypo-fontello' title='' data-avia-related-tooltip='Compartir en Whatsapp' rel=\"noopener\"><span class='avia_hidden_link_text'>Compartir en Whatsapp<\/span><\/a><\/li><li class='av-share-link av-social-link-linkedin' ><a target=\"_blank\" aria-label=\"Compartir en LinkedIn\" href='https:\/\/linkedin.com\/shareArticle?mini=true&#038;title=Novedades%20para%20el%20programa%20de%20recambio%20de%20calefactores%20en%20Puerto%20Ays%C3%A9n%2C%20Cochrane%20y%20Coyhaique&#038;url=https:\/\/radiorevelacionfm.cl\/?p=65822' aria-hidden='false' data-av_icon='\ue8fc' data-av_iconfont='entypo-fontello' title='' data-avia-related-tooltip='Compartir en LinkedIn' rel=\"noopener\"><span class='avia_hidden_link_text'>Compartir en LinkedIn<\/span><\/a><\/li><li class='av-share-link av-social-link-mail' ><a  aria-label=\"Compartir por correo\" href='mailto:?subject=Novedades%20para%20el%20programa%20de%20recambio%20de%20calefactores%20en%20Puerto%20Ays%C3%A9n%2C%20Cochrane%20y%20Coyhaique&#038;body=https:\/\/radiorevelacionfm.cl\/?p=65822' aria-hidden='false' data-av_icon='\ue805' data-av_iconfont='entypo-fontello' title='' data-avia-related-tooltip='Compartir por correo'><span class='avia_hidden_link_text'>Compartir por correo<\/span><\/a><\/li><\/ul><\/div><\/div>\n<div  style='height:50px' class='hr hr-invisible   avia-builder-el-8  el_after_av_social_share  el_before_av_comments_list '><span class='hr-inner ' ><span class='hr-inner-style'><\/span><\/span><\/div>\n<div  class='av-buildercomment  av-blog-meta-html-info-disabled av-blog-meta-tag-disabled  '><\/div>\n","protected":false},"excerpt":{"rendered":"","protected":false},"author":1,"featured_media":65823,"comment_status":"closed","ping_status":"closed","sticky":false,"template":"","format":"standard","meta":{"footnotes":""},"categories":[39],"tags":[],"class_list":["post-65822","post","type-post","status-publish","format-standard","has-post-thumbnail","hentry","category-medio-ambiente"],"jetpack_featured_media_url":"https:\/\/radiorevelacionfm.cl\/wp-content\/uploads\/2026\/04\/recambio-4-5-3-2_optimized.jpg","_links":{"self":[{"href":"https:\/\/radiorevelacionfm.cl\/index.php?rest_route=\/wp\/v2\/posts\/65822","targetHints":{"allow":["GET"]}}],"collection":[{"href":"https:\/\/radiorevelacionfm.cl\/index.php?rest_route=\/wp\/v2\/posts"}],"about":[{"href":"https:\/\/radiorevelacionfm.cl\/index.php?rest_route=\/wp\/v2\/types\/post"}],"author":[{"embeddable":true,"href":"https:\/\/radiorevelacionfm.cl\/index.php?rest_route=\/wp\/v2\/users\/1"}],"replies":[{"embeddable":true,"href":"https:\/\/radiorevelacionfm.cl\/index.php?rest_route=%2Fwp%2Fv2%2Fcomments&post=65822"}],"version-history":[{"count":2,"href":"https:\/\/radiorevelacionfm.cl\/index.php?rest_route=\/wp\/v2\/posts\/65822\/revisions"}],"predecessor-version":[{"id":65825,"href":"https:\/\/radiorevelacionfm.cl\/index.php?rest_route=\/wp\/v2\/posts\/65822\/revisions\/65825"}],"wp:featuredmedia":[{"embeddable":true,"href":"https:\/\/radiorevelacionfm.cl\/index.php?rest_route=\/wp\/v2\/media\/65823"}],"wp:attachment":[{"href":"https:\/\/radiorevelacionfm.cl\/index.php?rest_route=%2Fwp%2Fv2%2Fmedia&parent=65822"}],"wp:term":[{"taxonomy":"category","embeddable":true,"href":"https:\/\/radiorevelacionfm.cl\/index.php?rest_route=%2Fwp%2Fv2%2Fcategories&post=65822"},{"taxonomy":"post_tag","embeddable":true,"href":"https:\/\/radiorevelacionfm.cl\/index.php?rest_route=%2Fwp%2Fv2%2Ftags&post=65822"}],"curies":[{"name":"wp","href":"https:\/\/api.w.org\/{rel}","templated":true}]}}